{"id":10035,"date":"2021-09-08T16:47:34","date_gmt":"2021-09-08T15:47:34","guid":{"rendered":"https:\/\/cgt-bfc.fr\/?p=10035"},"modified":"2021-09-26T17:30:41","modified_gmt":"2021-09-26T16:30:41","slug":"10035","status":"publish","type":"post","link":"https:\/\/cgt-bfc.fr\/index.php\/2021\/09\/08\/10035\/","title":{"rendered":"T\u00e9l\u00e9travail, un an apr\u00e8s."},"content":{"rendered":"\n<h1 class=\"wp-block-heading\">Retex enqu\u00eate nationale sur le t\u00e9l\u00e9travail.<\/h1>\n\n\n\n<p>Apr\u00e8s sa grande enqu\u00eate sur le travail confin\u00e9, en avril 2020, l\u2019Ugict-CGT publie \u00ab <strong>T\u00e9l\u00e9travail, un an apr\u00e8s<\/strong> \u00bb. In\u00e9dite par son nombre de r\u00e9pondant\u00b7e\u00b7s (15 000) comme par son \u00e9tendue (plus de 100 questions), cette enqu\u00eate a \u00e9t\u00e9 construite et trait\u00e9e avec des statisticien\u00b7ne\u00b7s de la <strong>DARES<\/strong> et de la<strong> DREES <\/strong>notamment, et offre ainsi de nouvelles donn\u00e9es de r\u00e9f\u00e9rence sur le t\u00e9l\u00e9travail.<\/p>\n\n\n\n<h1 class=\"has-vivid-red-color has-text-color wp-block-heading\"><strong>Publication des r\u00e9sultats de l\u2019enqu\u00eate nationale sur le t\u00e9l\u00e9travail Communiqu\u00e9 de l\u2019UGICT CGT<\/strong><\/h1>\n\n\n\n<h2 class=\"wp-block-heading\"><a href=\"http:\/\/cgt-bfc.fr\/\/wp-content\/media\/T-nationale-6-sept-2021.pdf\">L&rsquo;enqu\u00eate en pdf : ICI<\/a><\/h2>\n\n\n\n<h2 class=\"wp-block-heading\" id=\"revue-de-presse\">On en parle ! revue de presse\u00a0:\u00a0<\/h2>\n\n\n\n<ul class=\"wp-block-list\"><li><strong>D\u00e9p\u00eache AFP&nbsp;:<\/strong><em><strong><br><a href=\"https:\/\/www.mediapart.fr\/journal\/fil-dactualites\/060921\/face-au-far-west-du-teletravail-la-cgt-demande-davantage-d-encadrement?onglet=full\">Face au \u00ab&nbsp;Far West&nbsp;\u00bb du t\u00e9l\u00e9travail, la CGT demande davantage d\u2019encadrement<\/a><br><\/strong><\/em>https:\/\/www.mediapart.fr\/journal\/fil-dactualites\/060921\/face-au-far-west-du-teletravail-la-cgt-demande-davantage-d-encadrement?onglet=full<\/li><li><strong>Le Parisien&nbsp;:<br><\/strong><em><strong><a href=\"https:\/\/www.leparisien.fr\/economie\/letude-qui-confirme-le-succes-fou-du-teletravail-sil-est-bien-encadre-05-09-2021-VXKEQW2MXJCNLE2C5QSTG3WUW4.php\" target=\"_blank\" rel=\"noreferrer noopener\">L\u2019\u00e9tude qui confirme le succ\u00e8s fou du t\u00e9l\u00e9travail\u2026 s\u2019il est bien encadr\u00e9&nbsp;<\/a><\/strong><\/em>https:\/\/www.leparisien.fr\/economie\/letude-qui-confirme-le-succes-fou-du-teletravail-sil-est-bien-encadre-05-09-2021-VXKEQW2MXJCNLE2C5QSTG3WUW4.php<\/li><li><strong>France Inter&nbsp;:&nbsp;<\/strong><em><strong><a href=\"https:\/\/www.franceinter.fr\/societe\/solitude-surcharge-de-travail-depression-ce-que-revele-la-grande-etude-de-la-cgt-sur-le-teletravail\" target=\"_blank\" rel=\"noreferrer noopener\">Solitude, surcharge de travail, d\u00e9pression&nbsp;: ce que r\u00e9v\u00e8le la grande \u00e9tude de la CGT sur le t\u00e9l\u00e9travail<\/a><\/strong><\/em><br>https:\/\/www.franceinter.fr\/societe\/solitude-surcharge-de-travail-depression-ce-que-revele-la-grande-etude-de-la-cgt-sur-le-teletravail<\/li><li><strong>Lib\u00e9ration<\/strong><br><em><strong><a href=\"https:\/\/www.liberation.fr\/economie\/social\/teletravail-du-far-west-a-lacquis-social-20210907_ON4AU763ZJBAFAAKQ6AX2M4KJA\/\">T\u00e9l\u00e9travail&nbsp;: du \u00ab&nbsp;Far West&nbsp;\u00bb \u00e0 l\u2019acquis social<br><\/a><\/strong><\/em>https:\/\/www.liberation.fr\/economie\/social\/teletravail-du-far-west-a-lacquis-social-20210907_ON4AU763ZJBAFAAKQ6AX2M4KJA\/<\/li><li><strong>L\u2019Humanit\u00e9&nbsp;:<\/strong><br><strong><em><a href=\"https:\/\/www.humanite.fr\/plus-dun-et-demi-apres-lirruption-du-covid-lentre-deux-pesant-du-teletravail-719132\">Plus d\u2019un an et demi apr\u00e8s l\u2019irruption du Covid, l\u2019entre-deux pesant du t\u00e9l\u00e9travail<\/a><\/em><\/strong>&nbsp;https:\/\/www.humanite.fr\/plus-dun-et-demi-apres-lirruption-du-covid-lentre-deux-pesant-du-teletravail-719132<br><em><strong><a href=\"https:\/\/www.humanite.fr\/teletravail-les-salaries-fixent-leurs-conditions-719309\">T\u00e9l\u00e9travail&nbsp;: les salari\u00e9s fixent leurs conditions<\/a><\/strong><\/em>https:\/\/www.humanite.fr\/teletravail-les-salaries-fixent-leurs-conditions-719309<br><em><strong><a href=\"https:\/\/www.humanite.fr\/teletravail-il-ny-avait-plus-de-separation-entre-ma-vie-professionnelle-et-personnelle-719318\">T\u00e9l\u00e9travail. \u00ab&nbsp;Il n\u2019y avait plus de s\u00e9paration entre ma vie professionnelle et personnelle&nbsp;\u00bb<\/a><\/strong><\/em>https:\/\/www.humanite.fr\/teletravail-il-ny-avait-plus-de-separation-entre-ma-vie-professionnelle-et-personnelle-719318<br><em><strong><a href=\"https:\/\/www.humanite.fr\/teletravail-pour-limiter-les-effets-nocifs-il-faut-passer-du-travail-domicile-contraint-au-vrai\">T\u00e9l\u00e9travail. \u00ab&nbsp;Pour limiter les effets nocifs, il faut passer du travail \u00e0 domicile contraint au vrai t\u00e9l\u00e9travail&nbsp;\u00bb<\/a><\/strong><\/em>https:\/\/www.humanite.fr\/teletravail-pour-limiter-les-effets-nocifs-il-faut-passer-du-travail-domicile-contraint-au-vrai<br><em><strong><a href=\"https:\/\/www.humanite.fr\/teletravail-jetais-beaucoup-moins-fatiguee-et-je-ne-me-sentais-pas-isolee-719312\">T\u00e9l\u00e9travail. \u00ab&nbsp;J\u2019\u00e9tais beaucoup moins fatigu\u00e9e et je ne me sentais pas isol\u00e9e&nbsp;\u00bb<\/a><\/strong><\/em>https:\/\/www.humanite.fr\/teletravail-jetais-beaucoup-moins-fatiguee-et-je-ne-me-sentais-pas-isolee-719312<br><em><strong><a href=\"https:\/\/www.humanite.fr\/teletravail-la-question-pourquoi-ne-rouvre-pas-est-le-fil-rouge-de-nos-discussions-virtuelles-719315\">T\u00e9l\u00e9travail. \u00ab&nbsp;La question \u201cpourquoi on ne rouvre pas&nbsp;?\u201d est le fil rouge de nos discussions virtuelles&nbsp;\u00bb<\/a><\/strong><\/em>https:\/\/www.humanite.fr\/teletravail-la-question-pourquoi-ne-rouvre-pas-est-le-fil-rouge-de-nos-discussions-virtuelles-719315<\/li><li><strong>France TV Info<\/strong><br><em><strong><a href=\"https:\/\/www.francetvinfo.fr\/economie\/emploi\/carriere\/vie-professionnelle\/sante-au-travail\/teletravail-ce-qu-il-faut-retenir-de-l-etude-de-la-cgt-qui-pointe-les-inconvenients-de-ce-nouveau-mode-d-organisation_4761699.html\" target=\"_blank\" rel=\"noreferrer noopener\">T\u00e9l\u00e9travail&nbsp;: ce qu\u2019il faut retenir de l\u2019\u00e9tude de la CGT, qui pointe les inconv\u00e9nients de ce nouveau mode d\u2019organisation<\/a><\/strong><\/em>https:\/\/www.francetvinfo.fr\/economie\/emploi\/carriere\/vie-professionnelle\/sante-au-travail\/teletravail-ce-qu-il-faut-retenir-de-l-etude-de-la-cgt-qui-pointe-les-inconvenients-de-ce-nouveau-mode-d-organisation_4761699.html<\/li><li><strong>France Bleu<\/strong><br><em><strong><a href=\"https:\/\/www.francebleu.fr\/infos\/societe\/les-francais-plebiscitent-le-teletravail-sous-conditions-1630904533\">T\u00e9l\u00e9travail&nbsp;: 98&nbsp;% des Fran\u00e7ais se prononcent en sa faveur mais pas dans n\u2019importe quelles conditions<\/a><\/strong><\/em>https:\/\/www.francebleu.fr\/infos\/societe\/les-francais-plebiscitent-le-teletravail-sous-conditions-1630904533<\/li><li><strong>Ouest France&nbsp;:<\/strong><br><em><strong><a href=\"https:\/\/www.ouest-france.fr\/economie\/emploi\/teletravail\/le-mode-du-teletravail-conquit-les-salaries-a-condition-qu-il-soit-bien-encadre-946a4698-0ecb-11ec-9a44-75f6deb9d765\" target=\"_blank\" rel=\"noreferrer noopener\">Le t\u00e9l\u00e9travail largement pl\u00e9biscit\u00e9 par les salari\u00e9s, \u00e0 condition qu\u2019il soit bien encadr\u00e9<\/a><\/strong><\/em><br>https:\/\/www.ouest-france.fr\/economie\/emploi\/teletravail\/le-mode-du-teletravail-conquit-les-salaries-a-condition-qu-il-soit-bien-encadre-946a4698-0ecb-11ec-9a44-75f6deb9d765<br><em><strong><a href=\"https:\/\/www.ouest-france.fr\/economie\/emploi\/teletravail\/equipements-frais-de-repas-les-surcouts-du-teletravail-trop-souvent-a-la-charge-des-salaries-6ed3ccee-0f37-11ec-9a44-75f6deb9d765\" target=\"_blank\" rel=\"noreferrer noopener\">\u00c9quipements, frais de repas\u2026 Les surco\u00fbts du t\u00e9l\u00e9travail trop souvent \u00e0 la charge des salari\u00e9s<\/a><\/strong><\/em><br>https:\/\/www.ouest-france.fr\/economie\/emploi\/teletravail\/equipements-frais-de-repas-les-surcouts-du-teletravail-trop-souvent-a-la-charge-des-salaries-6ed3ccee-0f37-11ec-9a44-75f6deb9d765<\/li><li><em><strong>Les Echos<\/strong><\/em><br><a href=\"https:\/\/business.lesechos.fr\/entrepreneurs\/ressources-humaines\/0611654703028-le-teletravail-plebiscite-par-les-salaries-mais-avec-des-garde-fous-344803.php\"><strong>Le t\u00e9l\u00e9travail, pl\u00e9biscit\u00e9 par les salari\u00e9s, mais avec des garde-fous<\/strong><\/a>https:\/\/business.lesechos.fr\/entrepreneurs\/ressources-humaines\/0611654703028-le-teletravail-plebiscite-par-les-salaries-mais-avec-des-garde-fous-344803.php<\/li><li><strong>La Voix du Nord<br><\/strong><a href=\"https:\/\/www.lavoixdunord.fr\/1065480\/article\/2021-09-06\/direct-vaccin-72-8-des-francais-ont-recu-une-premiere-injection\" target=\"_blank\" rel=\"noreferrer noopener\"><em><strong>Covid-19&nbsp;: selon une \u00e9tude, 98&nbsp;% des salari\u00e9s veulent poursuivre le t\u00e9l\u00e9travail, mais il doit \u00eatre bien encadr\u00e9<\/strong><\/em><\/a><br>https:\/\/www.lavoixdunord.fr\/1065480\/article\/2021-09-06\/direct-vaccin-72-8-des-francais-ont-recu-une-premiere-injection<\/li><li><strong>Courrier Cadres<br><\/strong><a href=\"http:\/\/courriercadres.com\/entreprise\/vie-au-travail\/le-teletravail-augmente-la-productivite-des-cadres-mais-aussi-leur-fatigue-06092021\" target=\"_blank\" rel=\"noreferrer noopener\"><em><strong>Le t\u00e9l\u00e9travail augmente la productivit\u00e9 des cadres, mais aussi leur fatigue&nbsp;<\/strong><\/em><\/a>http:\/\/courriercadres.com\/entreprise\/vie-au-travail\/le-teletravail-augmente-la-productivite-des-cadres-mais-aussi-leur-fatigue-06092021<\/li><li><strong>Boursier.com<br><\/strong><a href=\"https:\/\/www.boursier.com\/actualites\/economie\/selon-une-etude-98-des-francais-souhaitent-continuer-a-teletravailler-apres-la-crise-sanitaire-47009.html\"><em><strong>Selon une \u00e9tude, 98&nbsp;% des Fran\u00e7ais souhaitent continuer \u00e0 t\u00e9l\u00e9travailler apr\u00e8s la crise sanitaire&nbsp;<\/strong><\/em><\/a>https:\/\/www.boursier.com\/actualites\/economie\/selon-une-etude-98-des-francais-souhaitent-continuer-a-teletravailler-apres-la-crise-sanitaire-47009.html<\/li><li><strong>Actuel-hse.fr<\/strong><br><em><strong><a href=\"https:\/\/actuel-hse.fr\/content\/symptomes-depressifs-tms-ou-fatigue-en-un-la-sante-des-teletravailleurs-ete-mise-rude\">Sympt\u00f4mes d\u00e9pressifs, TMS ou fatigue&nbsp;: en un an, la sant\u00e9 des t\u00e9l\u00e9travailleurs a \u00e9t\u00e9 mise \u00e0 rude \u00e9preuve<\/a><\/strong><\/em><br>https:\/\/actuel-hse.fr\/content\/symptomes-depressifs-tms-ou-fatigue-en-un-la-sante-des-teletravailleurs-ete-mise-rude<\/li><li><strong>Actuel CE \/ CSE<\/strong><br><em><strong><a href=\"https:\/\/www.actuel-ce.fr\/content\/teletravail-en-mode-degrade-les-elus-du-personnel-en-perte-de-sens-selon-lenquete-cgt#.YTb5VkZLXS4.twitter\">T\u00e9l\u00e9travail en mode d\u00e9grad\u00e9&nbsp;: les \u00e9lus du personnel en perte de sens selon l\u2019enqu\u00eate CGT<\/a><\/strong><\/em><br>https:\/\/www.actuel-ce.fr\/content\/teletravail-en-mode-degrade-les-elus-du-personnel-en-perte-de-sens-selon-lenquete-cgt<\/li><li><strong>DNA<\/strong><br><em><strong><a href=\"https:\/\/www.dna.fr\/societe\/2021\/09\/07\/92-des-francais-veulent-continuer-a-teletravailler-mais-pas-n-importe-comment\">92&nbsp;% des Fran\u00e7ais veulent continuer \u00e0 t\u00e9l\u00e9travailler, mais pas n\u2019importe comment<\/a><\/strong><\/em><br>https:\/\/www.dna.fr\/societe\/2021\/09\/07\/92-des-francais-veulent-continuer-a-teletravailler-mais-pas-n-importe-comment<\/li><li><strong>Maddyness.com<\/strong><br><em><strong><a href=\"https:\/\/www.maddyness.com\/2021\/09\/06\/teletravail-enquete-cgt-encadrement\/\" target=\"_blank\" rel=\"noreferrer noopener\">T\u00e9l\u00e9travail&nbsp;: une pratique pl\u00e9biscit\u00e9e qui demande plus d\u2019encadrement<\/a><\/strong><\/em><br>https:\/\/www.maddyness.com\/2021\/09\/06\/teletravail-enquete-cgt-encadrement\/<\/li><\/ul>\n\n\n\n<h3 class=\"wp-block-heading\">T\u00e9l\u00e9chargement<\/h3>\n\n\n\n<p>(Cliquez sur l&rsquo;image)<\/p>\n\n\n\n<div class=\"wp-block-image\"><figure class=\"aligncenter size-full\"><a href=\"https:\/\/ugictcgt.fr\/grande-enquete-sur-le-teletravail-lurgence-dun-encadrement\/\"><img loading=\"lazy\" decoding=\"async\" width=\"618\" height=\"611\" src=\"https:\/\/cgt-bfc.fr\/wp-content\/uploads\/2021\/09\/image.png\" alt=\"\" class=\"wp-image-10042\" srcset=\"https:\/\/cgt-bfc.fr\/wp-content\/uploads\/2021\/09\/image.png 618w, https:\/\/cgt-bfc.fr\/wp-content\/uploads\/2021\/09\/image-75x75.png 75w\" sizes=\"auto, (max-width: 618px) 100vw, 618px\" \/><\/a><\/figure><\/div>\n","protected":false},"excerpt":{"rendered":"<div class=\"mh-excerpt\"><p>Retex enqu\u00eate nationale sur le t\u00e9l\u00e9travail. Apr\u00e8s sa grande enqu\u00eate sur le travail confin\u00e9, en avril 2020, l\u2019Ugict-CGT publie \u00ab T\u00e9l\u00e9travail, un an apr\u00e8s \u00bb. <a class=\"mh-excerpt-more\" href=\"https:\/\/cgt-bfc.fr\/index.php\/2021\/09\/08\/10035\/\" title=\"T\u00e9l\u00e9travail, un an apr\u00e8s.\">[&#8230;]<\/a><\/p>\n<\/div>","protected":false},"author":1,"featured_media":10046,"comment_status":"open","ping_status":"open","sticky":false,"template":"","format":"standard","meta":{"_jetpack_memberships_contains_paid_content":false,"footnotes":""},"categories":[1,21],"tags":[],"class_list":["post-10035","post","type-post","status-publish","format-standard","has-post-thumbnail","hentry","category-actu","category-agent-du-siege"],"jetpack_featured_media_url":"https:\/\/cgt-bfc.fr\/wp-content\/uploads\/2021\/09\/2021_retex_cgt.png","jetpack_sharing_enabled":true,"_links":{"self":[{"href":"https:\/\/cgt-bfc.fr\/index.php\/wp-json\/wp\/v2\/posts\/10035","targetHints":{"allow":["GET"]}}],"collection":[{"href":"https:\/\/cgt-bfc.fr\/index.php\/wp-json\/wp\/v2\/posts"}],"about":[{"href":"https:\/\/cgt-bfc.fr\/index.php\/wp-json\/wp\/v2\/types\/post"}],"author":[{"embeddable":true,"href":"https:\/\/cgt-bfc.fr\/index.php\/wp-json\/wp\/v2\/users\/1"}],"replies":[{"embeddable":true,"href":"https:\/\/cgt-bfc.fr\/index.php\/wp-json\/wp\/v2\/comments?post=10035"}],"version-history":[{"count":12,"href":"https:\/\/cgt-bfc.fr\/index.php\/wp-json\/wp\/v2\/posts\/10035\/revisions"}],"predecessor-version":[{"id":10039,"href":"https:\/\/cgt-bfc.fr\/index.php\/wp-json\/wp\/v2\/posts\/10035\/revisions\/10039"}],"wp:featuredmedia":[{"embeddable":true,"href":"https:\/\/cgt-bfc.fr\/index.php\/wp-json\/wp\/v2\/media\/10046"}],"wp:attachment":[{"href":"https:\/\/cgt-bfc.fr\/index.php\/wp-json\/wp\/v2\/media?parent=10035"}],"wp:term":[{"taxonomy":"category","embeddable":true,"href":"https:\/\/cgt-bfc.fr\/index.php\/wp-json\/wp\/v2\/categories?post=10035"},{"taxonomy":"post_tag","embeddable":true,"href":"https:\/\/cgt-bfc.fr\/index.php\/wp-json\/wp\/v2\/tags?post=10035"}],"curies":[{"name":"wp","href":"https:\/\/api.w.org\/{rel}","templated":true}]}}