{"id":10262,"date":"2021-09-22T13:12:54","date_gmt":"2021-09-22T12:12:54","guid":{"rendered":"https:\/\/cgt-bfc.fr\/?p=10262"},"modified":"2021-09-26T17:30:22","modified_gmt":"2021-09-26T16:30:22","slug":"24heuressansaideadomicile-23septembre","status":"publish","type":"post","link":"https:\/\/cgt-bfc.fr\/index.php\/2021\/09\/22\/24heuressansaideadomicile-23septembre\/","title":{"rendered":"#24heuressansaideadomicile #23septembre"},"content":{"rendered":"\n<p><a href=\"https:\/\/youtu.be\/T-94YhrX25Q\"><strong>A Regarder ICI<\/strong><\/a><\/p>\n\n\n\n<p><strong>Plus de 700&nbsp;000 salari\u00e9.e.s<\/strong>&nbsp;exercent dans le secteur du soin, de l\u2019accompagnement ou maintien \u00e0 domicile des personnes en perte d\u2019autonomie.<\/p>\n\n\n\n<p>Un salariat \u00e0 pr\u00e9dominance f\u00e9minine compos\u00e9 de pr\u00e8s de&nbsp;<strong>97 % de femmes<\/strong>, des contrats tr\u00e8s souvent \u00e0&nbsp;<strong>temps partiel<\/strong>&nbsp;subi et&nbsp;<strong>pr\u00e9caire<\/strong>&nbsp;dont on parle peu.<\/p>\n\n\n\n<p>Pourtant, la crise sanitaire a montr\u00e9 combien ces salari\u00e9.e.s de l\u2019ombre \u00e9taient indispensables, mettant en exergue l\u2019importance de leur travail au service de l\u2019int\u00e9r\u00eat g\u00e9n\u00e9ral.<\/p>\n\n\n\n<p>Malgr\u00e9 des conditions de travail et des salaires d\u00e9plorables, elles-ils ont \u00e9t\u00e9 pr\u00e9sent.e.s aupr\u00e8s des personnes \u00e2g\u00e9es, handicap\u00e9es, bien souvent seul.e.s \u00e0 leur domicile. Mais,&nbsp;<strong>faute de reconnaissance et face au m\u00e9pris des pouvoirs publics<\/strong>, aujourd\u2019hui,<strong>&nbsp;les d\u00e9missions se multiplient<\/strong>.<\/p>\n\n\n\n<p><strong>Epuisement professionnel<\/strong>&nbsp;aggrav\u00e9 par l\u2019obligation vaccinale, de nombreux emplois restent vacants alors que les besoins augmentent.<\/p>\n\n\n\n<p>Les aides publiques coulent \u00e0 flot en direction de certains qui abusent de paradis fiscaux, 37 entreprises du CAC 40 affichent ce 1er trimestre un b\u00e9n\u00e9fice record d\u2019environ 57 Milliards d\u2019euros, pendant que les salari\u00e9.es du secteur doivent se contenter de cache mis\u00e8re pour les un.e.s et d\u2019absolument rien pour un grand nombre&nbsp;!<\/p>\n\n\n\n<p><strong>Il est temps que de v\u00e9ritables mesures soient prises&nbsp;!<\/strong><\/p>\n\n\n\n<p>Maintenir les personnes en perte d\u2019autonomie \u00e0 domicile peut \u00eatre un progr\u00e8s si cela se fait dans de bonnes conditions.&nbsp;Cela implique de mettre les moyens humains et financiers pour un accompagnement de qualit\u00e9, cela passe avoir des professionnel.les form\u00e9.e.s, qualifi\u00e9.e.s, reconnu.e.s et bien trait\u00e9.e.s, ce qui est loin d\u2019\u00eatre le cas aujourd\u2019hui.<\/p>\n\n\n\n<p><strong>Aux c\u00f4t\u00e9s des professionnel.le.s, la CGT et ses f\u00e9d\u00e9rations revendiquent&nbsp; :<\/strong><\/p>\n\n\n\n<p><strong>&#8211; Une revalorisation imm\u00e9diate des salaires et des carri\u00e8res \u00e0 la hauteur de l\u2019utilit\u00e9 publique de ces m\u00e9tiers.<\/strong><\/p>\n\n\n\n<p><strong>&#8211; L&rsquo;augmentation de l&rsquo;indemnit\u00e9 kilom\u00e9trique et la prise en charge par l&#8217;employeur de tous les frais professionnels, des trajets et d\u00e9placements.<\/strong><\/p>\n\n\n\n<p><strong>&#8211; De meilleures conditions de travail avec un recrutement massif de personnels.<\/strong><\/p>\n\n\n\n<p><strong>&#8211; L\u2019am\u00e9lioration des garanties collectives.<\/strong><\/p>\n\n\n\n<p>Mobilisons-nous ensemble en signant cette p\u00e9tition pour faire entendre notre voix ! Rdv sur&nbsp;<a href=\"https:\/\/occupons-la.place\/petitions\/24heuressansaideadomicile\/\" target=\"_blank\" rel=\"noreferrer noopener\">https:\/\/occupons-la.place\/petitions\/24heuressansaideadomicile\/<\/a>&nbsp;pour trouver toute une s\u00e9rie d&rsquo;outils de mobilisation \u00e0 votre disposition pour interpeller, diffuser, partager la campagne ! Vous y retrouverez \u00e9galement toutes nos revendications.<\/p>\n\n\n\n<p>Envie d&rsquo;aller plus loin ?&nbsp;Manifestons aux c\u00f4t\u00e9s des professionnel.le.s mobilis\u00e9.e.s et de la CGT le 23 septembre.<\/p>\n\n\n\n<p>Rdv sur la page de l&rsquo;\u00e9v\u00e9nement 24h sans aide \u00e0 domicile pour vous engager avec nous tous.tes :&nbsp;<a href=\"https:\/\/bit.ly\/24hsansaideadomevent\" target=\"_blank\" rel=\"noreferrer noopener\">https:\/\/bit.ly\/24hsansaideadomevent<\/a>&nbsp;<\/p>\n","protected":false},"excerpt":{"rendered":"<div class=\"mh-excerpt\"><p>A Regarder ICI Plus de 700&nbsp;000 salari\u00e9.e.s&nbsp;exercent dans le secteur du soin, de l\u2019accompagnement ou maintien \u00e0 domicile des personnes en perte d\u2019autonomie. Un salariat <a class=\"mh-excerpt-more\" href=\"https:\/\/cgt-bfc.fr\/index.php\/2021\/09\/22\/24heuressansaideadomicile-23septembre\/\" title=\"#24heuressansaideadomicile #23septembre\">[&#8230;]<\/a><\/p>\n<\/div>","protected":false},"author":1,"featured_media":10266,"comment_status":"open","ping_status":"open","sticky":false,"template":"","format":"standard","meta":{"_jetpack_memberships_contains_paid_content":false,"footnotes":""},"categories":[1,13],"tags":[],"class_list":["post-10262","post","type-post","status-publish","format-standard","has-post-thumbnail","hentry","category-actu","category-agents"],"jetpack_featured_media_url":"https:\/\/cgt-bfc.fr\/wp-content\/uploads\/2021\/09\/24h.png","jetpack_sharing_enabled":true,"_links":{"self":[{"href":"https:\/\/cgt-bfc.fr\/index.php\/wp-json\/wp\/v2\/posts\/10262","targetHints":{"allow":["GET"]}}],"collection":[{"href":"https:\/\/cgt-bfc.fr\/index.php\/wp-json\/wp\/v2\/posts"}],"about":[{"href":"https:\/\/cgt-bfc.fr\/index.php\/wp-json\/wp\/v2\/types\/post"}],"author":[{"embeddable":true,"href":"https:\/\/cgt-bfc.fr\/index.php\/wp-json\/wp\/v2\/users\/1"}],"replies":[{"embeddable":true,"href":"https:\/\/cgt-bfc.fr\/index.php\/wp-json\/wp\/v2\/comments?post=10262"}],"version-history":[{"count":4,"href":"https:\/\/cgt-bfc.fr\/index.php\/wp-json\/wp\/v2\/posts\/10262\/revisions"}],"predecessor-version":[{"id":10269,"href":"https:\/\/cgt-bfc.fr\/index.php\/wp-json\/wp\/v2\/posts\/10262\/revisions\/10269"}],"wp:featuredmedia":[{"embeddable":true,"href":"https:\/\/cgt-bfc.fr\/index.php\/wp-json\/wp\/v2\/media\/10266"}],"wp:attachment":[{"href":"https:\/\/cgt-bfc.fr\/index.php\/wp-json\/wp\/v2\/media?parent=10262"}],"wp:term":[{"taxonomy":"category","embeddable":true,"href":"https:\/\/cgt-bfc.fr\/index.php\/wp-json\/wp\/v2\/categories?post=10262"},{"taxonomy":"post_tag","embeddable":true,"href":"https:\/\/cgt-bfc.fr\/index.php\/wp-json\/wp\/v2\/tags?post=10262"}],"curies":[{"name":"wp","href":"https:\/\/api.w.org\/{rel}","templated":true}]}}