{"id":10446,"date":"2021-10-03T13:47:17","date_gmt":"2021-10-03T12:47:17","guid":{"rendered":"https:\/\/cgt-bfc.fr\/?p=10446"},"modified":"2022-02-22T18:24:06","modified_gmt":"2022-02-22T17:24:06","slug":"10446","status":"publish","type":"post","link":"https:\/\/cgt-bfc.fr\/index.php\/2021\/10\/03\/10446\/","title":{"rendered":"Les services publics font partie de notre quotidien."},"content":{"rendered":"\n<p>\u00c9ducation, sant\u00e9, justice, eau, \u00e9nergie, culture, transports\u2026 Les services publics font partie de notre quotidien.<\/p>\n\n\n\n<h3 class=\"wp-block-heading\" id=\"meme-si-la-crise-sanitaire-a-une-nouvelle-fois-prouve-leur-importance-le-gouvernement-continue-de-les-considerer-comme-une-charge-et-d-organiser-leur-demantelement\">M\u00eame si la crise sanitaire a une nouvelle fois prouv\u00e9 leur importance, le gouvernement continue de les consid\u00e9rer comme une charge et d&rsquo;organiser leur d\u00e9mant\u00e8lement.<\/h3>\n\n\n\n<figure class=\"wp-block-image size-large\"><img loading=\"lazy\" decoding=\"async\" width=\"1024\" height=\"175\" src=\"https:\/\/cgt-bfc.fr\/wp-content\/uploads\/2021\/10\/nous-avons-_5_10-1024x175.png\" alt=\"\" class=\"wp-image-10450\" srcset=\"https:\/\/cgt-bfc.fr\/wp-content\/uploads\/2021\/10\/nous-avons-_5_10-1024x175.png 1024w, https:\/\/cgt-bfc.fr\/wp-content\/uploads\/2021\/10\/nous-avons-_5_10-1536x263.png 1536w, https:\/\/cgt-bfc.fr\/wp-content\/uploads\/2021\/10\/nous-avons-_5_10.png 1599w\" sizes=\"auto, (max-width: 1024px) 100vw, 1024px\" \/><\/figure>\n\n\n\n<p>Alors que l&rsquo;h\u00f4pital manque de personnel, de lits et de mat\u00e9riel, le gouvernement persiste dans ses projets de r\u00e9duction des co\u00fbts.<\/p>\n\n\n\n<p>Organisation des entreprises publiques calqu\u00e9es sur le mod\u00e8le priv\u00e9, affaiblissement du statut g\u00e9n\u00e9ral des fonctionnaires, fermeture de nombreux lieux d&rsquo;accueil de proximit\u00e9\u2026<\/p>\n\n\n\n<h4 class=\"wp-block-heading\" id=\"les-attaques-contre-les-services-publics-se-multiplient-au-detriment-des-principes-d-egalite-et-de-proximite-censes-le-regir-mettant-a-mal-les-fondations-de-la-cohesion-sociale\">Les attaques contre les services publics se multiplient au d\u00e9triment des principes d&rsquo;\u00e9galit\u00e9 et de proximit\u00e9 cens\u00e9s le r\u00e9gir, mettant \u00e0 mal les fondations de la coh\u00e9sion sociale.<\/h4>\n\n\n\n<h3 class=\"wp-block-heading\" id=\"faire-preuve-de-realisme-pour-sortir-d-une-crise-mondiale-necessiterait-plutot-de-donner-les-moyens-aux-services-publics-de-jouer-leur-role\">Faire preuve de r\u00e9alisme pour sortir d\u2019une crise mondiale n\u00e9cessiterait plut\u00f4t de donner les moyens aux services publics de jouer leur r\u00f4le.<\/h3>\n\n\n\n<p class=\"has-luminous-vivid-amber-background-color has-background\">Des centaines de milliers de fonctionnaires doivent \u00eatre recrut\u00e9s rapidement. Il est indispensable de mettre fin \u00e0 toutes les formes d&#8217;emplois pr\u00e9caires et non statutaires qui ont \u00e9t\u00e9 d\u00e9velopp\u00e9es.<\/p>\n\n\n\n<p class=\"has-luminous-vivid-amber-background-color has-background\">Pour r\u00e9pondre aux besoins des populations, une r\u00e9appropriation publique des biens et de la gestion publics est n\u00e9cessaire. La cr\u00e9ation d&rsquo;espaces d\u00e9mocratiques communs aux salari\u00e9s, aux usagers et aux \u00e9lus doit permettre la prise en compte des besoins des populations, de l&rsquo;int\u00e9r\u00eat des salari\u00e9s et du r\u00f4le des \u00e9lus.<\/p>\n\n\n\n<p class=\"has-luminous-vivid-amber-background-color has-background\">Le Conseil national des services publics doit devenir une v\u00e9ritable commission nationale de d\u00e9finition des besoins, d&rsquo;organisation et d&rsquo;\u00e9valuation des services publics.<\/p>\n\n\n\n<p><\/p>\n\n\n\n<p>Des dizaines de <strong>milliers de Fran\u00e7ais n&rsquo;ont pas re\u00e7u les professions de foi des candidats aux \u00e9lections r\u00e9gionales<\/strong> et d\u00e9partementales. Le S\u00e9nat a cr\u00e9\u00e9 une commission d&rsquo;enqu\u00eate sur le sujet.<a href=\"https:\/\/www.cgt.fr\/actualites\/france\/services-publics\/mobilisation\/quand-la-privatisation-nuit-la-democratie\"> ICI<\/a><\/p>\n\n\n\n<p>Le nouveau plan strat\u00e9gique de La Poste confirme <strong>l&rsquo;acc\u00e9l\u00e9ration des fermetures de bureaux de poste. <\/strong>Des mobilisations ont lieu partout en France.Il reste aujourd&rsquo;hui environ 5&nbsp;300&nbsp;bureaux de poste dits \u00ab&nbsp;de plein exercice&nbsp;\u00bb (qui proposent tous les services que l&rsquo;on peut trouver dans un bureau de poste), alors qu&rsquo;ils \u00e9taient encore 8&nbsp;414 en&nbsp;2017.<a href=\"https:\/\/www.cgt.fr\/actualites\/france\/services-publics\/mobilisation\/contre-la-fermeture-des-bureaux-de-poste-des-mobilisations-partout-en-france\">ICI<\/a><\/p>\n\n\n\n<p>Des <strong>d\u00e9cennies de d\u00e9localisations ont mis \u00e0 mal les implantations industrielles<\/strong> sur le sol fran\u00e7ais. La r\u00e9industrialisation doit s&rsquo;appuyer sur les connaissances des salari\u00e9s.<\/p>\n\n\n\n<p>De son c\u00f4t\u00e9, <strong>l&rsquo;industrie automobile a vu dispara\u00eetre pr\u00e8s de 52&nbsp;000&nbsp;emplois <\/strong>depuis&nbsp;2008. Dacia, Clio, 208\u2026 Aucune des trois voitures les plus vendues en France ne sont produites sur le territoire.<\/p>\n\n\n\n<p>La future voiture \u00e9lectrique \u00e0 bas co\u00fbt de Renault va \u00eatre produite en Chine pour \u00eatre ensuite vendue sur le territoire fran\u00e7ais. Il serait pourtant possible et plus \u00e9cologique de la produire en France. <a href=\"https:\/\/www.cgt.fr\/actualites\/france\/industrie\/mobilisation\/raison-daller-manifester-le-5-octobre-developper-lindustrie\">ICI<\/a><\/p>\n\n\n\n<figure class=\"wp-block-embed is-type-video is-provider-youtube wp-block-embed-youtube wp-embed-aspect-16-9 wp-has-aspect-ratio\"><div class=\"wp-block-embed__wrapper\">\n<iframe loading=\"lazy\" title=\"RAISON 3, D\u00c9VELOPPER L&#039;INDUSTRIE , UNE DES 5 BONNES RAISONS DE MANIFESTER LE MARDI 5 OCTOBRE\" width=\"500\" height=\"281\" src=\"https:\/\/www.youtube.com\/embed\/uN32-KjkFVM?feature=oembed\" frameborder=\"0\" allow=\"accelerometer; autoplay; clipboard-write; encrypted-media; gyroscope; picture-in-picture; web-share\" referrerpolicy=\"strict-origin-when-cross-origin\" allowfullscreen><\/iframe>\n<\/div><\/figure>\n","protected":false},"excerpt":{"rendered":"<div class=\"mh-excerpt\"><p>\u00c9ducation, sant\u00e9, justice, eau, \u00e9nergie, culture, transports\u2026 Les services publics font partie de notre quotidien. M\u00eame si la crise sanitaire a une nouvelle fois prouv\u00e9 <a class=\"mh-excerpt-more\" href=\"https:\/\/cgt-bfc.fr\/index.php\/2021\/10\/03\/10446\/\" title=\"Les services publics font partie de notre quotidien.\">[&#8230;]<\/a><\/p>\n<\/div>","protected":false},"author":1,"featured_media":10448,"comment_status":"open","ping_status":"open","sticky":false,"template":"","format":"standard","meta":{"_jetpack_memberships_contains_paid_content":false,"footnotes":""},"categories":[1,13],"tags":[],"class_list":["post-10446","post","type-post","status-publish","format-standard","has-post-thumbnail","hentry","category-actu","category-agents"],"jetpack_featured_media_url":"https:\/\/cgt-bfc.fr\/wp-content\/uploads\/2021\/10\/education_etc.png","jetpack_sharing_enabled":true,"_links":{"self":[{"href":"https:\/\/cgt-bfc.fr\/index.php\/wp-json\/wp\/v2\/posts\/10446","targetHints":{"allow":["GET"]}}],"collection":[{"href":"https:\/\/cgt-bfc.fr\/index.php\/wp-json\/wp\/v2\/posts"}],"about":[{"href":"https:\/\/cgt-bfc.fr\/index.php\/wp-json\/wp\/v2\/types\/post"}],"author":[{"embeddable":true,"href":"https:\/\/cgt-bfc.fr\/index.php\/wp-json\/wp\/v2\/users\/1"}],"replies":[{"embeddable":true,"href":"https:\/\/cgt-bfc.fr\/index.php\/wp-json\/wp\/v2\/comments?post=10446"}],"version-history":[{"count":10,"href":"https:\/\/cgt-bfc.fr\/index.php\/wp-json\/wp\/v2\/posts\/10446\/revisions"}],"predecessor-version":[{"id":11322,"href":"https:\/\/cgt-bfc.fr\/index.php\/wp-json\/wp\/v2\/posts\/10446\/revisions\/11322"}],"wp:featuredmedia":[{"embeddable":true,"href":"https:\/\/cgt-bfc.fr\/index.php\/wp-json\/wp\/v2\/media\/10448"}],"wp:attachment":[{"href":"https:\/\/cgt-bfc.fr\/index.php\/wp-json\/wp\/v2\/media?parent=10446"}],"wp:term":[{"taxonomy":"category","embeddable":true,"href":"https:\/\/cgt-bfc.fr\/index.php\/wp-json\/wp\/v2\/categories?post=10446"},{"taxonomy":"post_tag","embeddable":true,"href":"https:\/\/cgt-bfc.fr\/index.php\/wp-json\/wp\/v2\/tags?post=10446"}],"curies":[{"name":"wp","href":"https:\/\/api.w.org\/{rel}","templated":true}]}}