{"id":109,"date":"2016-03-02T11:34:59","date_gmt":"2016-03-02T10:34:59","guid":{"rendered":"http:\/\/cgt-bfc.fr\/?p=109"},"modified":"2016-04-07T11:39:20","modified_gmt":"2016-04-07T10:39:20","slug":"preavis-de-greve-pour-le-9-mars-2016","status":"publish","type":"post","link":"https:\/\/cgt-bfc.fr\/index.php\/2016\/03\/02\/preavis-de-greve-pour-le-9-mars-2016\/","title":{"rendered":"Madame la Pr\u00e9sidente  &#8230;&#8230;Pr\u00e9avis de gr\u00e8ve pour le 9 mars 2016"},"content":{"rendered":"<p>&nbsp;<\/p>\n<p>&nbsp;<\/p>\n<p>&nbsp;<\/p>\n<p><img loading=\"lazy\" decoding=\"async\" class=\"size-medium wp-image-110 aligncenter\" src=\"http:\/\/cgt-bfc.fr\/wp-content\/uploads\/2016\/04\/retrait_serveur-300x300.png\" alt=\"retrait_serveur\" width=\"300\" height=\"300\" srcset=\"https:\/\/cgt-bfc.fr\/wp-content\/uploads\/2016\/04\/retrait_serveur-300x300.png 300w, https:\/\/cgt-bfc.fr\/wp-content\/uploads\/2016\/04\/retrait_serveur-150x150.png 150w, https:\/\/cgt-bfc.fr\/wp-content\/uploads\/2016\/04\/retrait_serveur.png 543w\" sizes=\"auto, (max-width: 300px) 100vw, 300px\" \/><\/p>\n<p>&nbsp;<\/p>\n<p style=\"text-align: center;\">Madame la Pr\u00e9sidente du Conseil R\u00e9gional BourgogneFrancheComte,<\/p>\n<p style=\"text-align: center;\"><strong>Dans le cadre de la journ\u00e9e d\u2019action du mercredi 9 mars 2016 portant l\u2019exigence du \u00a0retrait du projet de loi El Khomri relatif au Code du travail, notre organisation syndicale CGT \u00a0conseil \u00a0 r\u00e9gional bourgognefranchecomte d\u00e9pose un pr\u00e9avis de gr\u00e8ve de \u00a00 \u00a0\u00e0 \u00a024 \u00a0h pour les personnels du si\u00e8ge et des lyc\u00e9es.<\/strong><\/p>\n<h5 style=\"text-align: center;\">Ce pr\u00e9avis vise \u00e0 permettre aux personnels qui le souhaiteront de prendre part aux mobilisations organis\u00e9es le 9 mars. Il s\u2019inscrit \u00e9galement dans le cadre de la semaine d\u2019initiatives et de d\u00e9ploiement d\u00e9cid\u00e9e par la CGT sur les enjeux de ce projet de loi.<\/h5>\n<p style=\"text-align: center;\">La journ\u00e9e d\u2019action du 9 mars sera une nouvelle \u00e9tape d\u2019affirmation de l\u2019exigence du retrait du projet r\u00e9gressif port\u00e9 par la ministre du \u00a0Travail, projet qui constitue une attaque \u00a0contre l\u2019ensemble du monde du travail. Nous consid\u00e9rons en effet que l\u2019abaissement des \u00a0garanties\u00a0collectives dans le secteur priv\u00e9, outre ses cons\u00e9quences d\u00e9sastreuses pour les\u00a0salari\u00e9s directement impact\u00e9s, serait un nouvel \u00e9l\u00e9ment confortant les attaques actuelles contre le Statut de la Fonction publique et en justifiant de nouvelles.<\/p>\n<p style=\"text-align: center;\">Il est donc de l\u2019int\u00e9r\u00eat premier des salari\u00e9s relevant du Code du travail et des agents \u00a0r\u00e9gis \u00a0 \u00a0par les r\u00e8gles statutaires de la Fonction publique de faire front commun contre cette \u00a0nouvelle\u00a0attaque port\u00e9e par le gouvernement au service des int\u00e9r\u00eats du grand patronat et des march\u00e9s boursiers.<\/p>\n<p style=\"text-align: center;\">Avec nos concitoyens qui, chaque jour plus nombreux, se font entendre, la F\u00e9d\u00e9ration \u00a0 \u00a0 CGT \u00a0 \u00a0des Services publics revendique donc le retrait du projet de loi El Khomri et le renforcement du Code du travail dans son r\u00f4le de protection des travailleurs. Avec la Conf\u00e9d\u00e9ration CGT, nous portons les principes suivants :<\/p>\n<ul>\n<li>L\u2019\u00e9volution du Code du travail doit faire progresser les droits des salari\u00e9s ;<\/li>\n<li>Le droit du travail doit prendre en consid\u00e9ration les enjeux li\u00e9s \u00e0 la transformation de l\u2019activit\u00e9 professionnelle et aux nouvelles technologies d\u2019information et de la communication ;<\/li>\n<\/ul>\n<ul>\n<li>L\u2019exigence d\u2019un niveau \u00e9lev\u00e9 de droits et de garanties pour l\u2019ensemble des travailleurs soumis \u00e0 un lien de subordination juridique ou une d\u00e9pendance \u00e9conomique ;<\/li>\n<\/ul>\n<ul>\n<li>Les droits des salari\u00e9s ne doivent plus d\u00e9pendre de leur contrat de travail, mais \u00eatre attach\u00e9s \u00e0 la personne, progressive, cumulable, transf\u00e9rable et opposable \u00e0 tout employeur.<\/li>\n<\/ul>\n<p>&nbsp;<\/p>\n<p>Nous vous adressons, Madame la Pr\u00e9sidente, nos sinc\u00e8res salutations.<\/p>\n<p style=\"text-align: center;\">\u00a0\u00a0\u00a0\u00a0\u00a0\u00a0\u00a0\u00a0\u00a0\u00a0 <b>Catherine Salvadori Co secr\u00e9taire CGT Bourgognefranchecomte<\/b><\/p>\n","protected":false},"excerpt":{"rendered":"<div class=\"mh-excerpt\"><p>&nbsp; &nbsp; &nbsp; &nbsp; Madame la Pr\u00e9sidente du Conseil R\u00e9gional BourgogneFrancheComte, Dans le cadre de la journ\u00e9e d\u2019action du mercredi 9 mars 2016 portant l\u2019exigence <a class=\"mh-excerpt-more\" href=\"https:\/\/cgt-bfc.fr\/index.php\/2016\/03\/02\/preavis-de-greve-pour-le-9-mars-2016\/\" title=\"Madame la Pr\u00e9sidente  &#8230;&#8230;Pr\u00e9avis de gr\u00e8ve pour le 9 mars 2016\">[&#8230;]<\/a><\/p>\n<\/div>","protected":false},"author":1,"featured_media":113,"comment_status":"open","ping_status":"open","sticky":false,"template":"","format":"standard","meta":{"_jetpack_memberships_contains_paid_content":false,"footnotes":""},"categories":[1],"tags":[],"class_list":["post-109","post","type-post","status-publish","format-standard","has-post-thumbnail","hentry","category-actu"],"jetpack_featured_media_url":"https:\/\/cgt-bfc.fr\/wp-content\/uploads\/2016\/03\/el_kro-e1460025380753.png","jetpack_sharing_enabled":true,"_links":{"self":[{"href":"https:\/\/cgt-bfc.fr\/index.php\/wp-json\/wp\/v2\/posts\/109","targetHints":{"allow":["GET"]}}],"collection":[{"href":"https:\/\/cgt-bfc.fr\/index.php\/wp-json\/wp\/v2\/posts"}],"about":[{"href":"https:\/\/cgt-bfc.fr\/index.php\/wp-json\/wp\/v2\/types\/post"}],"author":[{"embeddable":true,"href":"https:\/\/cgt-bfc.fr\/index.php\/wp-json\/wp\/v2\/users\/1"}],"replies":[{"embeddable":true,"href":"https:\/\/cgt-bfc.fr\/index.php\/wp-json\/wp\/v2\/comments?post=109"}],"version-history":[{"count":5,"href":"https:\/\/cgt-bfc.fr\/index.php\/wp-json\/wp\/v2\/posts\/109\/revisions"}],"predecessor-version":[{"id":116,"href":"https:\/\/cgt-bfc.fr\/index.php\/wp-json\/wp\/v2\/posts\/109\/revisions\/116"}],"wp:featuredmedia":[{"embeddable":true,"href":"https:\/\/cgt-bfc.fr\/index.php\/wp-json\/wp\/v2\/media\/113"}],"wp:attachment":[{"href":"https:\/\/cgt-bfc.fr\/index.php\/wp-json\/wp\/v2\/media?parent=109"}],"wp:term":[{"taxonomy":"category","embeddable":true,"href":"https:\/\/cgt-bfc.fr\/index.php\/wp-json\/wp\/v2\/categories?post=109"},{"taxonomy":"post_tag","embeddable":true,"href":"https:\/\/cgt-bfc.fr\/index.php\/wp-json\/wp\/v2\/tags?post=109"}],"curies":[{"name":"wp","href":"https:\/\/api.w.org\/{rel}","templated":true}]}}