{"id":10996,"date":"2021-12-04T12:37:08","date_gmt":"2021-12-04T11:37:08","guid":{"rendered":"https:\/\/cgt-bfc.fr\/?p=10996"},"modified":"2022-09-01T20:10:37","modified_gmt":"2022-09-01T19:10:37","slug":"surprise-bonne-ou-mauvaise-nouvelle","status":"publish","type":"post","link":"https:\/\/cgt-bfc.fr\/index.php\/2021\/12\/04\/surprise-bonne-ou-mauvaise-nouvelle\/","title":{"rendered":"Surprise ! Bonne ou mauvaise nouvelle ?"},"content":{"rendered":"\n<h2 class=\"wp-block-heading\"><strong>Commission du dialogue social pr\u00e9cipit\u00e9e .<\/strong><\/h2>\n\n\n\n<p>L\u2019ordre du jour contrairement \u00e0 ce qu \u2018on pouvait penser n\u2019est pas le conseil de d\u00e9fense du lundi 6 d\u00e9cembre et ces nouvelles recommandations sanitaires .\u00a0<\/p>\n\n\n\n<p>Qu&rsquo;apprend t-on samedi 4 d\u00e9cembre  ? A\u00a0 l&rsquo;ordre du jour , <em><strong>la fermeture des locaux des services administratifs\u00a0 entre le 27 d\u00e9cembre et le 3 janvier prochain<\/strong><\/em>, donc fermeture  d\u2019un service public qu\u2019est le conseil r\u00e9gional .<\/p>\n\n\n\n<h2 class=\"wp-block-heading\">Heureuse surprise pour les uns !<\/h2>\n\n\n\n<h2 class=\"wp-block-heading\">Mauvaise surprise pour d\u2019autres ?<\/h2>\n\n\n\n<p><\/p>\n\n\n\n<p>Pendant le comit\u00e9 technique le directeur g\u00e9n\u00e9ral des services a \u00e9voqu\u00e9 cette possibilit\u00e9 qui n\u2019\u00e9tait pas \u00e0 l&rsquo;ordre du jour du comit\u00e9 technique .<\/p>\n\n\n\n<p>Seule la cgt est intervenue pour dire son d\u00e9saccord sur la mani\u00e8re dont cette demande de cong\u00e9s \u00e9tait fa\u00eete et le d\u00e9lai tr\u00e8s court de celle-ci .<\/p>\n\n\n\n<p>Bon nombre d\u2019agent(e)s de services \u00a0 voient cela comme une obligation pour ces demandes de cong\u00e9s.<\/p>\n\n\n\n<h2 class=\"wp-block-heading\">La CGT est oppos\u00e9 \u00e0 la fermeture de la collectivit\u00e9 pour les raisons suivantes :<\/h2>\n\n\n\n<p>La fermeture d&rsquo;un service public, m\u00eame non essentiel, participe \u00e0 la d\u00e9gradation de l&rsquo;image de la fonction publique et des agents publics, au sein de la population. Image suffisamment mise \u00e0 mal par des m\u00e9dias dont on conna\u00eet les accointances.<\/p>\n\n\n\n<p>Fermer un service public quelqu&rsquo;il soit est contraire au principe de continuit\u00e9 du service public que la CGT a toujours d\u00e9fendu et continuera \u00e0 d\u00e9fendre.<\/p>\n\n\n\n<p>La CGT est oppos\u00e9e \u00e0 la fermeture telle qu&rsquo;elle a \u00e9t\u00e9 propos\u00e9e. Proposition de derni\u00e8re minute, avec une pointe d&rsquo;autoritarisme (contraire aux valeurs d\u00e9mocratique de la CGT)argumentation \u00ab douteuse\u00bb : 80% des agents auraient demand\u00e9 des cong\u00e9s ladite semaine, ou seraient d&rsquo;accord, suite \u00e0 un sondage de la direction. Il faut savoir que les cong\u00e9s sont pos\u00e9s (pr\u00e9visionnellement<strong> <\/strong>\u00a0ou d\u00e9finitivement) en d\u00e9but de quadrimestre, ce qui permet de maintenir un service minimum dans les p\u00e9riodes de vacances scolaires. Fonctionnement de la collectivit\u00e9 bien \u00e9tabli depuis la fusion.<\/p>\n\n\n\n<p>Si la r\u00e9gion ferme l&rsquo;ensemble des b\u00e2timents, notre employeur propose soit de poser des cong\u00e9s,soit de t\u00e9l\u00e9travailler, ou de devoir 35 heures \u00e0 la collectivit\u00e9 qui serait rendu \u00e0 raison de 10 minutes de pr\u00e9sence par jour sur l&rsquo;ann\u00e9e 2022, et de maintenir les astreintes techniques. De plus, notre employeur a annonc\u00e9 qu&rsquo;il n&rsquo;\u00e9tait plus question de faire cadeau (de jours) aux agents.<\/p>\n\n\n\n<p>Cette proposition r\u00e9v\u00e8le quelques contradictions, facilement identifiables, mais aussi une rupture d&rsquo;\u00e9galit\u00e9 entre les agents de notre collectivit\u00e9, participant au mal \u00eatre bien trop pr\u00e9sent au sein des \u00e9quipes.<\/p>\n\n\n\n<p>Nous vous rappelons que le Plan de Continuit\u00e9 des Services avait impos\u00e9, au plus fort de l&rsquo;\u00e9pid\u00e9mie (mars 2020) \u00e0 pr\u00e8s de 140 coll\u00e8gues d&rsquo;\u00eatre pr\u00e9sent quotidiennement sur leurs lieux de travail.<\/p>\n\n\n\n<p>Aujourd&rsquo;hui ceux qui ne peuvent t\u00e9l\u00e9travailler sont oblig\u00e9s de choisir entre poser des cong\u00e9s ou devoir 35 heures \u00e0 la collectivit\u00e9. Ce qui est inadmissible pour la CGT.<\/p>\n\n\n\n<p>L&rsquo;argument \u00ab ultime \u00bb avanc\u00e9 est l&rsquo;arriv\u00e9e d&rsquo;une \u00ab 5\u00e8me vague \u00bb avec une mutation du virus<\/p>\n\n\n\n<p>COVID, et donc certainement une crainte de notre employeur de \u00ab cluster \u00bb au sein de notre collectivit\u00e9.<\/p>\n\n\n\n<p>Devons nous rappeler le temps d&rsquo;incubation d&rsquo;environ 7 jours, qui fait que nous reviendrons sur notre lieu de travail avec une possibilit\u00e9 d&rsquo;\u00eatre contamin\u00e9s sans le savoir, avec les effets que nous savons.<\/p>\n\n\n\n<p>La CGT est \u00e0 ce jour encore plus oppos\u00e9e que jamais au regard des man\u0153uvres ayant eu cours d\u00e8s la connaissance du positionnement de notre syndicat \u00e0 cette proposition.<\/p>\n\n\n\n<p>En effet, il a \u00e9t\u00e9 demand\u00e9 aux agents, dans au moins deux services, de poser leur cong\u00e9s ladite semaine de fermeture alors qu&rsquo;aucun vote, pourtant obligatoire, n&rsquo;avait eu lien ni comit\u00e9 technique, ni en assembl\u00e9e pl\u00e9ni\u00e8re. Car c&rsquo;est au \u00e9lus de notre collectivit\u00e9 d&rsquo;en d\u00e9cider en dernier lieu apr\u00e8s un vote en comit\u00e9.<\/p>\n\n\n\n<p>De plus, au regard du retour n\u00e9gatif d&rsquo;un nombre cons\u00e9quent de coll\u00e8gues (y compris parmi ceux qui ont des cong\u00e9s pr\u00e9vus de longue date, ladite semaine) face \u00e0 la proposition de fermeture, la position de la CGT en ressort confort\u00e9e. Elle ne d\u00e9viera donc pas d&rsquo;un pouce, et gardera ses valeurs comme lignes directrices d&rsquo;action pour la d\u00e9fense des agents de la r\u00e9gion, du service public et de ses usagers. Et s&rsquo;opposera \u00e0 toute forme d&rsquo;autoritarisme telle que d\u00e9finie dans ses statuts.<\/p>\n","protected":false},"excerpt":{"rendered":"<div class=\"mh-excerpt\"><p>Commission du dialogue social pr\u00e9cipit\u00e9e . L\u2019ordre du jour contrairement \u00e0 ce qu \u2018on pouvait penser n\u2019est pas le conseil de d\u00e9fense du lundi 6 <a class=\"mh-excerpt-more\" href=\"https:\/\/cgt-bfc.fr\/index.php\/2021\/12\/04\/surprise-bonne-ou-mauvaise-nouvelle\/\" title=\"Surprise ! Bonne ou mauvaise nouvelle ?\">[&#8230;]<\/a><\/p>\n<\/div>","protected":false},"author":1,"featured_media":10999,"comment_status":"open","ping_status":"open","sticky":false,"template":"","format":"standard","meta":{"_jetpack_memberships_contains_paid_content":false,"footnotes":""},"categories":[1,21,13,22],"tags":[],"class_list":["post-10996","post","type-post","status-publish","format-standard","has-post-thumbnail","hentry","category-actu","category-agent-du-siege","category-agents","category-agents-des-lycees"],"jetpack_featured_media_url":"https:\/\/cgt-bfc.fr\/wp-content\/uploads\/2021\/12\/Fermeture-noel.png","jetpack_sharing_enabled":true,"_links":{"self":[{"href":"https:\/\/cgt-bfc.fr\/index.php\/wp-json\/wp\/v2\/posts\/10996","targetHints":{"allow":["GET"]}}],"collection":[{"href":"https:\/\/cgt-bfc.fr\/index.php\/wp-json\/wp\/v2\/posts"}],"about":[{"href":"https:\/\/cgt-bfc.fr\/index.php\/wp-json\/wp\/v2\/types\/post"}],"author":[{"embeddable":true,"href":"https:\/\/cgt-bfc.fr\/index.php\/wp-json\/wp\/v2\/users\/1"}],"replies":[{"embeddable":true,"href":"https:\/\/cgt-bfc.fr\/index.php\/wp-json\/wp\/v2\/comments?post=10996"}],"version-history":[{"count":22,"href":"https:\/\/cgt-bfc.fr\/index.php\/wp-json\/wp\/v2\/posts\/10996\/revisions"}],"predecessor-version":[{"id":11954,"href":"https:\/\/cgt-bfc.fr\/index.php\/wp-json\/wp\/v2\/posts\/10996\/revisions\/11954"}],"wp:featuredmedia":[{"embeddable":true,"href":"https:\/\/cgt-bfc.fr\/index.php\/wp-json\/wp\/v2\/media\/10999"}],"wp:attachment":[{"href":"https:\/\/cgt-bfc.fr\/index.php\/wp-json\/wp\/v2\/media?parent=10996"}],"wp:term":[{"taxonomy":"category","embeddable":true,"href":"https:\/\/cgt-bfc.fr\/index.php\/wp-json\/wp\/v2\/categories?post=10996"},{"taxonomy":"post_tag","embeddable":true,"href":"https:\/\/cgt-bfc.fr\/index.php\/wp-json\/wp\/v2\/tags?post=10996"}],"curies":[{"name":"wp","href":"https:\/\/api.w.org\/{rel}","templated":true}]}}