{"id":11025,"date":"2021-12-07T11:55:07","date_gmt":"2021-12-07T10:55:07","guid":{"rendered":"https:\/\/cgt-bfc.fr\/?p=11025"},"modified":"2022-03-06T16:45:27","modified_gmt":"2022-03-06T15:45:27","slug":"11025","status":"publish","type":"post","link":"https:\/\/cgt-bfc.fr\/index.php\/2021\/12\/07\/11025\/","title":{"rendered":"Casse des services publiques"},"content":{"rendered":"\n<h2 class=\"wp-block-heading\">Les travailleurs sociaux disent stop\u00a0!<\/h2>\n\n\n\n<figure class=\"wp-block-image size-full\"><img loading=\"lazy\" decoding=\"async\" width=\"1024\" height=\"304\" src=\"https:\/\/cgt-bfc.fr\/wp-content\/uploads\/2021\/12\/medico_social.png\" alt=\"\" class=\"wp-image-11046\"\/><\/figure>\n\n\n\n<p><br>Epuisement professionnel, manque de moyens, salaires au rabais, conditions de travail en dessous de tout, p\u00e9nurie constante de professionnels qualifi\u00e9s, les agents sont \u00e0 bout\u2026 Et ce n\u2019est pas seulement des travailleurs sociaux et m\u00e9dico-sociaux dont il est question, mais aussi et surtout de tous ces enfants, ces personnes vuln\u00e9rables, les plus d\u00e9munies de notre soci\u00e9t\u00e9 et qui sont aujourd\u2019hui, plus que jamais, d\u00e9laiss\u00e9es par les pouvoirs publics.<\/p>\n\n\n\n<p><\/p>\n\n\n\n<p><em>Comme partout en France, en Bourgogne-Franche-Comt\u00e9, ils descendront dans la rue pour protester contre \u201cles d\u00e9gradations de leurs conditions de travail\u201d et l\u2019impact sur les personnes accompagn\u00e9es. Des employeurs appellent aussi \u00e0 la mobilisation.<\/em>(<a href=\"https:\/\/france3-regions.francetvinfo.fr\/bourgogne-franche-comte\/bourgogne\/bourgogne-pourquoi-les-salaries-du-secteur-social-et-medico-social-manifestent-avec-parfois-le-soutien-de-leurs-employeurs-2367355.html\">Source france3bfc<\/a>)<\/p>\n\n\n\n<p><strong>la CGT revendique&nbsp;:<\/strong><\/p>\n\n\n\n<p><strong>Le recrutement massif et p\u00e9renne au sein de la Fonction publique territoriale de personnel\u00b7les qualifi\u00e9\u00b7es et dipl\u00f4m\u00e9\u00b7es en nombre suffisant pour r\u00e9pondre aux besoins des populations et assurer un service public de qualit\u00e9 et de proximit\u00e9 :10% d\u2019effectif suppl\u00e9mentaire imm\u00e9diatement&nbsp;<\/strong><\/p>\n\n\n\n<figure class=\"wp-block-image size-full is-resized\"><img loading=\"lazy\" decoding=\"async\" src=\"https:\/\/cgt-bfc.fr\/wp-content\/uploads\/2021\/12\/logo-10pour100-couleur_50-copie.png\" alt=\"\" class=\"wp-image-11039\" width=\"420\" height=\"268\"\/><\/figure>\n\n\n\n<p>&nbsp;L\u2019am\u00e9lioration imm\u00e9diate des r\u00e9mun\u00e9rations dans le cadre du statut de la Fonction publique territoriale&nbsp;: revalorisation imm\u00e9diate de 10% \u00e0 minima des salaires indiciaires pour pallier la perte du pouvoir d\u2019achat depuis plus de 10 ans et revaloriser les m\u00e9tiers \u00e0 pr\u00e9dominance f\u00e9minine.<\/p>\n\n\n\n<p><\/p>\n\n\n\n<p><\/p>\n\n\n\n<p class=\"has-luminous-vivid-amber-background-color has-background\"><strong>Alors que, le 15 novembre dernier, France 2 consacrait une nouvelle fois une soir\u00e9e th\u00e9matique aux services de Protection de l\u2019Enfance et \u00e0 leurs dramatiques insuffisances, nous ne pouvons que constater la surdit\u00e9 du gouvernement et de nos employeurs publics ou priv\u00e9s qui ne veulent pas entendre les alertes des professionnel\u00b7les du terrain.<\/strong><\/p>\n\n\n\n<p><strong>Plus que jamais, la CGT revendique&nbsp;:<\/strong><\/p>\n\n\n\n<p>Une politique nationale qui d\u00e9finit la protection de l\u2019enfance comme mission prioritaire de service public garantissant ainsi l\u2019\u00e9quit\u00e9, quel que soit le territoire de l\u2019accueil et de l\u2019accompagnement n\u00e9cessaire aux besoins des enfants et de leurs familles&nbsp;: pr\u00e9vention sp\u00e9cialis\u00e9e, places en structure collective, en famille d\u2019accueil, en accompagnement en milieu ouvert, etc\u2026<\/p>\n\n\n\n<p>C\u2019est pour toutes ces raisons, et elles ne sont pas exhaustives, que la F\u00e9d\u00e9ration CGT des services publics appelle l\u2019ensemble des agent\u00b7es du secteur m\u00e9dico-social \u00e0 la gr\u00e8ve et \u00e0 la mobilisation mardi 7 d\u00e9cembre.<\/p>\n\n\n\n<h2 class=\"has-luminous-vivid-amber-background-color has-background wp-block-heading\">Et c&rsquo;est aussi pour cela que nous serons dans la rue le 14 et 15 d\u00e9cembre .<\/h2>\n\n\n\n<p>Les agents de la fili\u00e8re animation de la Fonction publique territoriale participent au premier plan \u00e0 la construction du lien social au service de tous, au d\u00e9veloppement des enfants, \u00e0 leur sociabilit\u00e9, au d\u00e9veloppement de la coh\u00e9sion sociale. Ils participent \u00e0 la transmission de valeurs \u00e9ducatives, culturelles, citoyennes, ils participent \u00e0 la construction, l\u2019\u00e9panouissement et l\u2019\u00e9mancipation individuelle et collective des publics accueillis. Force est de constater que, malgr\u00e9 ce r\u00f4le essentiel, ils souffrent depuis des ann\u00e9es d\u2019un manque de reconnaissance. Les bas-salaires, la pr\u00e9carit\u00e9, les mauvaises conditions de travail, les sous-effectifs deviennent la norme. Quel m\u00e9pris pour les personnels et pour les jeunes qu\u2019ils encadrent&nbsp;!<\/p>\n\n\n\n<p>Aujourd\u2019hui, ce secteur souffre de sous-effectif et d\u2019un turn-over particuli\u00e8rement anormal. Les cons\u00e9quences sont d\u00e9sastreuses sur la qualit\u00e9 d\u2019accueil, sur les contenus p\u00e9dagogiques, et sur la s\u00e9curit\u00e9 notamment des enfants. Cette logique g\u00e9n\u00e8re des modes d\u2019organisation ing\u00e9rables et d\u00e9shumanis\u00e9s, o\u00f9 l\u2019enfant est souvent parqu\u00e9, au d\u00e9triment d\u2019une relation de confiance et d\u2019\u00e9coute tellement importante pour sa construction.<\/p>\n\n\n\n<p>Au lieu d\u2019\u00e9manciper les consciences, votre politique conduit \u00e0 la construction une forme d\u2019ali\u00e9nation collective r\u00e9pondant \u00e0 la logique lib\u00e9rale comptable et financi\u00e8re, qui est au centre de votre politique.<\/p>\n\n\n\n<figure class=\"wp-block-image size-large\"><img loading=\"lazy\" decoding=\"async\" width=\"1024\" height=\"352\" src=\"https:\/\/cgt-bfc.fr\/wp-content\/uploads\/2021\/12\/00medico_social-1024x352.png\" alt=\"\" class=\"wp-image-11053\" srcset=\"https:\/\/cgt-bfc.fr\/wp-content\/uploads\/2021\/12\/00medico_social-1024x352.png 1024w, https:\/\/cgt-bfc.fr\/wp-content\/uploads\/2021\/12\/00medico_social-1536x528.png 1536w, https:\/\/cgt-bfc.fr\/wp-content\/uploads\/2021\/12\/00medico_social.png 1734w\" sizes=\"auto, (max-width: 1024px) 100vw, 1024px\" \/><\/figure>\n\n\n\n<p><strong>Cette politique contenue dans la loi dite de transformation de la Fonction publique entend en finir avec le statut de la Fonction publique, notamment avec la mise en place d\u2019un code<\/strong>, avec le passage en force aux 1607 heures, avec les restrictions au droit de gr\u00e8ve, la g\u00e9n\u00e9ralisation des \u00ab&nbsp;d\u00e9l\u00e9gations de service public&nbsp;\u00bb, la remise en cause des instances paritaires, etc.<\/p>\n\n\n\n<p><strong>Malgr\u00e9 vos mesures, qui s\u2019accumulent depuis des ann\u00e9es, les agents  sont aux avant-postes pour maintenir un service public de qualit\u00e9. Mais face \u00e0 l\u2019incurie des pouvoirs publics, l\u2019indignation fait place \u00e0 la col\u00e8re.<\/strong><\/p>\n\n\n\n<h2 class=\"wp-block-heading\">C\u2019est pourquoi la f\u00e9d\u00e9ration CGT des Services publics vous demande l\u2019ouverture sans d\u00e9lai de v\u00e9ritables n\u00e9gociations.<\/h2>\n\n\n\n<h2 class=\"has-vivid-red-color has-text-color wp-block-heading\"><strong><a href=\"http:\/\/La F\u00e9d\u00e9ration CGT des Services publics d\u00e9pose un pr\u00e9avis de gr\u00e8ve de 0 h \u00e0 24 h pour les journ\u00e9es du 14 et 15 d\u00e9cembre 2021\">Pr\u00e9avis de gr\u00e8ve de 0 h \u00e0 24 h pour les journ\u00e9es du 14 et 15 d\u00e9cembre 2021<\/a><\/strong><\/h2>\n","protected":false},"excerpt":{"rendered":"<div class=\"mh-excerpt\"><p>Les travailleurs sociaux disent stop\u00a0! Epuisement professionnel, manque de moyens, salaires au rabais, conditions de travail en dessous de tout, p\u00e9nurie constante de professionnels qualifi\u00e9s, <a class=\"mh-excerpt-more\" href=\"https:\/\/cgt-bfc.fr\/index.php\/2021\/12\/07\/11025\/\" title=\"Casse des services publiques\">[&#8230;]<\/a><\/p>\n<\/div>","protected":false},"author":1,"featured_media":11055,"comment_status":"open","ping_status":"open","sticky":false,"template":"","format":"standard","meta":{"_jetpack_memberships_contains_paid_content":false,"footnotes":""},"categories":[1,21,13,22,31,30],"tags":[],"class_list":["post-11025","post","type-post","status-publish","format-standard","has-post-thumbnail","hentry","category-actu","category-agent-du-siege","category-agents","category-agents-des-lycees","category-cgt","category-luttes-cgt"],"jetpack_featured_media_url":"https:\/\/cgt-bfc.fr\/wp-content\/uploads\/2021\/12\/00medico_social-1.png","jetpack_sharing_enabled":true,"_links":{"self":[{"href":"https:\/\/cgt-bfc.fr\/index.php\/wp-json\/wp\/v2\/posts\/11025","targetHints":{"allow":["GET"]}}],"collection":[{"href":"https:\/\/cgt-bfc.fr\/index.php\/wp-json\/wp\/v2\/posts"}],"about":[{"href":"https:\/\/cgt-bfc.fr\/index.php\/wp-json\/wp\/v2\/types\/post"}],"author":[{"embeddable":true,"href":"https:\/\/cgt-bfc.fr\/index.php\/wp-json\/wp\/v2\/users\/1"}],"replies":[{"embeddable":true,"href":"https:\/\/cgt-bfc.fr\/index.php\/wp-json\/wp\/v2\/comments?post=11025"}],"version-history":[{"count":19,"href":"https:\/\/cgt-bfc.fr\/index.php\/wp-json\/wp\/v2\/posts\/11025\/revisions"}],"predecessor-version":[{"id":11057,"href":"https:\/\/cgt-bfc.fr\/index.php\/wp-json\/wp\/v2\/posts\/11025\/revisions\/11057"}],"wp:featuredmedia":[{"embeddable":true,"href":"https:\/\/cgt-bfc.fr\/index.php\/wp-json\/wp\/v2\/media\/11055"}],"wp:attachment":[{"href":"https:\/\/cgt-bfc.fr\/index.php\/wp-json\/wp\/v2\/media?parent=11025"}],"wp:term":[{"taxonomy":"category","embeddable":true,"href":"https:\/\/cgt-bfc.fr\/index.php\/wp-json\/wp\/v2\/categories?post=11025"},{"taxonomy":"post_tag","embeddable":true,"href":"https:\/\/cgt-bfc.fr\/index.php\/wp-json\/wp\/v2\/tags?post=11025"}],"curies":[{"name":"wp","href":"https:\/\/api.w.org\/{rel}","templated":true}]}}