{"id":11212,"date":"2022-01-18T19:48:22","date_gmt":"2022-01-18T18:48:22","guid":{"rendered":"https:\/\/cgt-bfc.fr\/?p=11212"},"modified":"2022-09-01T20:10:56","modified_gmt":"2022-09-01T19:10:56","slug":"pour-un-droit-effectif-des-agents-territoriaux-a-une-securite-et-une-protection-sociale-integrales-solidaires-generaliseesprotectrices-des-aleas-et-des-risques-de-la-vie","status":"publish","type":"post","link":"https:\/\/cgt-bfc.fr\/index.php\/2022\/01\/18\/pour-un-droit-effectif-des-agents-territoriaux-a-une-securite-et-une-protection-sociale-integrales-solidaires-generaliseesprotectrices-des-aleas-et-des-risques-de-la-vie\/","title":{"rendered":"Pour un droit effectif des agents territoriaux \u00e0 une s\u00e9curit\u00e9 et une protection sociale int\u00e9grales, solidaires, g\u00e9n\u00e9ralis\u00e9es,protectrices des al\u00e9as et des risques de la vie."},"content":{"rendered":"\n<h1 class=\"wp-block-heading\">Communiqu\u00e9:<\/h1>\n\n\n\n<p>Pour donner suite au boycott par la CGT et l\u2019ensemble des organisations syndicales de la s\u00e9ance pl\u00e9ni\u00e8re du Conseil Commun de la Fonction Publique Territoriale (CSFPT) du mois de d\u00e9cembre dernier, en opposition au texte propos\u00e9 et \u00e0 la faible prise en charge obligatoire des employeurs territoriaux sur la Protection Sociale Compl\u00e9mentaire (PSC) \u00e0 destination des agents, s\u2019est tenue mercredi 12 janvier \u00e0 17h, une rencontre entre les organisations syndicales et la Coordination des Employeurs Territoriaux (CET), avec le souhait affich\u00e9 d\u2019entamer une v\u00e9ritable n\u00e9gociation sur ce sujet et ses modalit\u00e9s de mise en \u0153uvre.<\/p>\n\n\n\n<p>L\u2019ensemble des participants acte la n\u00e9cessit\u00e9 de prendre le temps de conduire ces discussions. Durant les deux prochains mois, la CGT portera donc les th\u00e8mes suivants dans le cadre de ces n\u00e9gociations\u00a0:<\/p>\n\n\n\n<p>\u2022 une d\u00e9finition la plus large possible des b\u00e9n\u00e9ficiaires \u00e0 la PSC (actifs, retrait\u00e9s, ayants droit) et une portabilit\u00e9 des droits \u00e9tendue\u00a0;<\/p>\n\n\n\n<p>\u2022 des paniers de soins du plus haut niveau possible de couverture en\u00a0% des d\u00e9penses de sant\u00e9 &#8211; r\u00e9gimes obligatoires et compl\u00e9mentaires &#8211; et en pr\u00e9voyance\u00a0;<\/p>\n\n\n\n<p>\u2022 des mesures fortes de solidarit\u00e9 avec une attention particuli\u00e8re envers les plus pr\u00e9caires et les retrait\u00e9s\u00a0;<\/p>\n\n\n\n<p>\u2022 les montants de r\u00e9f\u00e9rence des paniers et de participation minimum, pour la sant\u00e9 et la pr\u00e9voyance, de participation des employeurs avec une indexation du montant de participation sur un indicateur objectif \u00e0 construire.<\/p>\n\n\n\n<h2 class=\"wp-block-heading\">La CGT aborde ces n\u00e9gociations avec d\u00e9termination afin de gagner un haut niveau de protection sociale et la meilleure prise en charge financi\u00e8re obligatoire de la PSC pour l\u2019ensemble des agents territoriaux.<\/h2>\n\n\n\n<figure class=\"wp-block-image\"><img decoding=\"async\" src=\"https:\/\/www.cgtservicespublics.fr\/IMG\/rubon2610.png?1642018468\" alt=\"\"\/><\/figure>\n","protected":false},"excerpt":{"rendered":"<div class=\"mh-excerpt\"><p>Communiqu\u00e9: Pour donner suite au boycott par la CGT et l\u2019ensemble des organisations syndicales de la s\u00e9ance pl\u00e9ni\u00e8re du Conseil Commun de la Fonction Publique <a class=\"mh-excerpt-more\" href=\"https:\/\/cgt-bfc.fr\/index.php\/2022\/01\/18\/pour-un-droit-effectif-des-agents-territoriaux-a-une-securite-et-une-protection-sociale-integrales-solidaires-generaliseesprotectrices-des-aleas-et-des-risques-de-la-vie\/\" title=\"Pour un droit effectif des agents territoriaux \u00e0 une s\u00e9curit\u00e9 et une protection sociale int\u00e9grales, solidaires, g\u00e9n\u00e9ralis\u00e9es,protectrices des al\u00e9as et des risques de la vie.\">[&#8230;]<\/a><\/p>\n<\/div>","protected":false},"author":1,"featured_media":11223,"comment_status":"open","ping_status":"open","sticky":false,"template":"","format":"standard","meta":{"_jetpack_memberships_contains_paid_content":false,"footnotes":""},"categories":[1,21,13,22],"tags":[],"class_list":["post-11212","post","type-post","status-publish","format-standard","has-post-thumbnail","hentry","category-actu","category-agent-du-siege","category-agents","category-agents-des-lycees"],"jetpack_featured_media_url":"https:\/\/cgt-bfc.fr\/wp-content\/uploads\/2022\/01\/commmunique.png","jetpack_sharing_enabled":true,"_links":{"self":[{"href":"https:\/\/cgt-bfc.fr\/index.php\/wp-json\/wp\/v2\/posts\/11212","targetHints":{"allow":["GET"]}}],"collection":[{"href":"https:\/\/cgt-bfc.fr\/index.php\/wp-json\/wp\/v2\/posts"}],"about":[{"href":"https:\/\/cgt-bfc.fr\/index.php\/wp-json\/wp\/v2\/types\/post"}],"author":[{"embeddable":true,"href":"https:\/\/cgt-bfc.fr\/index.php\/wp-json\/wp\/v2\/users\/1"}],"replies":[{"embeddable":true,"href":"https:\/\/cgt-bfc.fr\/index.php\/wp-json\/wp\/v2\/comments?post=11212"}],"version-history":[{"count":10,"href":"https:\/\/cgt-bfc.fr\/index.php\/wp-json\/wp\/v2\/posts\/11212\/revisions"}],"predecessor-version":[{"id":11225,"href":"https:\/\/cgt-bfc.fr\/index.php\/wp-json\/wp\/v2\/posts\/11212\/revisions\/11225"}],"wp:featuredmedia":[{"embeddable":true,"href":"https:\/\/cgt-bfc.fr\/index.php\/wp-json\/wp\/v2\/media\/11223"}],"wp:attachment":[{"href":"https:\/\/cgt-bfc.fr\/index.php\/wp-json\/wp\/v2\/media?parent=11212"}],"wp:term":[{"taxonomy":"category","embeddable":true,"href":"https:\/\/cgt-bfc.fr\/index.php\/wp-json\/wp\/v2\/categories?post=11212"},{"taxonomy":"post_tag","embeddable":true,"href":"https:\/\/cgt-bfc.fr\/index.php\/wp-json\/wp\/v2\/tags?post=11212"}],"curies":[{"name":"wp","href":"https:\/\/api.w.org\/{rel}","templated":true}]}}