{"id":1140,"date":"2017-03-28T15:24:26","date_gmt":"2017-03-28T14:24:26","guid":{"rendered":"http:\/\/cgt-bfc.fr\/?p=1140"},"modified":"2017-05-09T07:53:06","modified_gmt":"2017-05-09T06:53:06","slug":"1140","status":"publish","type":"post","link":"https:\/\/cgt-bfc.fr\/index.php\/2017\/03\/28\/1140\/","title":{"rendered":"R\u00e9union Pr\u00e9sidente +Organisations Syndicales"},"content":{"rendered":"<p>Comme suite au <strong>boycott par toutes les organisations syndicales du dialogue social du 16 mars<\/strong>, la Pr\u00e9sidente nous a re\u00e7us le<strong> jeudi 23 mars<\/strong>\u00a0 pour r\u00e9tablir rapidement un dialogue de confiance. Elle regrette cette situation de blocage, et pensait que nous nous \u00e9tions mis d\u2019accord sur la m\u00e9thode de travail.<\/p>\n<p>La CGT lui a rappel\u00e9 qu\u2019il \u00e9tait inadmissible de demander aux agents de travailler b\u00e9n\u00e9volement, et de perdre tous les acquis. Qu\u2019aucune remarque faite par les organisations syndicales n\u2019avait \u00e9t\u00e9 prise en compte sur le deuxi\u00e8me document qui nous a \u00e9t\u00e9 transmis et que le document avait \u00e9t\u00e9 durci, ce qui a \u00e9t\u00e9 pris comme une provocation envers les agents. La CGT d\u00e9nonce un mal \u00eatre important des agents.<\/p>\n<p><strong>La Pr\u00e9sidente trouve dommage d\u2019avoir boycott\u00e9 le dernier dialogue social<\/strong> car des documents allaient nous \u00eatre remis sur table. La CGT est intervenue en disant qu\u2019il aurait \u00e9t\u00e9 judicieux de nous en informer, ce qui aurait \u00e9vit\u00e9 ce blocage.<\/p>\n<p>La Pr\u00e9sidente confirme que rien n\u2019est chang\u00e9 pour l\u2019instant sur les acquis, que les 3 jours de Pr\u00e9sidente sont toujours d\u2019actualit\u00e9 pour la Franche-Comt\u00e9 ainsi que les deux jours de cong\u00e9 suppl\u00e9mentaires pour les agents du si\u00e8ge en \u00a0Bourgogne.<\/p>\n<p>Aucune d\u00e9cision n\u2019est prise pour l\u2019instant, seule la Pr\u00e9sidente arbitrera sur les diff\u00e9rentes propositions, pour un passage en CT puis en pl\u00e9ni\u00e8re de juin, mais avec la \u00a0possibilit\u00e9\u00a0 de repousser en septembre le temps de travail si celui-ci n\u2019\u00e9tait pas abouti. <strong>La Pr\u00e9sidente a rappel\u00e9 que c\u2019\u00e9tait elle la Patronne.<\/strong><\/p>\n<p>&nbsp;<\/p>\n<p><img loading=\"lazy\" decoding=\"async\" class=\"wp-image-1145 aligncenter\" src=\"http:\/\/cgt-bfc.fr\/wp-content\/uploads\/2017\/03\/patronne-1024x768.jpg\" alt=\"\" width=\"749\" height=\"574\" \/><\/p>\n<p>&nbsp;<\/p>\n<p>La CGT l\u2019alerte sur la suppression du ch\u00e8que de 150\u20ac pour les d\u00e9parts \u00e0 la retraite, le service RH va regarder et prendre contact avec l\u2019\u00e9tablissement qui nous a inform\u00e9s.<\/p>\n<p>Le prochain Dialogue Social portera sur le R\u00e9gime Indemnitaire.<\/p>\n<p>&nbsp;<\/p>\n<p>&nbsp;<\/p>\n<p>&nbsp;<\/p>\n<p>&nbsp;<\/p>\n","protected":false},"excerpt":{"rendered":"<div class=\"mh-excerpt\"><p>Comme suite au boycott par toutes les organisations syndicales du dialogue social du 16 mars, la Pr\u00e9sidente nous a re\u00e7us le jeudi 23 mars\u00a0 pour <a class=\"mh-excerpt-more\" href=\"https:\/\/cgt-bfc.fr\/index.php\/2017\/03\/28\/1140\/\" title=\"R\u00e9union Pr\u00e9sidente +Organisations Syndicales\">[&#8230;]<\/a><\/p>\n<\/div>","protected":false},"author":1,"featured_media":1149,"comment_status":"open","ping_status":"open","sticky":false,"template":"","format":"standard","meta":{"_jetpack_memberships_contains_paid_content":false,"footnotes":""},"categories":[1,21,22],"tags":[],"class_list":["post-1140","post","type-post","status-publish","format-standard","has-post-thumbnail","hentry","category-actu","category-agent-du-siege","category-agents-des-lycees"],"jetpack_featured_media_url":"https:\/\/cgt-bfc.fr\/wp-content\/uploads\/2017\/03\/boycott.png","jetpack_sharing_enabled":true,"_links":{"self":[{"href":"https:\/\/cgt-bfc.fr\/index.php\/wp-json\/wp\/v2\/posts\/1140","targetHints":{"allow":["GET"]}}],"collection":[{"href":"https:\/\/cgt-bfc.fr\/index.php\/wp-json\/wp\/v2\/posts"}],"about":[{"href":"https:\/\/cgt-bfc.fr\/index.php\/wp-json\/wp\/v2\/types\/post"}],"author":[{"embeddable":true,"href":"https:\/\/cgt-bfc.fr\/index.php\/wp-json\/wp\/v2\/users\/1"}],"replies":[{"embeddable":true,"href":"https:\/\/cgt-bfc.fr\/index.php\/wp-json\/wp\/v2\/comments?post=1140"}],"version-history":[{"count":7,"href":"https:\/\/cgt-bfc.fr\/index.php\/wp-json\/wp\/v2\/posts\/1140\/revisions"}],"predecessor-version":[{"id":1150,"href":"https:\/\/cgt-bfc.fr\/index.php\/wp-json\/wp\/v2\/posts\/1140\/revisions\/1150"}],"wp:featuredmedia":[{"embeddable":true,"href":"https:\/\/cgt-bfc.fr\/index.php\/wp-json\/wp\/v2\/media\/1149"}],"wp:attachment":[{"href":"https:\/\/cgt-bfc.fr\/index.php\/wp-json\/wp\/v2\/media?parent=1140"}],"wp:term":[{"taxonomy":"category","embeddable":true,"href":"https:\/\/cgt-bfc.fr\/index.php\/wp-json\/wp\/v2\/categories?post=1140"},{"taxonomy":"post_tag","embeddable":true,"href":"https:\/\/cgt-bfc.fr\/index.php\/wp-json\/wp\/v2\/tags?post=1140"}],"curies":[{"name":"wp","href":"https:\/\/api.w.org\/{rel}","templated":true}]}}