{"id":1165,"date":"2017-04-05T07:19:50","date_gmt":"2017-04-05T06:19:50","guid":{"rendered":"http:\/\/cgt-bfc.fr\/?p=1165"},"modified":"2017-05-09T07:52:43","modified_gmt":"2017-05-09T06:52:43","slug":"declaration-de-principe-au-ct-du-30-mars-2017","status":"publish","type":"post","link":"https:\/\/cgt-bfc.fr\/index.php\/2017\/04\/05\/declaration-de-principe-au-ct-du-30-mars-2017\/","title":{"rendered":"D\u00e9claration  De Principe Au CT Du 30 Mars 2017"},"content":{"rendered":"<p>Madame la Pr\u00e9sidente, Messieurs et Mesdames les \u00e9lu-es,<\/p>\n<p>La CGT du Conseil R\u00e9gional Bourgogne Franche Comt\u00e9 ayant si\u00e9g\u00e9e au Conseil R\u00e9gional d\u2019Orientation de la Franche-Comt\u00e9 le 8 mars 2017, est <strong>inqui\u00e8te des orientations prises envers l\u2019offre de formation<\/strong> qui sera mise en place pour les agents territoriaux, avec une <strong>perte de 10% de l\u2019offre de fonctionnement<\/strong>.<br \/>\nLa priorit\u00e9 sera donn\u00e9e \u00e0 l\u2019organisation de concours pour les cat\u00e9gories A+, appui sur la mobilit\u00e9 des cadres de Direction, prise en charge des fonctionnaires A+, scolarit\u00e9 Inet (ing\u00e9nieur chef), illettrisme\u2026\u2026.<br \/>\nNon-participation aux frais de formation des apprentis pour 2017, report de la mise en \u0153uvre d\u2019un dispositif de pr\u00e9paration concours.<br \/>\nCertaines formation devront se faire en Visio conf\u00e9rence, depuis le lieu de travail, l\u2019employeur devra d\u00e9dier des salles de formation avec internet, ordi \u2026 ce qui p\u00e9nalisera une grande partie des agents et plus principalement ceux des lyc\u00e9es. Une forte augmentation de l\u2019amande pour l\u2019absent\u00e9isme.<br \/>\n<strong>La CGT d\u00e9nonce cette mise en \u0153uvre catastrophique et qui aura un impact important sur les agents de cat\u00e9gorie B et C de la collectivit\u00e9.<\/strong><br \/>\nLa CGT vous rappel sa position lors de la mise en place des crit\u00e8res d\u2019avancement de grade et promotion interne \u00e0 savoir que nous \u00e9tions contre le crit\u00e8re formation. Aujourd\u2019hui notre analyse \u00e9tait fond\u00e9e, les agents qui pourront pr\u00e9tendre \u00e0 un avancement de grade, ne pourront pas y acc\u00e9der.<br \/>\n<strong>Dans ce contexte r\u00e9gressif la CGT demande, que vous souteniez la motion, et la suppression du crit\u00e8re de formation concernant l\u2019avancement et la promotion interne.<\/strong><\/p>\n<p>Nous demandons que la Motion, ainsi que notre d\u00e9claration soit mise au PV de ce CT.<\/p>\n<p>&nbsp;<\/p>\n<p><img loading=\"lazy\" decoding=\"async\" class=\"wp-image-1170 aligncenter\" src=\"http:\/\/cgt-bfc.fr\/wp-content\/uploads\/2017\/04\/bien_public-1024x333.png\" alt=\"\" width=\"571\" height=\"186\" srcset=\"https:\/\/cgt-bfc.fr\/wp-content\/uploads\/2017\/04\/bien_public-1024x333.png 1024w, https:\/\/cgt-bfc.fr\/wp-content\/uploads\/2017\/04\/bien_public.png 1088w\" sizes=\"auto, (max-width: 571px) 100vw, 571px\" \/><\/p>\n","protected":false},"excerpt":{"rendered":"<div class=\"mh-excerpt\"><p>Madame la Pr\u00e9sidente, Messieurs et Mesdames les \u00e9lu-es, La CGT du Conseil R\u00e9gional Bourgogne Franche Comt\u00e9 ayant si\u00e9g\u00e9e au Conseil R\u00e9gional d\u2019Orientation de la Franche-Comt\u00e9 <a class=\"mh-excerpt-more\" href=\"https:\/\/cgt-bfc.fr\/index.php\/2017\/04\/05\/declaration-de-principe-au-ct-du-30-mars-2017\/\" title=\"D\u00e9claration  De Principe Au CT Du 30 Mars 2017\">[&#8230;]<\/a><\/p>\n<\/div>","protected":false},"author":1,"featured_media":1172,"comment_status":"open","ping_status":"open","sticky":false,"template":"","format":"standard","meta":{"_jetpack_memberships_contains_paid_content":false,"footnotes":""},"categories":[1],"tags":[],"class_list":["post-1165","post","type-post","status-publish","format-standard","has-post-thumbnail","hentry","category-actu"],"jetpack_featured_media_url":"https:\/\/cgt-bfc.fr\/wp-content\/uploads\/2017\/04\/formation-e1491375579131.png","jetpack_sharing_enabled":true,"_links":{"self":[{"href":"https:\/\/cgt-bfc.fr\/index.php\/wp-json\/wp\/v2\/posts\/1165","targetHints":{"allow":["GET"]}}],"collection":[{"href":"https:\/\/cgt-bfc.fr\/index.php\/wp-json\/wp\/v2\/posts"}],"about":[{"href":"https:\/\/cgt-bfc.fr\/index.php\/wp-json\/wp\/v2\/types\/post"}],"author":[{"embeddable":true,"href":"https:\/\/cgt-bfc.fr\/index.php\/wp-json\/wp\/v2\/users\/1"}],"replies":[{"embeddable":true,"href":"https:\/\/cgt-bfc.fr\/index.php\/wp-json\/wp\/v2\/comments?post=1165"}],"version-history":[{"count":6,"href":"https:\/\/cgt-bfc.fr\/index.php\/wp-json\/wp\/v2\/posts\/1165\/revisions"}],"predecessor-version":[{"id":1173,"href":"https:\/\/cgt-bfc.fr\/index.php\/wp-json\/wp\/v2\/posts\/1165\/revisions\/1173"}],"wp:featuredmedia":[{"embeddable":true,"href":"https:\/\/cgt-bfc.fr\/index.php\/wp-json\/wp\/v2\/media\/1172"}],"wp:attachment":[{"href":"https:\/\/cgt-bfc.fr\/index.php\/wp-json\/wp\/v2\/media?parent=1165"}],"wp:term":[{"taxonomy":"category","embeddable":true,"href":"https:\/\/cgt-bfc.fr\/index.php\/wp-json\/wp\/v2\/categories?post=1165"},{"taxonomy":"post_tag","embeddable":true,"href":"https:\/\/cgt-bfc.fr\/index.php\/wp-json\/wp\/v2\/tags?post=1165"}],"curies":[{"name":"wp","href":"https:\/\/api.w.org\/{rel}","templated":true}]}}