{"id":1263,"date":"2017-09-11T07:22:09","date_gmt":"2017-09-11T06:22:09","guid":{"rendered":"https:\/\/cgt-bfc.fr\/?p=1263"},"modified":"2017-09-18T16:40:11","modified_gmt":"2017-09-18T15:40:11","slug":"cest-une-rentree-inquietante","status":"publish","type":"post","link":"https:\/\/cgt-bfc.fr\/index.php\/2017\/09\/11\/cest-une-rentree-inquietante\/","title":{"rendered":"C&rsquo;est une rentr\u00e9e inqui\u00e9tante !"},"content":{"rendered":"<p>Le ministre de l&rsquo;Action et des Comptes publics a ouvert il y a trois jours \u00a0un nouveau front avec la r\u00e9forme ultra sensible de la fonction publique. G\u00e9rald Darmanin a entam\u00e9 une s\u00e9rie de rendez-vous avec les syndicats, pr\u00e9alable aux \u00e9tats g\u00e9n\u00e9raux\u00a0\u00a0qui doivent se tenir \u00e0 l&rsquo;automne. \u00c0 l&rsquo;agenda des discussions, plusieurs sujets sensibles. C&rsquo;est une \u00abrentr\u00e9e inqui\u00e9tante car on ne voit pas bien quelle est la philosophie (du projet gouvernemental), si c&rsquo;est quelque chose de court terme\u00bb, a pr\u00e9venu Philippe Laurent, maire UDI de Sceaux et pr\u00e9sident du conseil sup\u00e9rieur de la fonction publique ce jeudi devant la presse. \u00abLes efforts de court terme peuvent \u00eatre accept\u00e9s dans le cadre d&rsquo;une strat\u00e9gie claire, mais l\u00e0 on ne sait pas ce qu&rsquo;est le service public, \u00e7a ne transpara\u00eet pas dans le discours. Or, c&rsquo;est une caract\u00e9ristique forte du mod\u00e8le fran\u00e7ais. Si on ne veut plus de ce mod\u00e8le-l\u00e0, il faut le dire, il ne faut pas faire semblant\u00bb, a-t-il ajout\u00e9. Salaires, effectifs, privatisation des missions&#8230;\u00a0Le Figaro\u00a0fait le point sur les points qui devraient \u00eatre abord\u00e9s.<\/p>\n<p>LIRE LA SUITE<\/p>\n<p><a href=\"http:\/\/www.msn.com\/fr-fr\/actualite\/france\/darmanin-ouvre-les-consultations-sur-la-r%C3%A9forme-du-statut-des-fonctionnaires\/ar-AArsj1V?ocid=sf\">Voir la vid\u00e9o<\/a><\/p>\n<p>&nbsp;<\/p>\n<p>&nbsp;<\/p>\n<p style=\"text-align: center;\"><img loading=\"lazy\" decoding=\"async\" class=\"wp-image-1275 size-full aligncenter\" src=\"https:\/\/cgt-bfc.fr\/wp-content\/uploads\/2017\/09\/darmanin.png\" alt=\"\" width=\"168\" height=\"267\" \/><\/p>\n<p>&nbsp;<\/p>\n","protected":false},"excerpt":{"rendered":"<div class=\"mh-excerpt\"><p>Le ministre de l&rsquo;Action et des Comptes publics a ouvert il y a trois jours \u00a0un nouveau front avec la r\u00e9forme ultra sensible de la <a class=\"mh-excerpt-more\" href=\"https:\/\/cgt-bfc.fr\/index.php\/2017\/09\/11\/cest-une-rentree-inquietante\/\" title=\"C&rsquo;est une rentr\u00e9e inqui\u00e9tante !\">[&#8230;]<\/a><\/p>\n<\/div>","protected":false},"author":1,"featured_media":1273,"comment_status":"open","ping_status":"open","sticky":false,"template":"","format":"standard","meta":{"_jetpack_memberships_contains_paid_content":false,"footnotes":""},"categories":[1,21,13,22],"tags":[],"class_list":["post-1263","post","type-post","status-publish","format-standard","has-post-thumbnail","hentry","category-actu","category-agent-du-siege","category-agents","category-agents-des-lycees"],"jetpack_featured_media_url":"https:\/\/cgt-bfc.fr\/wp-content\/uploads\/2017\/09\/fonction_publique_0.png","jetpack_sharing_enabled":true,"_links":{"self":[{"href":"https:\/\/cgt-bfc.fr\/index.php\/wp-json\/wp\/v2\/posts\/1263","targetHints":{"allow":["GET"]}}],"collection":[{"href":"https:\/\/cgt-bfc.fr\/index.php\/wp-json\/wp\/v2\/posts"}],"about":[{"href":"https:\/\/cgt-bfc.fr\/index.php\/wp-json\/wp\/v2\/types\/post"}],"author":[{"embeddable":true,"href":"https:\/\/cgt-bfc.fr\/index.php\/wp-json\/wp\/v2\/users\/1"}],"replies":[{"embeddable":true,"href":"https:\/\/cgt-bfc.fr\/index.php\/wp-json\/wp\/v2\/comments?post=1263"}],"version-history":[{"count":10,"href":"https:\/\/cgt-bfc.fr\/index.php\/wp-json\/wp\/v2\/posts\/1263\/revisions"}],"predecessor-version":[{"id":1277,"href":"https:\/\/cgt-bfc.fr\/index.php\/wp-json\/wp\/v2\/posts\/1263\/revisions\/1277"}],"wp:featuredmedia":[{"embeddable":true,"href":"https:\/\/cgt-bfc.fr\/index.php\/wp-json\/wp\/v2\/media\/1273"}],"wp:attachment":[{"href":"https:\/\/cgt-bfc.fr\/index.php\/wp-json\/wp\/v2\/media?parent=1263"}],"wp:term":[{"taxonomy":"category","embeddable":true,"href":"https:\/\/cgt-bfc.fr\/index.php\/wp-json\/wp\/v2\/categories?post=1263"},{"taxonomy":"post_tag","embeddable":true,"href":"https:\/\/cgt-bfc.fr\/index.php\/wp-json\/wp\/v2\/tags?post=1263"}],"curies":[{"name":"wp","href":"https:\/\/api.w.org\/{rel}","templated":true}]}}