{"id":12924,"date":"2022-10-07T07:00:36","date_gmt":"2022-10-07T06:00:36","guid":{"rendered":"https:\/\/cgt-bfc.fr\/?p=12924"},"modified":"2023-03-01T09:45:46","modified_gmt":"2023-03-01T08:45:46","slug":"la-retraite-pour-les-nuls","status":"publish","type":"post","link":"https:\/\/cgt-bfc.fr\/index.php\/2022\/10\/07\/la-retraite-pour-les-nuls\/","title":{"rendered":"La retraite pour les nuls"},"content":{"rendered":"\n<p>Temps de lecture&nbsp;:&nbsp;4&nbsp;minutes<\/p>\n\n\n\n<p>Alors que les jours pr\u00e9c\u00e9dents le d\u00e9bat faisait rage jusque dans les rangs de la majorit\u00e9 sur la m\u00e9thode de la r\u00e9forme des retraites, le ministre du Travail, Olivier Dussopt, a sorti ses PowerPoint devant les syndicats et le patronat le 19 septembre afin d\u2019en expliquer l\u2019urgence et l\u2019imp\u00e9rieuse n\u00e9cessit\u00e9. Surr\u00e9aliste&nbsp;! Alors m\u00eame que tous les acteurs sociaux avaient sous les yeux les projections du Conseil d\u2019orientation des retraites qui disent justement qu\u2019il n\u2019y a pas p\u00e9ril financier, Olivier Dussopt s\u2019appuie sur un d\u00e9ficit estim\u00e9 de&nbsp;12 \u00e0 20&nbsp;milliards d\u2019euros \u00e0 l\u2019horizon&nbsp;2032 pour affirmer que&nbsp;<em>\u00ab\u2009nous devons travailler plus&nbsp;(\u2026) \u00e0 l\u2019\u00e9chelle de nos vies\u2009\u00bb<\/em>. Cela alors m\u00eame que tous les sc\u00e9narios du Conseil tablent un retour \u00e0 l\u2019\u00e9quilibre au milieu des ann\u00e9es&nbsp;2030, sans qu\u2019il soit besoin de toucher aux param\u00e8tres actuels.<\/p>\n\n\n\n<p>La Macronie est donc vraiment coinc\u00e9e, mais pas encore d\u00e9faite sur le sujet. La mobilisation de l\u2019hiver 2019 a contraint Emmanuel Macron \u00e0 renoncer \u00e0 sa r\u00e9forme syst\u00e9mique, mais d\u00e9sormais il cherche \u00e0 passer par un trou de souris pour imposer une r\u00e9forme param\u00e9trique. Et ses fid\u00e8les se transforment en ma\u00eetres d\u2019\u00e9cole ou en proph\u00e8tes de malheur pour nous expliquer qu\u2019il va falloir travailler plus longtemps. \u00ab&nbsp;<em>Le ministre nous dit que les d\u00e9ficits \u00e0 venir vont \u00eatre terrifiants&nbsp;\u00bb,&nbsp;<\/em>a ainsi r\u00e9sum\u00e9 le secr\u00e9taire g\u00e9n\u00e9ral de la CGC.<\/p>\n\n\n\n<p><em>\u00ab\u2009J\u2019ai baptis\u00e9 cette r\u00e9union\u2009: \u00ab&nbsp;<\/em>La retraite pour les nuls&nbsp;<em>\u00bb&nbsp;\u00bb&nbsp;<\/em>a r\u00e9agi Catherine Perret, secr\u00e9taire de la CGT au sortir de Grenelle, tandis que FO taxait le ministre de \u00ab&nbsp;professeur des \u00e9coles&nbsp;\u00bb. Le ministre a donc agac\u00e9 ses interlocuteurs, d\u2019autant qu\u2019il a pris bien soin de ne pr\u00e9senter aucun calendrier, ni pr\u00e9cis\u00e9 comment le chef de l\u2019\u00c9tat comptait imposer la r\u00e9forme, via le projet de loi de financement de la S\u00e9curit\u00e9 sociale, le projet de loi de finances du budget de l\u2019\u00c9tat, ou via une loi propre. Tout au plus, il a annonc\u00e9 que le processus doit \u00eatre achev\u00e9 en mars pour application \u00e0 l\u2019\u00e9t\u00e9 2023.<\/p>\n\n\n\n<p>Dans de telles conditions, alors m\u00eame que le patronat et une partie de la majorit\u00e9 alertent sur l\u2019incandescence du dossier, craignant un conflit social majeur, la capacit\u00e9 des syndicats \u00e0 construire une riposte puissante et surtout unitaire sera d\u00e9terminante. Sur ce point, la secr\u00e9taire de la CGT a pr\u00e9venu&nbsp;: \u00ab d\u00e9j\u00e0<em>, les organisations syndicales ont annonc\u00e9 un conflit majeur si le gouvernement passe en force\u2009\u00bb.&nbsp;<\/em>Et la journ\u00e9e nationale interprofessionnelle du 29 septembre devrait \u00eatre une premi\u00e8re \u00e9tape dans la construction d\u2019un mouvement plus large.<\/p>\n\n\n\n<p>Dans un contexte de ch\u00f4mage massif et de pr\u00e9carit\u00e9 galopante, alors m\u00eame que les seniors sont massivement hors des entreprises lorsqu\u2019ils liquident leur retraite, pr\u00e9tendre allonger la dur\u00e9e de la carri\u00e8re est une ineptie sociale.<\/p>\n\n\n\n<figure class=\"wp-block-embed is-type-video is-provider-youtube wp-block-embed-youtube wp-embed-aspect-16-9 wp-has-aspect-ratio\"><div class=\"wp-block-embed__wrapper\">\n<iframe loading=\"lazy\" title=\"Augmentez les salaires, pas l&#039;\u00e2ge de la retraite !\" width=\"500\" height=\"281\" src=\"https:\/\/www.youtube.com\/embed\/YEbLA4rtlrA?feature=oembed\" frameborder=\"0\" allow=\"accelerometer; autoplay; clipboard-write; encrypted-media; gyroscope; picture-in-picture; web-share\" referrerpolicy=\"strict-origin-when-cross-origin\" allowfullscreen><\/iframe>\n<\/div><\/figure>\n\n\n\n<p>Cette r\u00e9forme est donc purement id\u00e9ologique. Elle a pour but de briser d\u00e9finitivement la confiance des g\u00e9n\u00e9rations futures de travailleuses et travailleurs dans le syst\u00e8me solidaire par r\u00e9partition devenu incapable de servir des pensions d\u00e9centes. Les g\u00e9n\u00e9rations prochaines devraient s\u2019assurer par capitalisation, cotiser \u00e0 des fonds de pension ou des compl\u00e9ments de retraite pour caresser l\u2019illusion d\u2019une retraite d\u00e9cente. Et ils y seront incit\u00e9s par des dispositifs fiscaux d\u00e9j\u00e0 en place.<\/p>\n\n\n\n<p>\u00c0 d\u00e9faut d\u2019avoir pu inscrire cette r\u00e9forme \u00e0 son tableau de chasse, Emmanuel Macron veut en faire le legs \u00e0 son successeur et aussi faire ce cadeau au Medef et \u00e0 la finance.<\/p>\n\n\n\n<p><em>Par FD, journaliste engag\u00e9 et militant Ugict-CGT<\/em><\/p>\n","protected":false},"excerpt":{"rendered":"<div class=\"mh-excerpt\"><p>Temps de lecture&nbsp;:&nbsp;4&nbsp;minutes Alors que les jours pr\u00e9c\u00e9dents le d\u00e9bat faisait rage jusque dans les rangs de la majorit\u00e9 sur la m\u00e9thode de la r\u00e9forme <a class=\"mh-excerpt-more\" href=\"https:\/\/cgt-bfc.fr\/index.php\/2022\/10\/07\/la-retraite-pour-les-nuls\/\" title=\"La retraite pour les nuls\">[&#8230;]<\/a><\/p>\n<\/div>","protected":false},"author":1,"featured_media":12926,"comment_status":"open","ping_status":"open","sticky":false,"template":"","format":"standard","meta":{"_jetpack_memberships_contains_paid_content":false,"footnotes":""},"categories":[1,21,13,22,31],"tags":[],"class_list":["post-12924","post","type-post","status-publish","format-standard","has-post-thumbnail","hentry","category-actu","category-agent-du-siege","category-agents","category-agents-des-lycees","category-cgt"],"jetpack_featured_media_url":"https:\/\/cgt-bfc.fr\/wp-content\/uploads\/2022\/10\/Billet-Retraites_Pour_Les_Nuls-HD-1536x864-1.png","jetpack_sharing_enabled":true,"_links":{"self":[{"href":"https:\/\/cgt-bfc.fr\/index.php\/wp-json\/wp\/v2\/posts\/12924","targetHints":{"allow":["GET"]}}],"collection":[{"href":"https:\/\/cgt-bfc.fr\/index.php\/wp-json\/wp\/v2\/posts"}],"about":[{"href":"https:\/\/cgt-bfc.fr\/index.php\/wp-json\/wp\/v2\/types\/post"}],"author":[{"embeddable":true,"href":"https:\/\/cgt-bfc.fr\/index.php\/wp-json\/wp\/v2\/users\/1"}],"replies":[{"embeddable":true,"href":"https:\/\/cgt-bfc.fr\/index.php\/wp-json\/wp\/v2\/comments?post=12924"}],"version-history":[{"count":7,"href":"https:\/\/cgt-bfc.fr\/index.php\/wp-json\/wp\/v2\/posts\/12924\/revisions"}],"predecessor-version":[{"id":13017,"href":"https:\/\/cgt-bfc.fr\/index.php\/wp-json\/wp\/v2\/posts\/12924\/revisions\/13017"}],"wp:featuredmedia":[{"embeddable":true,"href":"https:\/\/cgt-bfc.fr\/index.php\/wp-json\/wp\/v2\/media\/12926"}],"wp:attachment":[{"href":"https:\/\/cgt-bfc.fr\/index.php\/wp-json\/wp\/v2\/media?parent=12924"}],"wp:term":[{"taxonomy":"category","embeddable":true,"href":"https:\/\/cgt-bfc.fr\/index.php\/wp-json\/wp\/v2\/categories?post=12924"},{"taxonomy":"post_tag","embeddable":true,"href":"https:\/\/cgt-bfc.fr\/index.php\/wp-json\/wp\/v2\/tags?post=12924"}],"curies":[{"name":"wp","href":"https:\/\/api.w.org\/{rel}","templated":true}]}}