{"id":12935,"date":"2022-10-08T17:41:26","date_gmt":"2022-10-08T16:41:26","guid":{"rendered":"https:\/\/cgt-bfc.fr\/?p=12935"},"modified":"2023-03-01T09:48:00","modified_gmt":"2023-03-01T08:48:00","slug":"les-lycees-professionnels-doivent-rester-au-service-des-eleves-pas-du-patronat","status":"publish","type":"post","link":"https:\/\/cgt-bfc.fr\/index.php\/2022\/10\/08\/les-lycees-professionnels-doivent-rester-au-service-des-eleves-pas-du-patronat\/","title":{"rendered":"les lyc\u00e9es professionnels doivent rester au service des \u00e9l\u00e8ves, pas du patronat !"},"content":{"rendered":"\n<p>Le pr\u00e9sident Macron persiste \u00e0 vouloir imposer aux personnels sa r\u00e9forme des lyc\u00e9es professionnels calqu\u00e9e sur le mod\u00e8le de l\u2019apprentissage. C\u2019est un exemple r\u00e9v\u00e9lateur que la m\u00e9thode ne change pas&nbsp;: aucun bilan de la r\u00e9forme pr\u00e9c\u00e9dente, aucune concertation en amont de cette annonce brutale et une feuille de route tardive (et floue) alors m\u00eame que des d\u00e9cisions lourdes de cons\u00e9quences sont en pr\u00e9paration.<\/p>\n\n\n\n<p><strong>TEMPS DE LECTURE : 2 MIN.<\/strong><\/p>\n\n\n<div class=\"wp-block-image\">\n<figure class=\"aligncenter size-full\"><img loading=\"lazy\" decoding=\"async\" width=\"192\" height=\"288\" src=\"https:\/\/cgt-bfc.fr\/wp-content\/uploads\/2022\/10\/lycee_pro_00.png\" alt=\"\" class=\"wp-image-12979\"\/><\/figure>\n<\/div>\n\n\n<p>Alors que la r\u00e9forme de l\u2019apprentissage est d\u00e9nonc\u00e9e par un grand nombre des acteurs de la formation professionnelle, le pr\u00e9sident la prend comme mod\u00e8le pour sa r\u00e9forme. Il a annonc\u00e9 vouloir supprimer du temps de formation en lyc\u00e9e pour augmenter le temps de pr\u00e9sence des \u00e9l\u00e8ves dans les entreprises. Il veut renforcer particuli\u00e8rement la mainmise des entreprises sur la formation scolaire.<br>Or, les lyc\u00e9es professionnels (LP) n\u2019ont pas vocation \u00e0 \u00eatre au service des entreprises mais bien \u00e0 celui des \u00e9l\u00e8ves. On ne forme pas mieux \u00ab sur le tas \u00bb. L\u2019entreprise n\u2019est pas l\u2019alpha et l\u2019om\u00e9ga de la formation professionnelle. Elle pr\u00e9sente pour les jeunes \u2013 qui, de surcro\u00eet, ne peuvent se d\u00e9fendre \u2013, les m\u00eames risques li\u00e9s aux manquements \u00e0 la s\u00e9curit\u00e9, \u00e0 l\u2019exposition aux produits dangereux, aux accidents du travail et aux violences sexistes et sexuelles que pour les adultes.<br>L\u2019autonomie renforc\u00e9e des \u00e9tablissements, \u00e0 travers les \u00ab exp\u00e9rimentations locales \u00bb, va aggraver les in\u00e9galit\u00e9s sociales et territoriales et conduire \u00e0 la dislocation du cadre national de cette voie d\u2019enseignement. L\u2019introduction des comp\u00e9tences est d\u00e9j\u00e0 une attaque forte contre le dipl\u00f4me et la qualification qu\u2019il certifie et les droits collectifs qui y sont li\u00e9s.<br>Autre annonce, la mise en ad\u00e9quation de la carte des formations scolaires avec les besoins imm\u00e9diats de main d\u2019\u0153uvre des entreprises locales et les fermetures de formations pr\u00e9tendument non-ins\u00e9rantes. Ces orientations trouveront largement \u00e9cho dans les nouveaux contrats de plan r\u00e9gionaux qui sont discut\u00e9s, en ce moment, au sein des Comit\u00e9s r\u00e9gionaux de l&#8217;emploi, de la formation et de l&rsquo;orientation professionnelles (CREFOP). &nbsp;<br>Toutes ces mesures vont entrainer des suppressions de postes massives : c\u2019est bien un plan social qui s\u2019annonce dans les LP.<\/p>\n\n\n\n<p><\/p>\n\n\n\n<p class=\"has-luminous-vivid-amber-background-color has-background\"><strong>La CGT r\u00e9affirme sa revendication d\u2019une scolarit\u00e9 obligatoire jusqu\u2019\u00e0 18 ans, afin de renforcer l\u2019\u00e9galit\u00e9 des chances pour toutes et tous et notamment des jeunes issus des classes populaires qui sont les principaux \u00e9l\u00e8ves des LP.<\/strong><br><\/p>\n","protected":false},"excerpt":{"rendered":"<div class=\"mh-excerpt\"><p>Le pr\u00e9sident Macron persiste \u00e0 vouloir imposer aux personnels sa r\u00e9forme des lyc\u00e9es professionnels calqu\u00e9e sur le mod\u00e8le de l\u2019apprentissage. C\u2019est un exemple r\u00e9v\u00e9lateur que <a class=\"mh-excerpt-more\" href=\"https:\/\/cgt-bfc.fr\/index.php\/2022\/10\/08\/les-lycees-professionnels-doivent-rester-au-service-des-eleves-pas-du-patronat\/\" title=\"les lyc\u00e9es professionnels doivent rester au service des \u00e9l\u00e8ves, pas du patronat !\">[&#8230;]<\/a><\/p>\n<\/div>","protected":false},"author":1,"featured_media":12978,"comment_status":"open","ping_status":"open","sticky":false,"template":"","format":"standard","meta":{"_jetpack_memberships_contains_paid_content":false,"footnotes":""},"categories":[1,13,22,31],"tags":[],"class_list":["post-12935","post","type-post","status-publish","format-standard","has-post-thumbnail","hentry","category-actu","category-agents","category-agents-des-lycees","category-cgt"],"jetpack_featured_media_url":"https:\/\/cgt-bfc.fr\/wp-content\/uploads\/2022\/10\/LP.png","jetpack_sharing_enabled":true,"_links":{"self":[{"href":"https:\/\/cgt-bfc.fr\/index.php\/wp-json\/wp\/v2\/posts\/12935","targetHints":{"allow":["GET"]}}],"collection":[{"href":"https:\/\/cgt-bfc.fr\/index.php\/wp-json\/wp\/v2\/posts"}],"about":[{"href":"https:\/\/cgt-bfc.fr\/index.php\/wp-json\/wp\/v2\/types\/post"}],"author":[{"embeddable":true,"href":"https:\/\/cgt-bfc.fr\/index.php\/wp-json\/wp\/v2\/users\/1"}],"replies":[{"embeddable":true,"href":"https:\/\/cgt-bfc.fr\/index.php\/wp-json\/wp\/v2\/comments?post=12935"}],"version-history":[{"count":13,"href":"https:\/\/cgt-bfc.fr\/index.php\/wp-json\/wp\/v2\/posts\/12935\/revisions"}],"predecessor-version":[{"id":12982,"href":"https:\/\/cgt-bfc.fr\/index.php\/wp-json\/wp\/v2\/posts\/12935\/revisions\/12982"}],"wp:featuredmedia":[{"embeddable":true,"href":"https:\/\/cgt-bfc.fr\/index.php\/wp-json\/wp\/v2\/media\/12978"}],"wp:attachment":[{"href":"https:\/\/cgt-bfc.fr\/index.php\/wp-json\/wp\/v2\/media?parent=12935"}],"wp:term":[{"taxonomy":"category","embeddable":true,"href":"https:\/\/cgt-bfc.fr\/index.php\/wp-json\/wp\/v2\/categories?post=12935"},{"taxonomy":"post_tag","embeddable":true,"href":"https:\/\/cgt-bfc.fr\/index.php\/wp-json\/wp\/v2\/tags?post=12935"}],"curies":[{"name":"wp","href":"https:\/\/api.w.org\/{rel}","templated":true}]}}