{"id":13111,"date":"2022-10-26T07:00:47","date_gmt":"2022-10-26T06:00:47","guid":{"rendered":"https:\/\/cgt-bfc.fr\/?p=13111"},"modified":"2022-11-05T11:20:59","modified_gmt":"2022-11-05T10:20:59","slug":"lindividualisationde-la-remunerationdes-cadres","status":"publish","type":"post","link":"https:\/\/cgt-bfc.fr\/index.php\/2022\/10\/26\/lindividualisationde-la-remunerationdes-cadres\/","title":{"rendered":"L\u2019INDIVIDUALISATION DE LA R\u00c9MUN\u00c9RATION DES CADRES"},"content":{"rendered":"\n<h2 class=\"wp-block-heading\"><strong>La recherche de la performance ?<\/strong><\/h2>\n\n\n\n<p>Gestionnaires de la p\u00e9nurie, les cadres sont les premi\u00e8res victimes du syst\u00e8me de<br>gestion financi\u00e8re des ressources humaines. Les collectifs de travail sont balay\u00e9s au<br>profit des logiques individuelles. La comp\u00e9titivit\u00e9 des territoires g\u00e9n\u00e8re une mise en<br>concurrence des cadres qui sont victimes de l\u2019arbitraire accompagnant la r\u00e9mun\u00e9ration<br>\u00ab au m\u00e9rite \u00bb, au d\u00e9triment de la reconnaissance des fonctions d\u2019expertise et de la<br>technicit\u00e9, mais aussi de la neutralit\u00e9 de l\u2019action publique et de la d\u00e9fense de l\u2019int\u00e9r\u00eat<br>g\u00e9n\u00e9ral.<\/p>\n\n\n\n<p><a href=\"http:\/\/cgt-bfc.fr\/\/wp-content\/media\/pdf\/fiches_cadre_cgt\/Fiche_08.pdf\" target=\"_blank\" rel=\"noreferrer noopener\">CLIQUEZ SUR L&rsquo;IMAGE POUR LIRE LA FICHE<\/a><\/p>\n\n\n\n<figure class=\"wp-block-image size-full is-resized\"><a href=\"http:\/\/cgt-bfc.fr\/\/wp-content\/media\/pdf\/fiches_cadre_cgt\/Fiche_08.pdf\" target=\"_blank\" rel=\"noreferrer noopener\"><img loading=\"lazy\" decoding=\"async\" src=\"https:\/\/cgt-bfc.fr\/wp-content\/uploads\/2022\/10\/Presse-papier08.png\" alt=\"\" class=\"wp-image-13124\" width=\"612\" height=\"390\"\/><\/a><\/figure>\n\n\n\n<p><a href=\"https:\/\/cgt-bfc.fr\/index.php\/category\/votre-documentation\/\" target=\"_blank\" rel=\"noreferrer noopener\">LES FICHES PRECEDENTES : ICI<\/a><\/p>\n","protected":false},"excerpt":{"rendered":"<div class=\"mh-excerpt\"><p>La recherche de la performance ? Gestionnaires de la p\u00e9nurie, les cadres sont les premi\u00e8res victimes du syst\u00e8me degestion financi\u00e8re des ressources humaines. Les collectifs <a class=\"mh-excerpt-more\" href=\"https:\/\/cgt-bfc.fr\/index.php\/2022\/10\/26\/lindividualisationde-la-remunerationdes-cadres\/\" title=\"L\u2019INDIVIDUALISATION DE LA R\u00c9MUN\u00c9RATION DES CADRES\">[&#8230;]<\/a><\/p>\n<\/div>","protected":false},"author":1,"featured_media":13116,"comment_status":"open","ping_status":"open","sticky":false,"template":"","format":"standard","meta":{"_jetpack_memberships_contains_paid_content":false,"footnotes":""},"categories":[1,21,13,25],"tags":[],"class_list":["post-13111","post","type-post","status-publish","format-standard","has-post-thumbnail","hentry","category-actu","category-agent-du-siege","category-agents","category-votre-documentation"],"jetpack_featured_media_url":"https:\/\/cgt-bfc.fr\/wp-content\/uploads\/2022\/10\/fiche_ictam_8.png","jetpack_sharing_enabled":true,"_links":{"self":[{"href":"https:\/\/cgt-bfc.fr\/index.php\/wp-json\/wp\/v2\/posts\/13111","targetHints":{"allow":["GET"]}}],"collection":[{"href":"https:\/\/cgt-bfc.fr\/index.php\/wp-json\/wp\/v2\/posts"}],"about":[{"href":"https:\/\/cgt-bfc.fr\/index.php\/wp-json\/wp\/v2\/types\/post"}],"author":[{"embeddable":true,"href":"https:\/\/cgt-bfc.fr\/index.php\/wp-json\/wp\/v2\/users\/1"}],"replies":[{"embeddable":true,"href":"https:\/\/cgt-bfc.fr\/index.php\/wp-json\/wp\/v2\/comments?post=13111"}],"version-history":[{"count":12,"href":"https:\/\/cgt-bfc.fr\/index.php\/wp-json\/wp\/v2\/posts\/13111\/revisions"}],"predecessor-version":[{"id":13142,"href":"https:\/\/cgt-bfc.fr\/index.php\/wp-json\/wp\/v2\/posts\/13111\/revisions\/13142"}],"wp:featuredmedia":[{"embeddable":true,"href":"https:\/\/cgt-bfc.fr\/index.php\/wp-json\/wp\/v2\/media\/13116"}],"wp:attachment":[{"href":"https:\/\/cgt-bfc.fr\/index.php\/wp-json\/wp\/v2\/media?parent=13111"}],"wp:term":[{"taxonomy":"category","embeddable":true,"href":"https:\/\/cgt-bfc.fr\/index.php\/wp-json\/wp\/v2\/categories?post=13111"},{"taxonomy":"post_tag","embeddable":true,"href":"https:\/\/cgt-bfc.fr\/index.php\/wp-json\/wp\/v2\/tags?post=13111"}],"curies":[{"name":"wp","href":"https:\/\/api.w.org\/{rel}","templated":true}]}}