{"id":13365,"date":"2022-11-18T09:46:51","date_gmt":"2022-11-18T08:46:51","guid":{"rendered":"https:\/\/cgt-bfc.fr\/?p=13365"},"modified":"2022-11-30T21:14:28","modified_gmt":"2022-11-30T20:14:28","slug":"dernier-comite-technique","status":"publish","type":"post","link":"https:\/\/cgt-bfc.fr\/index.php\/2022\/11\/18\/dernier-comite-technique\/","title":{"rendered":"Dernier Comit\u00e9 Technique"},"content":{"rendered":"\n<h2 class=\"wp-block-heading\"><strong>Examen de l&rsquo;ordre du jour :<\/strong><\/h2>\n\n\n\n<p>Approbation des proc\u00e8s-verbaux des comit\u00e9s techniques qui se sont tenus les 10 et 31 mai 2022<\/p>\n\n\n\n<figure class=\"wp-block-image size-full is-resized\"><img loading=\"lazy\" decoding=\"async\" src=\"https:\/\/cgt-bfc.fr\/wp-content\/uploads\/2022\/11\/Vote_POUR-ct.png\" alt=\"\" class=\"wp-image-13481\" width=\"142\" height=\"120\"\/><\/figure>\n\n\n\n<p>Mise \u00e0 jour du tableau des effectifs et pr\u00e9sentation du tableau global des effectifs au 01\/02\/2023 (avis requis)<\/p>\n\n\n\n<figure class=\"wp-block-image size-full is-resized\"><img loading=\"lazy\" decoding=\"async\" src=\"https:\/\/cgt-bfc.fr\/wp-content\/uploads\/2022\/11\/image-2.png\" alt=\"\" class=\"wp-image-13484\" width=\"137\" height=\"116\"\/><figcaption class=\"wp-element-caption\">Cr\u00e9ation de 20 postes dans les lyc\u00e9es <\/figcaption><\/figure>\n\n\n\n<p>Rapport \u00e9galit\u00e9<\/p>\n\n\n\n<p> femmes\/hommes 2022 : bilan et plan d\u2019actions <\/p>\n\n\n\n<figure class=\"wp-block-image size-full is-resized\"><img loading=\"lazy\" decoding=\"async\" src=\"https:\/\/cgt-bfc.fr\/wp-content\/uploads\/2022\/11\/image-3.png\" alt=\"\" class=\"wp-image-13485\" width=\"134\" height=\"113\"\/><\/figure>\n\n\n\n<p>Adoption d\u2019une politique de s\u00e9curit\u00e9 des syst\u00e8me d\u2019information (PSSI) et de chartes concernant les usages des syst\u00e8mes d\u2019information de la R\u00e9gion <\/p>\n\n\n\n<figure class=\"wp-block-image size-full is-resized\"><img loading=\"lazy\" decoding=\"async\" src=\"https:\/\/cgt-bfc.fr\/wp-content\/uploads\/2022\/11\/image-4.png\" alt=\"\" class=\"wp-image-13486\" width=\"130\" height=\"110\"\/><\/figure>\n\n\n\n<p>Pr\u00e9sentation du plan de sobri\u00e9t\u00e9 \u00e9nerg\u00e9tique <\/p>\n\n\n\n<figure class=\"wp-block-image size-full is-resized\"><img loading=\"lazy\" decoding=\"async\" src=\"https:\/\/cgt-bfc.fr\/wp-content\/uploads\/2022\/11\/Vote_contre-ct.png\" alt=\"\" class=\"wp-image-13493\" width=\"130\" height=\"110\"\/><figcaption class=\"wp-element-caption\">En savoir plus, lire le communiqu\u00e9 de la CGT et le courrier CGT \u00e0 la Premi\u00e8re ministre en pi\u00e8ce jointe<\/figcaption><\/figure>\n\n\n\n<p><a href=\"https:\/\/www.cgtservicespublics.fr\/IMG\/pdf\/2022-10-05_-_courrier_cgt_a_e._borne_-_mesures_urgence_energie.pdf?32348\/f2cc4e3778a66f1c0e20154bd09624cfa7ec7430\">Courrier CGT \u00e0 la Premi\u00e8re ministre &#8211; Mesures urgence \u00e9nergie<\/a>&nbsp;<\/p>\n\n\n\n<p><a href=\"https:\/\/www.cgtservicespublics.fr\/IMG\/pdf\/_cp_cgt_sobriete_l_enfumage.pdf?32347\/c0a553a2629592841404e8fb149fae162cf444b9\">Plan sobri\u00e9t\u00e9 du gouvernement&nbsp;: un enfumage pour passer l\u2019hiver&nbsp;? CP CGT<\/a><\/p>\n\n\n\n<p>Modification des r\u00e8glements temps de travail \u2013 T\u00e9l\u00e9travail<\/p>\n\n\n\n<figure class=\"wp-block-image size-full is-resized\"><img loading=\"lazy\" decoding=\"async\" src=\"https:\/\/cgt-bfc.fr\/wp-content\/uploads\/2022\/11\/image-5.png\" alt=\"\" class=\"wp-image-13488\" width=\"122\" height=\"103\"\/><figcaption class=\"wp-element-caption\">Nous prenons en compte la volont\u00e9 pour les agents \u00e9loign\u00e9s de leur espace de travail et soucieux de l\u2019empreinte carbone de leur d\u00e9placement ,de pr\u00e9f\u00e9rer l&rsquo;augmentation du forfait t\u00e9l\u00e9travail.<br><\/figcaption><\/figure>\n\n\n\n<p>Mise en place d\u2019une astreinte de d\u00e9cision au sein de la direction patrimoine et gestion immobili\u00e8re (mise \u00e0 jour de la d\u00e9lib\u00e9ration du 16 novembre 2020) <\/p>\n\n\n\n<figure class=\"wp-block-image size-full is-resized\"><img loading=\"lazy\" decoding=\"async\" src=\"https:\/\/cgt-bfc.fr\/wp-content\/uploads\/2022\/11\/image-6.png\" alt=\"\" class=\"wp-image-13491\" width=\"119\" height=\"100\"\/><\/figure>\n\n\n\n<p><\/p>\n\n\n\n<p><\/p>\n\n\n\n<p><\/p>\n\n\n\n<p><\/p>\n\n\n\n<p><\/p>\n\n\n\n<p><\/p>\n\n\n\n<p>Le comit\u00e9 social territorial ( CST ) applicable 1er janvier 2023.&nbsp;<strong>Les comit\u00e9s techniques ( CT ) et les comit\u00e9s d&rsquo;hygi\u00e8ne, de s\u00e9curit\u00e9 et des conditions de travail ( CHSCT) sont r\u00e9organis\u00e9s et fusionn\u00e9s en une instance unique : le comit\u00e9 social territorial<\/strong>.<\/p>\n\n\n\n<p><em>Et si le rapport de force changait  ?<\/em><\/p>\n\n\n\n<figure class=\"wp-block-image size-full is-style-rounded\"><img loading=\"lazy\" decoding=\"async\" width=\"578\" height=\"513\" src=\"https:\/\/cgt-bfc.fr\/wp-content\/uploads\/2022\/11\/Rapport-de-force.png\" alt=\"\" class=\"wp-image-13532\"\/><\/figure>\n","protected":false},"excerpt":{"rendered":"<div class=\"mh-excerpt\"><p>Examen de l&rsquo;ordre du jour : Approbation des proc\u00e8s-verbaux des comit\u00e9s techniques qui se sont tenus les 10 et 31 mai 2022 Mise \u00e0 jour <a class=\"mh-excerpt-more\" href=\"https:\/\/cgt-bfc.fr\/index.php\/2022\/11\/18\/dernier-comite-technique\/\" title=\"Dernier Comit\u00e9 Technique\">[&#8230;]<\/a><\/p>\n<\/div>","protected":false},"author":1,"featured_media":13406,"comment_status":"open","ping_status":"open","sticky":false,"template":"","format":"standard","meta":{"_jetpack_memberships_contains_paid_content":false,"footnotes":""},"categories":[1,21,13,22,23],"tags":[],"class_list":["post-13365","post","type-post","status-publish","format-standard","has-post-thumbnail","hentry","category-actu","category-agent-du-siege","category-agents","category-agents-des-lycees","category-comite-technique-paritaire"],"jetpack_featured_media_url":"https:\/\/cgt-bfc.fr\/wp-content\/uploads\/2022\/11\/ct_17-1.png","jetpack_sharing_enabled":true,"_links":{"self":[{"href":"https:\/\/cgt-bfc.fr\/index.php\/wp-json\/wp\/v2\/posts\/13365","targetHints":{"allow":["GET"]}}],"collection":[{"href":"https:\/\/cgt-bfc.fr\/index.php\/wp-json\/wp\/v2\/posts"}],"about":[{"href":"https:\/\/cgt-bfc.fr\/index.php\/wp-json\/wp\/v2\/types\/post"}],"author":[{"embeddable":true,"href":"https:\/\/cgt-bfc.fr\/index.php\/wp-json\/wp\/v2\/users\/1"}],"replies":[{"embeddable":true,"href":"https:\/\/cgt-bfc.fr\/index.php\/wp-json\/wp\/v2\/comments?post=13365"}],"version-history":[{"count":31,"href":"https:\/\/cgt-bfc.fr\/index.php\/wp-json\/wp\/v2\/posts\/13365\/revisions"}],"predecessor-version":[{"id":13534,"href":"https:\/\/cgt-bfc.fr\/index.php\/wp-json\/wp\/v2\/posts\/13365\/revisions\/13534"}],"wp:featuredmedia":[{"embeddable":true,"href":"https:\/\/cgt-bfc.fr\/index.php\/wp-json\/wp\/v2\/media\/13406"}],"wp:attachment":[{"href":"https:\/\/cgt-bfc.fr\/index.php\/wp-json\/wp\/v2\/media?parent=13365"}],"wp:term":[{"taxonomy":"category","embeddable":true,"href":"https:\/\/cgt-bfc.fr\/index.php\/wp-json\/wp\/v2\/categories?post=13365"},{"taxonomy":"post_tag","embeddable":true,"href":"https:\/\/cgt-bfc.fr\/index.php\/wp-json\/wp\/v2\/tags?post=13365"}],"curies":[{"name":"wp","href":"https:\/\/api.w.org\/{rel}","templated":true}]}}