{"id":13475,"date":"2022-11-18T19:06:07","date_gmt":"2022-11-18T18:06:07","guid":{"rendered":"https:\/\/cgt-bfc.fr\/?p=13475"},"modified":"2023-03-01T09:45:36","modified_gmt":"2023-03-01T08:45:36","slug":"la-vie-des-femmes-ne-sera-plus-classee-sans-suite-lheure-des-comptes-a-sonne","status":"publish","type":"post","link":"https:\/\/cgt-bfc.fr\/index.php\/2022\/11\/18\/la-vie-des-femmes-ne-sera-plus-classee-sans-suite-lheure-des-comptes-a-sonne\/","title":{"rendered":"La vie des femmes ne sera plus class\u00e9e sans suite. L\u2019heure des comptes a sonn\u00e9."},"content":{"rendered":"\n<p><strong>Mobilisation du 21 au 25 novembre sur vos lieux de travail&nbsp;!<\/strong><\/p>\n\n\n\n<p>Et du 21 au 25 novembre, la CGT appelle les salari\u00e9.e.s \u00e0 se mobiliser sur leurs lieux de travail pour interpeller les employeurs en exigeant la mise en place imm\u00e9diate de mesures contre les violences sexistes et sexuelles.&nbsp;<\/p>\n\n\n\n<p>\u00c0 l\u2019issue de cette semaine de mobilisation professionnelle dans le priv\u00e9 comme dans le public, la CGT, \u00e0 l\u2019appel de son Collectif Femmes Mixit\u00e9, organise un webinaire vendredi 25 novembre pour \u00e9changer et r\u00e9pondre \u00e0 cette question&nbsp;:<\/p>\n\n\n\n<ul class=\"wp-block-list\">\n<li>Metoo 5 ans apr\u00e8s o\u00f9 en est-on en France sur les violences sexistes et sexuelles au travail ?&nbsp;<\/li>\n\n\n\n<li>Quel est l\u2019\u00e9tat du droit ?<\/li>\n\n\n\n<li>Quelles avanc\u00e9es et quels blocages sur les lieux de travail ?<\/li>\n<\/ul>\n\n\n\n<p>Des militant.es de la CGT r\u00e9pondront \u00e0 toutes ces questions.<\/p>\n\n\n<div class=\"wp-block-image\">\n<figure class=\"aligncenter size-full is-resized\"><a href=\"https:\/\/cloud.agoraevent.fr\/Site\/192407\/9670\/Event\"><img loading=\"lazy\" decoding=\"async\" src=\"https:\/\/cgt-bfc.fr\/wp-content\/uploads\/2022\/11\/webinaire.png\" alt=\"\" class=\"wp-image-13526\" width=\"621\" height=\"564\"\/><\/a><\/figure>\n<\/div>\n\n\n<figure class=\"wp-block-image size-large\"><img loading=\"lazy\" decoding=\"async\" width=\"1024\" height=\"264\" src=\"https:\/\/cgt-bfc.fr\/wp-content\/uploads\/2022\/11\/Violentometre-CGT-2-1024x264.png\" alt=\"\" class=\"wp-image-13528\" srcset=\"https:\/\/cgt-bfc.fr\/wp-content\/uploads\/2022\/11\/Violentometre-CGT-2-1024x264.png 1024w, https:\/\/cgt-bfc.fr\/wp-content\/uploads\/2022\/11\/Violentometre-CGT-2-1536x396.png 1536w, https:\/\/cgt-bfc.fr\/wp-content\/uploads\/2022\/11\/Violentometre-CGT-2.png 1791w\" sizes=\"auto, (max-width: 1024px) 100vw, 1024px\" \/><\/figure>\n","protected":false},"excerpt":{"rendered":"<div class=\"mh-excerpt\"><p>Mobilisation du 21 au 25 novembre sur vos lieux de travail&nbsp;! Et du 21 au 25 novembre, la CGT appelle les salari\u00e9.e.s \u00e0 se mobiliser <a class=\"mh-excerpt-more\" href=\"https:\/\/cgt-bfc.fr\/index.php\/2022\/11\/18\/la-vie-des-femmes-ne-sera-plus-classee-sans-suite-lheure-des-comptes-a-sonne\/\" title=\"La vie des femmes ne sera plus class\u00e9e sans suite. L\u2019heure des comptes a sonn\u00e9.\">[&#8230;]<\/a><\/p>\n<\/div>","protected":false},"author":1,"featured_media":13545,"comment_status":"open","ping_status":"open","sticky":false,"template":"","format":"standard","meta":{"_jetpack_memberships_contains_paid_content":false,"footnotes":""},"categories":[1,21,13,22,31,30],"tags":[],"class_list":["post-13475","post","type-post","status-publish","format-standard","has-post-thumbnail","hentry","category-actu","category-agent-du-siege","category-agents","category-agents-des-lycees","category-cgt","category-luttes-cgt"],"jetpack_featured_media_url":"https:\/\/cgt-bfc.fr\/wp-content\/uploads\/2022\/11\/pour_egalite_f_h.png","jetpack_sharing_enabled":true,"_links":{"self":[{"href":"https:\/\/cgt-bfc.fr\/index.php\/wp-json\/wp\/v2\/posts\/13475","targetHints":{"allow":["GET"]}}],"collection":[{"href":"https:\/\/cgt-bfc.fr\/index.php\/wp-json\/wp\/v2\/posts"}],"about":[{"href":"https:\/\/cgt-bfc.fr\/index.php\/wp-json\/wp\/v2\/types\/post"}],"author":[{"embeddable":true,"href":"https:\/\/cgt-bfc.fr\/index.php\/wp-json\/wp\/v2\/users\/1"}],"replies":[{"embeddable":true,"href":"https:\/\/cgt-bfc.fr\/index.php\/wp-json\/wp\/v2\/comments?post=13475"}],"version-history":[{"count":9,"href":"https:\/\/cgt-bfc.fr\/index.php\/wp-json\/wp\/v2\/posts\/13475\/revisions"}],"predecessor-version":[{"id":13546,"href":"https:\/\/cgt-bfc.fr\/index.php\/wp-json\/wp\/v2\/posts\/13475\/revisions\/13546"}],"wp:featuredmedia":[{"embeddable":true,"href":"https:\/\/cgt-bfc.fr\/index.php\/wp-json\/wp\/v2\/media\/13545"}],"wp:attachment":[{"href":"https:\/\/cgt-bfc.fr\/index.php\/wp-json\/wp\/v2\/media?parent=13475"}],"wp:term":[{"taxonomy":"category","embeddable":true,"href":"https:\/\/cgt-bfc.fr\/index.php\/wp-json\/wp\/v2\/categories?post=13475"},{"taxonomy":"post_tag","embeddable":true,"href":"https:\/\/cgt-bfc.fr\/index.php\/wp-json\/wp\/v2\/tags?post=13475"}],"curies":[{"name":"wp","href":"https:\/\/api.w.org\/{rel}","templated":true}]}}