{"id":13594,"date":"2022-11-26T09:35:11","date_gmt":"2022-11-26T08:35:11","guid":{"rendered":"https:\/\/cgt-bfc.fr\/?p=13594"},"modified":"2023-03-01T09:46:43","modified_gmt":"2023-03-01T08:46:43","slug":"compte-rendu-cgt-fonction-publique-de-la-bilaterale-du-4-novembre-2022-sur-la-reforme-des-retraites-avec-le-cabinet-du-ministre-de-la-fonction-publique","status":"publish","type":"post","link":"https:\/\/cgt-bfc.fr\/index.php\/2022\/11\/26\/compte-rendu-cgt-fonction-publique-de-la-bilaterale-du-4-novembre-2022-sur-la-reforme-des-retraites-avec-le-cabinet-du-ministre-de-la-fonction-publique\/","title":{"rendered":"Compte -rendu CGT Fonction publique de la bilat\u00e9rale du 4 novembre 2022 sur la r\u00e9forme des retraites avec le cabinet du ministre de la Fonction publique"},"content":{"rendered":"\n<p>La r\u00e9union avec le cabinet du ministre de la Fonction publique du 4 novembre 2022 \u00e9tait la premi\u00e8re r\u00e9union de concertation sur la r\u00e9forme des retraites dans la Fonction publique.<br>Le cabinet du ministre \u00e9tait repr\u00e9sent\u00e9 par le directeur de cabinet, M. Peny, M. Bonnoit (protection sociale) et Mme Ren\u00e9e (territoriale), la CGT par Baptiste Talbot (Fonction publique), H\u00e9l\u00e8ne Michault (Sant\u00e9), R\u00e9gis Mezzasalma (Conf\u00e9d\u00e9ration) et Gilles Oberrieder (UFSE).<br>Cette concertation \u00ab Fonction publique \u00bb se tient en parall\u00e8le de la concertation avec les conf\u00e9d\u00e9rations, qui suit <strong>3 phases<\/strong> : les seniors au travail et le recul de l\u2019\u00e2ge en <strong>octobre <\/strong>; l\u2019 \u00ab \u00e9quit\u00e9 \u00bb, dont l\u2019\u00e9galit\u00e9 entre genres, et les r\u00e9gimes sp\u00e9ciaux en <strong>novembre<\/strong> ; l\u2019\u00e9quilibre financier en <strong>d\u00e9cembre<\/strong>. Le gouvernement a pr\u00e9vu de rendre ses arbitrages internes \u00e0 partir de la <strong>mi-d\u00e9cembre<\/strong>, avec une pr\u00e9sentation du projet de loi <strong>mi-janvier 2023<\/strong>.<\/p>\n\n\n\n<div class=\"wp-block-pdf-viewer-block-standard\" style=\"text-align:left\"><div class=\"uploaded-pdf\"><a href=\"https:\/\/cgt-bfc.fr\/wp-content\/uploads\/2022\/11\/cr_cgt_bilaterale_retraite_4-11-22.pdf\" data-width=\"\" data-height=\"\"><\/a><\/div><\/div>\n","protected":false},"excerpt":{"rendered":"<div class=\"mh-excerpt\"><p>La r\u00e9union avec le cabinet du ministre de la Fonction publique du 4 novembre 2022 \u00e9tait la premi\u00e8re r\u00e9union de concertation sur la r\u00e9forme des <a class=\"mh-excerpt-more\" href=\"https:\/\/cgt-bfc.fr\/index.php\/2022\/11\/26\/compte-rendu-cgt-fonction-publique-de-la-bilaterale-du-4-novembre-2022-sur-la-reforme-des-retraites-avec-le-cabinet-du-ministre-de-la-fonction-publique\/\" title=\"Compte -rendu CGT Fonction publique de la bilat\u00e9rale du 4 novembre 2022 sur la r\u00e9forme des retraites avec le cabinet du ministre de la Fonction publique\">[&#8230;]<\/a><\/p>\n<\/div>","protected":false},"author":1,"featured_media":13602,"comment_status":"open","ping_status":"open","sticky":false,"template":"","format":"standard","meta":{"_jetpack_memberships_contains_paid_content":false,"footnotes":""},"categories":[1,21,13,22,31,30],"tags":[],"class_list":["post-13594","post","type-post","status-publish","format-standard","has-post-thumbnail","hentry","category-actu","category-agent-du-siege","category-agents","category-agents-des-lycees","category-cgt","category-luttes-cgt"],"jetpack_featured_media_url":"https:\/\/cgt-bfc.fr\/wp-content\/uploads\/2022\/11\/a_test_retraite.png","jetpack_sharing_enabled":true,"_links":{"self":[{"href":"https:\/\/cgt-bfc.fr\/index.php\/wp-json\/wp\/v2\/posts\/13594","targetHints":{"allow":["GET"]}}],"collection":[{"href":"https:\/\/cgt-bfc.fr\/index.php\/wp-json\/wp\/v2\/posts"}],"about":[{"href":"https:\/\/cgt-bfc.fr\/index.php\/wp-json\/wp\/v2\/types\/post"}],"author":[{"embeddable":true,"href":"https:\/\/cgt-bfc.fr\/index.php\/wp-json\/wp\/v2\/users\/1"}],"replies":[{"embeddable":true,"href":"https:\/\/cgt-bfc.fr\/index.php\/wp-json\/wp\/v2\/comments?post=13594"}],"version-history":[{"count":5,"href":"https:\/\/cgt-bfc.fr\/index.php\/wp-json\/wp\/v2\/posts\/13594\/revisions"}],"predecessor-version":[{"id":13606,"href":"https:\/\/cgt-bfc.fr\/index.php\/wp-json\/wp\/v2\/posts\/13594\/revisions\/13606"}],"wp:featuredmedia":[{"embeddable":true,"href":"https:\/\/cgt-bfc.fr\/index.php\/wp-json\/wp\/v2\/media\/13602"}],"wp:attachment":[{"href":"https:\/\/cgt-bfc.fr\/index.php\/wp-json\/wp\/v2\/media?parent=13594"}],"wp:term":[{"taxonomy":"category","embeddable":true,"href":"https:\/\/cgt-bfc.fr\/index.php\/wp-json\/wp\/v2\/categories?post=13594"},{"taxonomy":"post_tag","embeddable":true,"href":"https:\/\/cgt-bfc.fr\/index.php\/wp-json\/wp\/v2\/tags?post=13594"}],"curies":[{"name":"wp","href":"https:\/\/api.w.org\/{rel}","templated":true}]}}