{"id":13660,"date":"2022-11-30T07:54:23","date_gmt":"2022-11-30T06:54:23","guid":{"rendered":"https:\/\/cgt-bfc.fr\/?p=13660"},"modified":"2023-03-01T09:46:32","modified_gmt":"2023-03-01T08:46:32","slug":"cest-pourquoi-nous-choisissons-de-rendre-public-ce-courrier","status":"publish","type":"post","link":"https:\/\/cgt-bfc.fr\/index.php\/2022\/11\/30\/cest-pourquoi-nous-choisissons-de-rendre-public-ce-courrier\/","title":{"rendered":"C\u2019est pourquoi, nous choisissons de rendre public ce courrier."},"content":{"rendered":"\n<p>Monsieur le Ministre,<br>Dans une lettre r\u00e9cente, vous appelez les agentes et les agents des trois versants de la Fonction publique \u00e0 participer fortement au scrutin professionnel du 8 d\u00e9cembre 2022. C\u2019est pourquoi, nous choisissons de rendre public ce courrier.<\/p>\n\n\n\n<p>Vous \u00e9crivez que \u00ab \u2026 de votre mobilisation d\u00e9pend le r\u00e9sultat de cette \u00e9lection.\u00bb et pr\u00e9cisez \u00ab\u2026 que vous soyez fonctionnaire, agent contractuel ou apprenti, vous avez un r\u00f4le \u00e0 jouer : celui de faire entendre votre voix, vos convictions et vos attentes en votant. \u00bb.<\/p>\n\n\n\n<p>Une fois n\u2019est pas coutume, la CGT pourrait presque s\u2019associer \u00e0 vos propos.<\/p>\n\n\n\n<p>Las, comme trop souvent, il y a loin du discours \u00e0 la politique concr\u00e8tement mise en \u0153uvre.<\/p>\n\n\n\n<p>Si votre attachement \u00e0 la meilleure participation possible \u00e0 cette consultation est r\u00e9el et sinc\u00e8re, que n\u2019\u00eates-vous revenu, monsieur le Ministre, sur les dispositions de la loi de 2019 qui amputent les CAP de leurs principales pr\u00e9rogatives et qui font des CHSCT, organismes pourtant essentiels, de simples appendices des Comit\u00e9s Sociaux ?<\/p>\n\n\n\n<p>Si ce qui vous anime est une conviction v\u00e9ritable que le maximum d\u2019agentes et d\u2019agents doit \u00eatre plac\u00e9 dans les meilleures conditions pour voter, que n\u2019avez-vous remis en cause le recours de plus en plus \u00e9tendu au vote \u00e9lectronique qui pr\u00e9vaut \u00e0 l\u2019occasion de ces \u00e9lections ? En effet &#8211; et la CGT n\u2019est pas la seule organisation \u00e0 tirer le signal d\u2019alarme sur cette question, les difficult\u00e9s se multiplient dans de nombreux secteurs pour l\u2019acc\u00e8s aux bo\u00eetes \u00e9lectorales. Dans beaucoup de cas, les personnels sont rebut\u00e9s par la complexit\u00e9 du dispositif permettant de voter. Et que dire de l\u2019iniquit\u00e9 cr\u00e9\u00e9e par les diff\u00e9rences majeures existant entre cat\u00e9gories et m\u00e9tiers professionnels dans l\u2019acc\u00e8s aux ordinateurs et aux adresses mail ?<\/p>\n\n\n\n<p>Nous tenons d\u2019ailleurs \u00e0 vous le pr\u00e9ciser\u00a0: si les probl\u00e8mes rencontr\u00e9s dans certains scrutins perdurent et se confirment, la CGT n\u2019h\u00e9sitera pas \u00e0 prendre toutes ses responsabilit\u00e9s apr\u00e8s le 8 d\u00e9cembre.<\/p>\n\n\n\n<p>Nous vous prions d\u2019agr\u00e9er, monsieur le Ministre l\u2019expression de nos sentiments sinc\u00e8res et cependant vigilants.<\/p>\n\n\n\n<figure class=\"wp-block-image size-full\"><img loading=\"lazy\" decoding=\"async\" width=\"916\" height=\"283\" src=\"https:\/\/cgt-bfc.fr\/wp-content\/uploads\/2022\/11\/image-8.png\" alt=\"\" class=\"wp-image-13673\"\/><\/figure>\n\n\n\n<p>Courrier adress\u00e9 le 25 novembre 2022 \u00e0<br>Monsieur Stanislas Gu\u00e9rini<br>Ministre de la Transformation et de la Fonction Publiques<\/p>\n\n\n\n<p>Voir le courrier en PDF:<a href=\"https:\/\/www.cgtservicespublics.fr\/IMG\/pdf\/2022.11.25_-_lo_mtfp_-_elections_pro-1.pdf?32874\/c32a4d9b5cfda9b5c262ade5e1b9f4bed108c599\"> <\/a><a href=\"https:\/\/www.cgtservicespublics.fr\/IMG\/pdf\/2022.11.25_-_lo_mtfp_-_elections_pro-1.pdf?32874\/c32a4d9b5cfda9b5c262ade5e1b9f4bed108c599\" target=\"_blank\" rel=\"noreferrer noopener\">ICI<\/a><\/p>\n","protected":false},"excerpt":{"rendered":"<div class=\"mh-excerpt\"><p>Monsieur le Ministre,Dans une lettre r\u00e9cente, vous appelez les agentes et les agents des trois versants de la Fonction publique \u00e0 participer fortement au scrutin <a class=\"mh-excerpt-more\" href=\"https:\/\/cgt-bfc.fr\/index.php\/2022\/11\/30\/cest-pourquoi-nous-choisissons-de-rendre-public-ce-courrier\/\" title=\"C\u2019est pourquoi, nous choisissons de rendre public ce courrier.\">[&#8230;]<\/a><\/p>\n<\/div>","protected":false},"author":1,"featured_media":13667,"comment_status":"open","ping_status":"open","sticky":false,"template":"","format":"standard","meta":{"_jetpack_memberships_contains_paid_content":false,"footnotes":""},"categories":[1,21,13,22],"tags":[],"class_list":["post-13660","post","type-post","status-publish","format-standard","has-post-thumbnail","hentry","category-actu","category-agent-du-siege","category-agents","category-agents-des-lycees"],"jetpack_featured_media_url":"https:\/\/cgt-bfc.fr\/wp-content\/uploads\/2022\/11\/C_pk.png","jetpack_sharing_enabled":true,"_links":{"self":[{"href":"https:\/\/cgt-bfc.fr\/index.php\/wp-json\/wp\/v2\/posts\/13660","targetHints":{"allow":["GET"]}}],"collection":[{"href":"https:\/\/cgt-bfc.fr\/index.php\/wp-json\/wp\/v2\/posts"}],"about":[{"href":"https:\/\/cgt-bfc.fr\/index.php\/wp-json\/wp\/v2\/types\/post"}],"author":[{"embeddable":true,"href":"https:\/\/cgt-bfc.fr\/index.php\/wp-json\/wp\/v2\/users\/1"}],"replies":[{"embeddable":true,"href":"https:\/\/cgt-bfc.fr\/index.php\/wp-json\/wp\/v2\/comments?post=13660"}],"version-history":[{"count":9,"href":"https:\/\/cgt-bfc.fr\/index.php\/wp-json\/wp\/v2\/posts\/13660\/revisions"}],"predecessor-version":[{"id":13674,"href":"https:\/\/cgt-bfc.fr\/index.php\/wp-json\/wp\/v2\/posts\/13660\/revisions\/13674"}],"wp:featuredmedia":[{"embeddable":true,"href":"https:\/\/cgt-bfc.fr\/index.php\/wp-json\/wp\/v2\/media\/13667"}],"wp:attachment":[{"href":"https:\/\/cgt-bfc.fr\/index.php\/wp-json\/wp\/v2\/media?parent=13660"}],"wp:term":[{"taxonomy":"category","embeddable":true,"href":"https:\/\/cgt-bfc.fr\/index.php\/wp-json\/wp\/v2\/categories?post=13660"},{"taxonomy":"post_tag","embeddable":true,"href":"https:\/\/cgt-bfc.fr\/index.php\/wp-json\/wp\/v2\/tags?post=13660"}],"curies":[{"name":"wp","href":"https:\/\/api.w.org\/{rel}","templated":true}]}}