{"id":13823,"date":"2023-01-02T18:43:16","date_gmt":"2023-01-02T17:43:16","guid":{"rendered":"https:\/\/cgt-bfc.fr\/?p=13823"},"modified":"2023-03-01T09:49:25","modified_gmt":"2023-03-01T08:49:25","slug":"preavis-de-greve-pour-les-journees-du-1er-au-31-janvier-2023","status":"publish","type":"post","link":"https:\/\/cgt-bfc.fr\/index.php\/2023\/01\/02\/preavis-de-greve-pour-les-journees-du-1er-au-31-janvier-2023\/","title":{"rendered":"Pr\u00e9avis de gr\u00e8ve pour les journ\u00e9es du 1er au 31 janvier 2023"},"content":{"rendered":"\n<p>Messieurs les Ministres,<br>La Premi\u00e8re Ministre a annonc\u00e9 la relance de la r\u00e9forme des retraites enterr\u00e9e sous le pr\u00e9c\u00e9dent quinquennat gr\u00e2ce \u00e0 la mobilisation. Patronat et gouvernement veulent augmenter la dur\u00e9e de cotisation et l\u2019\u00e2ge l\u00e9gal de d\u00e9part \u00e0 la retraite pour nous faire travailler plus longtemps. Pourtant, l\u2019esp\u00e9rance de vie en bonne sant\u00e9 stagne \u00e0 64 ans et seuls 38 % des personnes de plus de 60 ans sont aujourd\u2019hui en emploi. Reporter encore l\u2019\u00e2ge de d\u00e9part fera chuter les pensions qui sont d\u00e9j\u00e0 de plus en plus faibles du fait des pr\u00e9c\u00e9dentes r\u00e9formes. En instaurant un \u00e2ge de d\u00e9part \u00e0 65 ans, c\u2019est par cette seule mesure \u00e0 une diminution des retraites de 10 % que le syst\u00e8me conduira. En bloquant la part des retraites du PIB de la France (13,7 % actuellement) quel que soit le nombre de retrait\u00e9\u00b7es, c\u2019est \u00e0 une diminution des pensions que le syst\u00e8me aboutira alors que le nombre de retrait\u00e9\u00b7es va augmenter.<\/p>\n\n\n\n<p><br>Malgr\u00e9 le report de son annonce au 10 janvier prochain, l\u2019objectif du gouvernement reste le m\u00eame : diminuer la part des richesses produites consacr\u00e9e au financement des retraites et, sous couvert de contreparties comme le rel\u00e8vement du montant minimum des pensions, la r\u00e9forme 2023 est en fait encore plus dure que celle avort\u00e9e de 2020. D\u2019ailleurs, le Conseil d\u2019orientation des retraites estime que le pouvoir d\u2019achat des retrait\u00e9\u00b7es pourrait \u00e0 terme baisser de 20 % par rapport \u00e0 celui des actifs. La \u00abgarantie\u00bb d\u2019un minimum de pension \u00e0 1 200\u20ac n\u2019est qu\u2019un leurre, car elle ne serait effective que pour les carri\u00e8res compl\u00e8tes.<\/p>\n\n\n\n<p>Lire l&rsquo;int\u00e9gralit\u00e9 ci dessous <\/p>\n\n\n\n<div class=\"wp-block-pdf-viewer-block-standard\" style=\"text-align:left\"><div class=\"uploaded-pdf\"><a href=\"https:\/\/cgt-bfc.fr\/wp-content\/uploads\/2023\/01\/fdsp_cgt_preavis_de_greve_du_1er_au_31_janvier_2023.pdf\" data-width=\"\" data-height=\"\"><\/a><\/div><\/div>\n","protected":false},"excerpt":{"rendered":"<div class=\"mh-excerpt\"><p>Messieurs les Ministres,La Premi\u00e8re Ministre a annonc\u00e9 la relance de la r\u00e9forme des retraites enterr\u00e9e sous le pr\u00e9c\u00e9dent quinquennat gr\u00e2ce \u00e0 la mobilisation. Patronat et <a class=\"mh-excerpt-more\" href=\"https:\/\/cgt-bfc.fr\/index.php\/2023\/01\/02\/preavis-de-greve-pour-les-journees-du-1er-au-31-janvier-2023\/\" title=\"Pr\u00e9avis de gr\u00e8ve pour les journ\u00e9es du 1er au 31 janvier 2023\">[&#8230;]<\/a><\/p>\n<\/div>","protected":false},"author":1,"featured_media":13825,"comment_status":"open","ping_status":"open","sticky":false,"template":"","format":"standard","meta":{"_jetpack_memberships_contains_paid_content":false,"footnotes":""},"categories":[1,21,13,22,31,28,30],"tags":[],"class_list":["post-13823","post","type-post","status-publish","format-standard","has-post-thumbnail","hentry","category-actu","category-agent-du-siege","category-agents","category-agents-des-lycees","category-cgt","category-info-et-actualite-manifestation","category-luttes-cgt"],"jetpack_featured_media_url":"https:\/\/cgt-bfc.fr\/wp-content\/uploads\/2023\/01\/preavis_janvier.png","jetpack_sharing_enabled":true,"_links":{"self":[{"href":"https:\/\/cgt-bfc.fr\/index.php\/wp-json\/wp\/v2\/posts\/13823","targetHints":{"allow":["GET"]}}],"collection":[{"href":"https:\/\/cgt-bfc.fr\/index.php\/wp-json\/wp\/v2\/posts"}],"about":[{"href":"https:\/\/cgt-bfc.fr\/index.php\/wp-json\/wp\/v2\/types\/post"}],"author":[{"embeddable":true,"href":"https:\/\/cgt-bfc.fr\/index.php\/wp-json\/wp\/v2\/users\/1"}],"replies":[{"embeddable":true,"href":"https:\/\/cgt-bfc.fr\/index.php\/wp-json\/wp\/v2\/comments?post=13823"}],"version-history":[{"count":2,"href":"https:\/\/cgt-bfc.fr\/index.php\/wp-json\/wp\/v2\/posts\/13823\/revisions"}],"predecessor-version":[{"id":13828,"href":"https:\/\/cgt-bfc.fr\/index.php\/wp-json\/wp\/v2\/posts\/13823\/revisions\/13828"}],"wp:featuredmedia":[{"embeddable":true,"href":"https:\/\/cgt-bfc.fr\/index.php\/wp-json\/wp\/v2\/media\/13825"}],"wp:attachment":[{"href":"https:\/\/cgt-bfc.fr\/index.php\/wp-json\/wp\/v2\/media?parent=13823"}],"wp:term":[{"taxonomy":"category","embeddable":true,"href":"https:\/\/cgt-bfc.fr\/index.php\/wp-json\/wp\/v2\/categories?post=13823"},{"taxonomy":"post_tag","embeddable":true,"href":"https:\/\/cgt-bfc.fr\/index.php\/wp-json\/wp\/v2\/tags?post=13823"}],"curies":[{"name":"wp","href":"https:\/\/api.w.org\/{rel}","templated":true}]}}