{"id":14032,"date":"2023-02-24T11:22:48","date_gmt":"2023-02-24T10:22:48","guid":{"rendered":"https:\/\/cgt-bfc.fr\/?p=14032"},"modified":"2023-03-01T09:50:09","modified_gmt":"2023-03-01T08:50:09","slug":"refusons-leconomie-de-guerre","status":"publish","type":"post","link":"https:\/\/cgt-bfc.fr\/index.php\/2023\/02\/24\/refusons-leconomie-de-guerre\/","title":{"rendered":"Refusons l\u2019\u00e9conomie de guerre"},"content":{"rendered":"\n<p><strong>TEMPS DE LECTURE : 3 MIN.<\/strong><\/p>\n\n\n\n<p>Le 24 f\u00e9vrier est une triste date anniversaire. Il y a un an, les troupes de Poutine agressaient l\u2019Ukraine. Depuis, le conflit n\u2019en finit pas, provoquant de lourdes pertes humaines et mat\u00e9rielles.<\/p>\n\n\n\n<h3 class=\"wp-block-heading\">Une guerre qui n\u2019en finit pas<\/h3>\n\n\n\n<p>Depuis un an, les missiles, les bombes et les mines antipersonnel d\u00e9vastent l\u2019Ukraine, faisant des dizaines de milliers de morts et de bless\u00e9s, meurtrissant les populations civiles.<\/p>\n\n\n\n<p>Ces derniers temps, les combats s\u2019intensifient et les prises de positions internationales se multiplient. La France va livrer des chars l\u00e9gers AMX-10 \u00e0 l\u2019Ukraine&nbsp;; l\u2019Iran fournit des armes \u00e0 la Russie&nbsp;; la Chine et l\u2019Inde lui vendent des composants.&nbsp;<\/p>\n\n\n\n<h3 class=\"wp-block-heading\">Stop \u00e0 l\u2019escalade guerri\u00e8re<\/h3>\n\n\n\n<p>Le droit des Ukrainiens de se d\u00e9fendre doit \u00eatre reconnu, la question de l\u2019internationalisation du conflit ne manque pas de se poser. Le spectre de la 3e guerre mondiale se profile.&nbsp;<\/p>\n\n\n\n<blockquote class=\"wp-block-quote is-layout-flow wp-block-quote-is-layout-flow\">\n<p>\u00ab&nbsp;Ce n\u2019est pas en entretenant une course sans fin aux armements qu\u2019on va r\u00e9gler le probl\u00e8me. Cela revient \u00e0 faire le jeu de la guerre&nbsp;\u00bb avertit V\u00e9ronique Martin, secr\u00e9taire conf\u00e9d\u00e9rale.<\/p>\n<\/blockquote>\n\n\n\n<p>Il devient urgent de r\u00e9affirmer avec vigueur et d\u00e9termination que la seule voie possible reste la construction d\u2019une solution diplomatique et n\u00e9goci\u00e9e dans le cadre des institutions internationales.&nbsp;<\/p>\n\n\n\n<p>En outre, cette course aux armements nous entraine dans une \u00e9conomie de guerre qui prend le pas sur les budgets sociaux, supprimant toute possibilit\u00e9 de progr\u00e8s social.<\/p>\n\n\n\n<p>Le pr\u00e9sident Macron a pr\u00e9venu de la n\u00e9cessit\u00e9 d\u2019engager la France dans une \u00e9conomie de guerre, avec l\u2019augmentation de 118 milliards d\u2019euros de la future Loi de Programmation militaire (LPM) 2024\/2030. Il pr\u00e9voit aussi l\u2019augmentation des \u00ab&nbsp;r\u00e9servistes \u00bb, passant de 40 000 \u00e0 105 000 en 2035, afin de pr\u00e9parer notre pays \u00e0 un conflit majeur.<\/p>\n\n\n\n<h3 class=\"wp-block-heading\">R\u00e9formons l\u2019ONU, supprimons l\u2019OTAN<\/h3>\n\n\n\n<p>L\u2019ONU doit r\u00e9former son fonctionnement pour remplir la mission qui lui est d\u00e9volue depuis la fin de la Seconde Guerre mondiale&nbsp;: pr\u00e9venir et r\u00e9gler les conflits entre pays autrement que par les armes.<\/p>\n\n\n\n<p>\u00c0 l\u2019heure actuelle, le fait que le conseil de s\u00e9curit\u00e9 n\u2019accueille que 15 membres dont 5 membres permanents avec un droit de veto &#8211; Chine, Etats-Unis, F\u00e9d\u00e9ration de Russie, France et Royaume-Uni &#8211; emp\u00eache toute solution diplomatique au conflit entre la Russie et l\u2019Ukraine.<\/p>\n\n\n\n<h4 class=\"wp-block-heading\">Le droit de v\u00e9to doit \u00eatre supprim\u00e9&nbsp;; l\u2019OTAN doit \u00eatre dissoute&nbsp;; le trait\u00e9 d\u2019interdiction des armes nucl\u00e9aires, ratifi\u00e9 par 54 pays, doit \u00eatre mis en \u0153uvre.<\/h4>\n\n\n\n<h3 class=\"wp-block-heading\">Exigeons la paix en Europe et dans le monde.<\/h3>\n\n\n\n<p>Pour qu\u2019une paix juste et durable soit gagn\u00e9e au plus vite, l\u2019intersyndicale fran\u00e7aise de solidarit\u00e9 avec l\u2019Ukraine appelle \u00e0 participer \u00e0 la marche pour l\u2019Ukraine qui aura lieu le&nbsp;<strong>samedi 25 f\u00e9vrier 2023 au d\u00e9part de R\u00e9publique \u00e0 14h<\/strong>&nbsp;en direction de Bastille. D&rsquo;autres&nbsp;initiatives seront organis\u00e9es sur le territoire pour le retrait des troupes de Poutine d\u2019Ukraine et une paix juste et durable dans la r\u00e9gion.&nbsp;<\/p>\n","protected":false},"excerpt":{"rendered":"<div class=\"mh-excerpt\"><p>TEMPS DE LECTURE : 3 MIN. Le 24 f\u00e9vrier est une triste date anniversaire. Il y a un an, les troupes de Poutine agressaient l\u2019Ukraine. <a class=\"mh-excerpt-more\" href=\"https:\/\/cgt-bfc.fr\/index.php\/2023\/02\/24\/refusons-leconomie-de-guerre\/\" title=\"Refusons l\u2019\u00e9conomie de guerre\">[&#8230;]<\/a><\/p>\n<\/div>","protected":false},"author":1,"featured_media":14038,"comment_status":"open","ping_status":"open","sticky":false,"template":"","format":"standard","meta":{"_jetpack_memberships_contains_paid_content":false,"footnotes":""},"categories":[1,31,30],"tags":[],"class_list":["post-14032","post","type-post","status-publish","format-standard","has-post-thumbnail","hentry","category-actu","category-cgt","category-luttes-cgt"],"jetpack_featured_media_url":"https:\/\/cgt-bfc.fr\/wp-content\/uploads\/2023\/02\/peace.png","jetpack_sharing_enabled":true,"_links":{"self":[{"href":"https:\/\/cgt-bfc.fr\/index.php\/wp-json\/wp\/v2\/posts\/14032","targetHints":{"allow":["GET"]}}],"collection":[{"href":"https:\/\/cgt-bfc.fr\/index.php\/wp-json\/wp\/v2\/posts"}],"about":[{"href":"https:\/\/cgt-bfc.fr\/index.php\/wp-json\/wp\/v2\/types\/post"}],"author":[{"embeddable":true,"href":"https:\/\/cgt-bfc.fr\/index.php\/wp-json\/wp\/v2\/users\/1"}],"replies":[{"embeddable":true,"href":"https:\/\/cgt-bfc.fr\/index.php\/wp-json\/wp\/v2\/comments?post=14032"}],"version-history":[{"count":5,"href":"https:\/\/cgt-bfc.fr\/index.php\/wp-json\/wp\/v2\/posts\/14032\/revisions"}],"predecessor-version":[{"id":14037,"href":"https:\/\/cgt-bfc.fr\/index.php\/wp-json\/wp\/v2\/posts\/14032\/revisions\/14037"}],"wp:featuredmedia":[{"embeddable":true,"href":"https:\/\/cgt-bfc.fr\/index.php\/wp-json\/wp\/v2\/media\/14038"}],"wp:attachment":[{"href":"https:\/\/cgt-bfc.fr\/index.php\/wp-json\/wp\/v2\/media?parent=14032"}],"wp:term":[{"taxonomy":"category","embeddable":true,"href":"https:\/\/cgt-bfc.fr\/index.php\/wp-json\/wp\/v2\/categories?post=14032"},{"taxonomy":"post_tag","embeddable":true,"href":"https:\/\/cgt-bfc.fr\/index.php\/wp-json\/wp\/v2\/tags?post=14032"}],"curies":[{"name":"wp","href":"https:\/\/api.w.org\/{rel}","templated":true}]}}