{"id":14532,"date":"2023-04-25T06:03:54","date_gmt":"2023-04-25T05:03:54","guid":{"rendered":"https:\/\/cgt-bfc.fr\/?p=14532"},"modified":"2023-04-25T07:02:22","modified_gmt":"2023-04-25T06:02:22","slug":"le-28-avril-est-la-journee-mondiale-de-lorganisation-internationale-du-travail-oit-pour-la-securite-et-la-sante-au-travail","status":"publish","type":"post","link":"https:\/\/cgt-bfc.fr\/index.php\/2023\/04\/25\/le-28-avril-est-la-journee-mondiale-de-lorganisation-internationale-du-travail-oit-pour-la-securite-et-la-sante-au-travail\/","title":{"rendered":"Le 28 avril est la journ\u00e9e mondiale de l\u2019Organisation Internationale du travail (OIT) pour la s\u00e9curit\u00e9 et la sant\u00e9 au travail."},"content":{"rendered":"\n<p>La loi Macron sur les retraites entend nous imposer deux ans de travail suppl\u00e9mentaires, ce qui aura des cons\u00e9quences n\u00e9fastes sur les conditions de vie, de travail, et la sant\u00e9 des salari\u00e9.es.<\/p>\n\n\n\n<p>Combien d\u2019entre nous seront pouss\u00e9s \u00e0 arr\u00eater de travailler avant de percevoir une retraite ou une pension \u00e0 taux plein&nbsp;? D\u00e9j\u00e0 dans la Fonction publique, ce sont des milliers d\u2019agents.es qui chaque ann\u00e9e sont mis.es \u00e0 la retraite pour invalidit\u00e9 sans aucune mesure de reclassement.<\/p>\n\n\n\n<p><strong>La sant\u00e9 et la s\u00e9curit\u00e9 au travail sont intimement li\u00e9es aux conditions de travail<\/strong>, elles-m\u00eames brutalement remises en cause avec l\u2019augmentation de la dur\u00e9e requise de cotisation \u00e0 43 annuit\u00e9s pour b\u00e9n\u00e9ficier d\u2019une retraite \u00e0 taux plein et l\u2019imposition de deux ans de travail en plus.<\/p>\n\n\n\n<p>D\u2019un c\u00f4t\u00e9, c\u2019est le risque de multiplier les d\u00e9parts anticip\u00e9s \u00e0 cause de l\u2019usure provoqu\u00e9e par le travail, c\u2019est la diminution de l\u2019esp\u00e9rance de vie en bonne sant\u00e9 \u00e0 commencer par celle des salari\u00e9.es dont les m\u00e9tiers sont les plus p\u00e9nibles. De l\u2019autre c\u00f4t\u00e9 ce sont des entraves de plus en plus nombreuses pour les jeunes pour acc\u00e9der \u00e0 un CDI ou poste de fonctionnaire avant 25 ans.<\/p>\n\n\n\n<p><strong>Le 28 avril, un rassemblement est organis\u00e9 par plusieurs f\u00e9d\u00e9rations de la CGT devant le minist\u00e8re du travail d\u2019Olivier Dussopt<\/strong>, auteur, entre autres, de la n\u00e9faste loi dite de Transformation de la fonction publique, mais aussi de la r\u00e9forme de l\u2019assurance ch\u00f4mage, avant de porter la r\u00e9forme des retraites qui nous impose deux ans de travail suppl\u00e9mentaires.<\/p>\n\n\n\n<p><strong>D\u2019autres initiatives se tiendront sur le territoire.<\/strong><\/p>\n\n\n\n<p><strong>A cette occasion, partout nous r\u00e9affirmerons nos revendications essentielles&nbsp;:<\/strong><\/p>\n\n\n\n<ul class=\"wp-block-list\">\n<li>le retour aux CHSCT de plein exercice&nbsp;!<\/li>\n\n\n\n<li>l\u2019arr\u00eat des mises \u00e0 la retraite d\u2019office pour invalidit\u00e9, qui constituent un v\u00e9ritable plan social permanent qui frappe des milliers de fonctionnaires et salari\u00e9s tous les ans&nbsp;!<\/li>\n\n\n\n<li>des reclassements, des formations pour l\u2019ensemble des agents qui en ont besoin&nbsp;!<\/li>\n\n\n\n<li>un plan d\u2019urgence pour reconstituer une v\u00e9ritable m\u00e9decine du travail, totalement ind\u00e9pendante des employeurs, et qui garantisse un rendez-vous annuel minimum&nbsp;!<\/li>\n\n\n\n<li>la reconnaissance, le renforcement et l\u2019\u00e9largissement des crit\u00e8res de p\u00e9nibilit\u00e9, et des d\u00e9parts anticip\u00e9s, et un d\u00e9part \u00e0 la retraite \u00e0 60 ans maximum pour toutes et tous, \u00e0 taux plein&nbsp;!<\/li>\n\n\n\n<li>la r\u00e9duction du temps de travail \u00e0 32 heures&nbsp;!<\/li>\n\n\n\n<li>une r\u00e9elle prise en compte des risques psycho-sociaux&nbsp;!<\/li>\n\n\n\n<li>la pr\u00e9servation et le renforcement des r\u00e9gimes particuliers et de nos caisses de retraite, dont le Code des pensions civiles et militaires, le FSPOEIE o\u00f9 encore la CNRACL, ce qui passe aussi par une augmentation g\u00e9n\u00e9rale des salaires et des traitements&nbsp;!<\/li>\n\n\n\n<li>le d\u00e9gel de la valeur du point d\u2019indice avec son augmentation imm\u00e9diate de 10%&nbsp;!<\/li>\n\n\n\n<li>son indexation sur l\u2019\u00e9volution de l\u2019inflation&nbsp;!<\/li>\n\n\n\n<li>l\u2019\u00e9galit\u00e9 femmes\/hommes sur le plan salarial et des carri\u00e8res&nbsp;!<\/li>\n\n\n\n<li>l\u2019abrogation de la loi Macron sur les retraites&nbsp;!<\/li>\n\n\n\n<li>des cr\u00e9ations d\u2019emplois partout o\u00f9 c\u2019est n\u00e9cessaire&nbsp;!<\/li>\n<\/ul>\n\n\n\n<p><strong>R\u00e9duire le temps de travail tout au long de la vie avec la retraite \u00e0 60 ans et les 32 heures,<br>Travailler toutes et tous, mieux et moins,<br>C\u2019est n\u00e9cessaire et c\u2019est possible&nbsp;!<\/strong><\/p>\n","protected":false},"excerpt":{"rendered":"<div class=\"mh-excerpt\"><p>La loi Macron sur les retraites entend nous imposer deux ans de travail suppl\u00e9mentaires, ce qui aura des cons\u00e9quences n\u00e9fastes sur les conditions de vie, <a class=\"mh-excerpt-more\" href=\"https:\/\/cgt-bfc.fr\/index.php\/2023\/04\/25\/le-28-avril-est-la-journee-mondiale-de-lorganisation-internationale-du-travail-oit-pour-la-securite-et-la-sante-au-travail\/\" title=\"Le 28 avril est la journ\u00e9e mondiale de l\u2019Organisation Internationale du travail (OIT) pour la s\u00e9curit\u00e9 et la sant\u00e9 au travail.\">[&#8230;]<\/a><\/p>\n<\/div>","protected":false},"author":1,"featured_media":14541,"comment_status":"open","ping_status":"open","sticky":false,"template":"","format":"standard","meta":{"_jetpack_memberships_contains_paid_content":false,"footnotes":""},"categories":[1],"tags":[],"class_list":["post-14532","post","type-post","status-publish","format-standard","has-post-thumbnail","hentry","category-actu"],"jetpack_featured_media_url":"https:\/\/cgt-bfc.fr\/wp-content\/uploads\/2023\/04\/oit__.png","jetpack_sharing_enabled":true,"_links":{"self":[{"href":"https:\/\/cgt-bfc.fr\/index.php\/wp-json\/wp\/v2\/posts\/14532","targetHints":{"allow":["GET"]}}],"collection":[{"href":"https:\/\/cgt-bfc.fr\/index.php\/wp-json\/wp\/v2\/posts"}],"about":[{"href":"https:\/\/cgt-bfc.fr\/index.php\/wp-json\/wp\/v2\/types\/post"}],"author":[{"embeddable":true,"href":"https:\/\/cgt-bfc.fr\/index.php\/wp-json\/wp\/v2\/users\/1"}],"replies":[{"embeddable":true,"href":"https:\/\/cgt-bfc.fr\/index.php\/wp-json\/wp\/v2\/comments?post=14532"}],"version-history":[{"count":5,"href":"https:\/\/cgt-bfc.fr\/index.php\/wp-json\/wp\/v2\/posts\/14532\/revisions"}],"predecessor-version":[{"id":14539,"href":"https:\/\/cgt-bfc.fr\/index.php\/wp-json\/wp\/v2\/posts\/14532\/revisions\/14539"}],"wp:featuredmedia":[{"embeddable":true,"href":"https:\/\/cgt-bfc.fr\/index.php\/wp-json\/wp\/v2\/media\/14541"}],"wp:attachment":[{"href":"https:\/\/cgt-bfc.fr\/index.php\/wp-json\/wp\/v2\/media?parent=14532"}],"wp:term":[{"taxonomy":"category","embeddable":true,"href":"https:\/\/cgt-bfc.fr\/index.php\/wp-json\/wp\/v2\/categories?post=14532"},{"taxonomy":"post_tag","embeddable":true,"href":"https:\/\/cgt-bfc.fr\/index.php\/wp-json\/wp\/v2\/tags?post=14532"}],"curies":[{"name":"wp","href":"https:\/\/api.w.org\/{rel}","templated":true}]}}