{"id":15248,"date":"2023-11-30T11:35:58","date_gmt":"2023-11-30T10:35:58","guid":{"rendered":"https:\/\/cgt-bfc.fr\/?p=15248"},"modified":"2023-12-05T06:17:48","modified_gmt":"2023-12-05T05:17:48","slug":"resultats-du-sondage-opinions-et-attentes-des-professions-intermediaires-au-travail-declassees-et-malmenees-les-professions-techniciennes-et-intermediaires-tirent-la-so","status":"publish","type":"post","link":"https:\/\/cgt-bfc.fr\/index.php\/2023\/11\/30\/resultats-du-sondage-opinions-et-attentes-des-professions-intermediaires-au-travail-declassees-et-malmenees-les-professions-techniciennes-et-intermediaires-tirent-la-so\/","title":{"rendered":"R\u00e9sultats du sondage \u00ab\u00a0Opinions et attentes des professions interm\u00e9diaires au travail\u00a0\u00bb\u00a0: d\u00e9class\u00e9es et malmen\u00e9es, les professions techniciennes et interm\u00e9diaires tirent la sonnette d\u2019alarme\u00a0!"},"content":{"rendered":"\n<p>Dossier de presse \u00ab&nbsp;Opinions et attentes des professions interm\u00e9diaires au travail&nbsp;\u00bb, avec la pr\u00e9sentation et l\u2019analyse des r\u00e9sultats du sondage ViaVoice\/Ugict-CGT.<\/p>\n\n\n\n<p>Salaires, inflation, t\u00e9l\u00e9travail, risques psychosociaux, \u00e9galit\u00e9 professionnelle (&#8230;)&nbsp;; les chiffres permettent de rendre compte des r\u00e9alit\u00e9s au travail de millions de fran\u00e7ais\u00b7es.<\/p>\n\n\n\n<p><strong>La page 20 est consacr\u00e9e aux professions interm\u00e9diaires de la Fonction publique.<\/strong><\/p>\n\n\n\n<div class=\"wp-block-pdf-viewer-block-standard\" style=\"text-align:left\"><div class=\"uploaded-pdf\"><a href=\"https:\/\/cgt-bfc.fr\/wp-content\/uploads\/2023\/11\/2023-dossier_presse-barometre_techs-ugict_cgt.pdf\" data-width=\"\" data-height=\"\"><\/a><\/div><\/div>\n","protected":false},"excerpt":{"rendered":"<div class=\"mh-excerpt\"><p>Dossier de presse \u00ab&nbsp;Opinions et attentes des professions interm\u00e9diaires au travail&nbsp;\u00bb, avec la pr\u00e9sentation et l\u2019analyse des r\u00e9sultats du sondage ViaVoice\/Ugict-CGT. Salaires, inflation, t\u00e9l\u00e9travail, risques <a class=\"mh-excerpt-more\" href=\"https:\/\/cgt-bfc.fr\/index.php\/2023\/11\/30\/resultats-du-sondage-opinions-et-attentes-des-professions-intermediaires-au-travail-declassees-et-malmenees-les-professions-techniciennes-et-intermediaires-tirent-la-so\/\" title=\"R\u00e9sultats du sondage \u00ab\u00a0Opinions et attentes des professions interm\u00e9diaires au travail\u00a0\u00bb\u00a0: d\u00e9class\u00e9es et malmen\u00e9es, les professions techniciennes et interm\u00e9diaires tirent la sonnette d\u2019alarme\u00a0!\">[&#8230;]<\/a><\/p>\n<\/div>","protected":false},"author":1,"featured_media":15252,"comment_status":"open","ping_status":"open","sticky":false,"template":"","format":"standard","meta":{"_jetpack_memberships_contains_paid_content":false,"footnotes":""},"categories":[1],"tags":[],"class_list":["post-15248","post","type-post","status-publish","format-standard","has-post-thumbnail","hentry","category-actu"],"jetpack_featured_media_url":"https:\/\/cgt-bfc.fr\/wp-content\/uploads\/2023\/11\/opinions_attentes.png","jetpack_sharing_enabled":true,"_links":{"self":[{"href":"https:\/\/cgt-bfc.fr\/index.php\/wp-json\/wp\/v2\/posts\/15248","targetHints":{"allow":["GET"]}}],"collection":[{"href":"https:\/\/cgt-bfc.fr\/index.php\/wp-json\/wp\/v2\/posts"}],"about":[{"href":"https:\/\/cgt-bfc.fr\/index.php\/wp-json\/wp\/v2\/types\/post"}],"author":[{"embeddable":true,"href":"https:\/\/cgt-bfc.fr\/index.php\/wp-json\/wp\/v2\/users\/1"}],"replies":[{"embeddable":true,"href":"https:\/\/cgt-bfc.fr\/index.php\/wp-json\/wp\/v2\/comments?post=15248"}],"version-history":[{"count":2,"href":"https:\/\/cgt-bfc.fr\/index.php\/wp-json\/wp\/v2\/posts\/15248\/revisions"}],"predecessor-version":[{"id":15250,"href":"https:\/\/cgt-bfc.fr\/index.php\/wp-json\/wp\/v2\/posts\/15248\/revisions\/15250"}],"wp:featuredmedia":[{"embeddable":true,"href":"https:\/\/cgt-bfc.fr\/index.php\/wp-json\/wp\/v2\/media\/15252"}],"wp:attachment":[{"href":"https:\/\/cgt-bfc.fr\/index.php\/wp-json\/wp\/v2\/media?parent=15248"}],"wp:term":[{"taxonomy":"category","embeddable":true,"href":"https:\/\/cgt-bfc.fr\/index.php\/wp-json\/wp\/v2\/categories?post=15248"},{"taxonomy":"post_tag","embeddable":true,"href":"https:\/\/cgt-bfc.fr\/index.php\/wp-json\/wp\/v2\/tags?post=15248"}],"curies":[{"name":"wp","href":"https:\/\/api.w.org\/{rel}","templated":true}]}}