{"id":15261,"date":"2023-12-05T06:22:35","date_gmt":"2023-12-05T05:22:35","guid":{"rendered":"https:\/\/cgt-bfc.fr\/?p=15261"},"modified":"2023-12-05T06:43:33","modified_gmt":"2023-12-05T05:43:33","slug":"preavis-de-greve-pour-les-journees-du-1er-au-31-decembre-2023","status":"publish","type":"post","link":"https:\/\/cgt-bfc.fr\/index.php\/2023\/12\/05\/preavis-de-greve-pour-les-journees-du-1er-au-31-decembre-2023\/","title":{"rendered":"Pr\u00e9avis de gr\u00e8ve pour les journ\u00e9es du 1er au 31 d\u00e9cembre 2023."},"content":{"rendered":"\n<p>Objet : Pr\u00e9avis de gr\u00e8ve pour les journ\u00e9es du 1er au 31 d\u00e9cembre 2023 couvrant l\u2019ensemble des salari\u00e9\u00b7es et agent\u00b7es des villes, d\u00e9partements, r\u00e9gions, \u00e9tablissements publics, m\u00e9tropoles, offices de l\u2019habitat, services et entreprises de l\u2019eau et de la thanatologie<br>Messieurs les Ministres,<\/p>\n\n\n\n<div class=\"wp-block-pdf-viewer-block-standard\" style=\"text-align:left\"><div class=\"uploaded-pdf\"><a href=\"https:\/\/cgt-bfc.fr\/wp-content\/uploads\/2023\/12\/fdsp_cgt_preavis_de_greve_du_1er_au_31_12_2023-1.pdf\" data-width=\"\" data-height=\"\"><\/a><\/div><\/div>\n","protected":false},"excerpt":{"rendered":"<div class=\"mh-excerpt\"><p>Objet : Pr\u00e9avis de gr\u00e8ve pour les journ\u00e9es du 1er au 31 d\u00e9cembre 2023 couvrant l\u2019ensemble des salari\u00e9\u00b7es et agent\u00b7es des villes, d\u00e9partements, r\u00e9gions, \u00e9tablissements <a class=\"mh-excerpt-more\" href=\"https:\/\/cgt-bfc.fr\/index.php\/2023\/12\/05\/preavis-de-greve-pour-les-journees-du-1er-au-31-decembre-2023\/\" title=\"Pr\u00e9avis de gr\u00e8ve pour les journ\u00e9es du 1er au 31 d\u00e9cembre 2023.\">[&#8230;]<\/a><\/p>\n<\/div>","protected":false},"author":1,"featured_media":15266,"comment_status":"open","ping_status":"open","sticky":false,"template":"","format":"standard","meta":{"_jetpack_memberships_contains_paid_content":false,"footnotes":""},"categories":[1],"tags":[],"class_list":["post-15261","post","type-post","status-publish","format-standard","has-post-thumbnail","hentry","category-actu"],"jetpack_featured_media_url":"https:\/\/cgt-bfc.fr\/wp-content\/uploads\/2023\/12\/preavis_decembre-copie.png","jetpack_sharing_enabled":true,"_links":{"self":[{"href":"https:\/\/cgt-bfc.fr\/index.php\/wp-json\/wp\/v2\/posts\/15261","targetHints":{"allow":["GET"]}}],"collection":[{"href":"https:\/\/cgt-bfc.fr\/index.php\/wp-json\/wp\/v2\/posts"}],"about":[{"href":"https:\/\/cgt-bfc.fr\/index.php\/wp-json\/wp\/v2\/types\/post"}],"author":[{"embeddable":true,"href":"https:\/\/cgt-bfc.fr\/index.php\/wp-json\/wp\/v2\/users\/1"}],"replies":[{"embeddable":true,"href":"https:\/\/cgt-bfc.fr\/index.php\/wp-json\/wp\/v2\/comments?post=15261"}],"version-history":[{"count":4,"href":"https:\/\/cgt-bfc.fr\/index.php\/wp-json\/wp\/v2\/posts\/15261\/revisions"}],"predecessor-version":[{"id":15263,"href":"https:\/\/cgt-bfc.fr\/index.php\/wp-json\/wp\/v2\/posts\/15261\/revisions\/15263"}],"wp:featuredmedia":[{"embeddable":true,"href":"https:\/\/cgt-bfc.fr\/index.php\/wp-json\/wp\/v2\/media\/15266"}],"wp:attachment":[{"href":"https:\/\/cgt-bfc.fr\/index.php\/wp-json\/wp\/v2\/media?parent=15261"}],"wp:term":[{"taxonomy":"category","embeddable":true,"href":"https:\/\/cgt-bfc.fr\/index.php\/wp-json\/wp\/v2\/categories?post=15261"},{"taxonomy":"post_tag","embeddable":true,"href":"https:\/\/cgt-bfc.fr\/index.php\/wp-json\/wp\/v2\/tags?post=15261"}],"curies":[{"name":"wp","href":"https:\/\/api.w.org\/{rel}","templated":true}]}}