{"id":15374,"date":"2024-01-30T11:49:41","date_gmt":"2024-01-30T10:49:41","guid":{"rendered":"https:\/\/cgt-bfc.fr\/?p=15374"},"modified":"2024-01-30T14:32:55","modified_gmt":"2024-01-30T13:32:55","slug":"vu-deurope-un-coup-dur-pour-toutes-les-femmes","status":"publish","type":"post","link":"https:\/\/cgt-bfc.fr\/index.php\/2024\/01\/30\/vu-deurope-un-coup-dur-pour-toutes-les-femmes\/","title":{"rendered":"Vu d\u2019Europe . Un coup dur pour toutes les femmes"},"content":{"rendered":"\n<p>Par Nayla Glaise, pr\u00e9sidente d\u2019Eurocadres.<\/p>\n\n\n\n<p>Malgr\u00e9 les promesses de progr\u00e8s lors de l\u2019annonce du dossier sur la lutte contre la violence \u00e0 l\u2019\u00e9gard des femmes et la violence domestique, la loi est aujourd\u2019hui s\u00e9rieusement menac\u00e9e.<\/p>\n\n\n\n<p>Le Conseil, sous l\u2019impulsion des gouvernements allemand et fran\u00e7ais, n\u2019est en effet pas parvenu \u00e0 un compromis sur l\u2019article&nbsp;5, omettant la criminalisation du viol fond\u00e9 sur l\u2019absence de consentement dans le texte. Apr\u00e8s des mois de n\u00e9gociations intensives, les co-rapporteurs du Parlement europ\u00e9en, Frances Fitzgerald et Evin Incir, ont qualifi\u00e9 la position du Conseil de \u00ab&nbsp;honteuse&nbsp;\u00bb, tout en&nbsp;<a href=\"https:\/\/twitter.com\/TheProgressives\/status\/1746933519295599022\">appelant<\/a>&nbsp;les gouvernements \u00e0 suivre les souhaits de leurs citoyens.<\/p>\n\n\n\n<p>Ces appels interviennent alors que le Parlement s\u2019est retrouv\u00e9 dans une position peu enviable&nbsp;: ratifier un texte sans l\u2019inclusion de cet article cl\u00e9, ou faire porter la responsabilit\u00e9 au Conseil pour qu\u2019il c\u00e8de. Bien qu\u2019il soit possible de revoir la clause \u00e0 l\u2019avenir si une directive \u00e9tait adopt\u00e9e, l\u2019impossibilit\u00e9 d\u2019obtenir une majorit\u00e9 qualifi\u00e9e pour un article aussi crucial, malgr\u00e9 les conseils juridiques clairs et les souhaits du Parlement comme de la Commission, est un coup dur pour les femmes de toute l\u2019Europe.<\/p>\n\n\n\n<p>Dans le cadre de la directive elle-m\u00eame, les syndicats ont gagn\u00e9 un certain nombre de batailles cruciales, y compris une r\u00e9vision de la dimension du lieu de travail dans le texte, des amendements sur le pr\u00e9judice \u00e9conomique et la reconnaissance de la cyberviolence dans le droit europ\u00e9en. Sans l\u2019inclusion du viol fond\u00e9 sur l\u2019absence de consentement, le texte sera consid\u00e9rablement \u00e9dulcor\u00e9 et pourrait m\u00eame ne pas \u00eatre adopt\u00e9. Nous avons fait part de notre d\u00e9go\u00fbt que Paris, Berlin et d\u2019autres capitales n\u2019aient pas r\u00e9ussi \u00e0 offrir aux femmes la protection qu\u2019elles m\u00e9ritent. Le Parlement et la Commission, aid\u00e9s par les syndicats et la soci\u00e9t\u00e9 civile, se sont donn\u00e9 beaucoup de mal pour illustrer la base juridique de ce texte historique et ont fourni aux gouvernements nationaux un excellent instrument l\u00e9gislatif.&nbsp;&nbsp;<\/p>\n\n\n\n<p>Nous ne vivons pas dans une Union de l\u2019\u00e9galit\u00e9 et les actions de nombreux gouvernements, en s\u2019opposant \u00e0 ce texte crucial, n\u2019ont fait que renforcer cette situation pour les femmes de toute l\u2019Europe.<\/p>\n\n\n\n<h2 class=\"wp-block-heading\">Extr\u00eame richesse et pouvoir des entreprises<\/h2>\n\n\n\n<p>Le mois de janvier a \u00e9galement vu la publication du rapport d\u2019Oxfam,&nbsp;<a href=\"https:\/\/www.oxfam.org\/en\/research\/inequality-inc\">\u00ab&nbsp;&nbsp;INEQUALITY INC&nbsp;: How corporate power divides our world and the need for a new era of public action&nbsp;<\/a>&nbsp;\u00bb, qui a montr\u00e9 le foss\u00e9 sismique entre les milliardaires qui jouent avec le syst\u00e8me et le reste de la soci\u00e9t\u00e9.&nbsp;<\/p>\n\n\n\n<p>La richesse des cinq milliardaires les plus riches du monde a plus que doubl\u00e9 depuis le d\u00e9but de cette d\u00e9cennie, alors que 60&nbsp;% de l\u2019humanit\u00e9 s\u2019est appauvrie&nbsp;\u00bb. Au rythme actuel, la pauvret\u00e9 ne sera pas \u00e9radiqu\u00e9e avant 2264.\u202f<\/p>\n\n\n\n<p>Les opportunit\u00e9s existent pourtant pour rompre le lien entre l\u2019extr\u00eame richesse et le pouvoir des entreprises. L\u2019instauration d\u2019une \u00e9conomie et d\u2019une soci\u00e9t\u00e9 plus \u00e9quitables pour les travailleurs n\u00e9cessitera un certain nombre de changements importants, dont beaucoup peuvent \u00eatre impos\u00e9s au niveau de l\u2019Union europ\u00e9enne. Le rapport souligne \u00e9galement la concentration des richesses dans les pays du Nord, l\u2019\u00e9norme pourcentage de profits r\u00e9alis\u00e9s par les entreprises et le fait qu\u2019en Europe, les 1&nbsp;% les plus riches d\u00e9tiennent 47&nbsp;% des richesses.&nbsp;<\/p>\n\n\n\n<p>Le r\u00f4le des syndicats dans la lutte contre l\u2019aust\u00e9rit\u00e9 et la privatisation est bien connu, le sous-financement des services publics et des infrastructures ayant pour cons\u00e9quence de creuser le foss\u00e9 entre les riches et les pauvres, de diminuer la confiance dans les gouvernements nationaux et d\u2019accro\u00eetre le soutien \u00e0 l\u2019extr\u00eame droite dans l\u2019ensemble de l\u2019UE. Nous avons clairement exprim\u00e9 notre opposition \u00e0 la r\u00e9introduction de ces mesures. Les r\u00e8gles fiscales de l\u2019Europe doivent \u00e9liminer cat\u00e9goriquement le retour \u00e0 ces politiques face aux difficult\u00e9s \u00e9conomiques, l\u2019investissement dans les personnes \u00e9tant la seule solution viable aux d\u00e9fis qui se posent aux \u00e9conomies des 27 capitales nationales.<\/p>\n\n\n\n<p>Des initiatives telles que la directive sur le&nbsp;<a href=\"https:\/\/www.eurocadres.eu\/news\/eu-rules-to-scrutinise-company-supply-chains\/\">devoir de vigilance<\/a>&nbsp;ont montr\u00e9 que les institutions europ\u00e9ennes \u00e9taient d\u00e9sireuses de prot\u00e9ger l\u2019environnement et les droits de l\u2019homme tout au long des cha\u00eenes d\u2019approvisionnement des entreprises et de freiner les investissements non durables. Tout au long de nos activit\u00e9s de plaidoyer dans ce dossier, nous avons constat\u00e9 le r\u00f4le pr\u00e9pond\u00e9rant que les cadres et techniciens joueront dans la transposition et la mise en \u0153uvre de ce texte lorsqu\u2019il sera livr\u00e9. En int\u00e9grant des mesures contre les mesures antisyndicales, en garantissant des salaires d\u00e9cents pour les travailleurs et en augmentant massivement les imp\u00f4ts pay\u00e9s par les multinationales, il est possible de mettre un frein aux abus des entreprises.<\/p>\n\n\n\n<p>Les march\u00e9s publics doivent \u00e9galement faire l\u2019objet d\u2019une attention particuli\u00e8re, Oxfam affirmant qu\u2019 \u00ab\u00a0\u00a0<em>aucune aide \u00e9conomique ni aucun contrat gouvernemental ne devrait \u00eatre accord\u00e9 \u00e0 des entreprises qui ne respectent pas leurs objectifs nets z\u00e9ro, qui versent des salaires inf\u00e9rieurs au minimum vital ou qui \u00e9chappent \u00e0 l\u2019imp\u00f4t<\/em>\u00a0\u00a0\u00bb.<\/p>\n\n\n\n<h2 class=\"wp-block-heading\">Le d\u00e9fi de la lutte contre les in\u00e9galit\u00e9s<\/h2>\n\n\n\n<p>L\u2019aust\u00e9rit\u00e9 et la privatisation ne feront qu\u2019accentuer les in\u00e9galit\u00e9s en Europe et dans le monde, et les syndicats doivent continuer \u00e0 \u00eatre en premi\u00e8re ligne contre ces positions politiques n\u00e9fastes. Notre objectif doit \u00eatre de cr\u00e9er une soci\u00e9t\u00e9 socialement et \u00e9conomiquement juste, et bien que le d\u00e9fi pour y parvenir puisse sembler insurmontable, nous avons vu le vent commencer \u00e0 tourner ces derni\u00e8res ann\u00e9es.&nbsp;<\/p>\n\n\n\n<p>Pour le reste du calendrier europ\u00e9en, les commissions du march\u00e9 int\u00e9rieur (IMCO) et des libert\u00e9s civiles et des affaires int\u00e9rieures (LIBE) devraient voter sur le texte en f\u00e9vrier 2024&nbsp;&nbsp;; le vote en pl\u00e9ni\u00e8re est de son c\u00f4t\u00e9 pr\u00e9vu en avril.<\/p>\n\n\n\n<p>La directive sur les travailleurs des plateformes a connu un nouvel accroc, les ministres de l\u2019Emploi n\u2019\u00e9tant pas parvenus \u00e0 voter sur le texte, apr\u00e8s que les n\u00e9gociations en trilogue ont pourtant abouti \u00e0 un compromis politique en d\u00e9cembre. Sous l\u2019impulsion du gouvernement fran\u00e7ais, douze pays (dont les pays baltes, la Bulgarie, la R\u00e9publique tch\u00e8que, la Finlande, la France, la Gr\u00e8ce, la Hongrie, l\u2019Irlande, l\u2019Italie et la Su\u00e8de) ont en effet officieusement fait savoir qu\u2019ils ne le soutiendraient lors d\u2019un vote final.&nbsp; Un quota repr\u00e9sentant 65&nbsp;% de la population de l\u2019UE \u00e9tant n\u00e9cessaire pour adopter le texte actuel, les n\u00e9gociations devraient se poursuivre sous la pr\u00e9sidence belge.&nbsp;<\/p>\n","protected":false},"excerpt":{"rendered":"<div class=\"mh-excerpt\"><p>Par Nayla Glaise, pr\u00e9sidente d\u2019Eurocadres. Malgr\u00e9 les promesses de progr\u00e8s lors de l\u2019annonce du dossier sur la lutte contre la violence \u00e0 l\u2019\u00e9gard des femmes <a class=\"mh-excerpt-more\" href=\"https:\/\/cgt-bfc.fr\/index.php\/2024\/01\/30\/vu-deurope-un-coup-dur-pour-toutes-les-femmes\/\" title=\"Vu d\u2019Europe . Un coup dur pour toutes les femmes\">[&#8230;]<\/a><\/p>\n<\/div>","protected":false},"author":1,"featured_media":15383,"comment_status":"open","ping_status":"open","sticky":false,"template":"","format":"standard","meta":{"_jetpack_memberships_contains_paid_content":false,"footnotes":""},"categories":[1,21],"tags":[],"class_list":["post-15374","post","type-post","status-publish","format-standard","has-post-thumbnail","hentry","category-actu","category-agent-du-siege"],"jetpack_featured_media_url":"https:\/\/cgt-bfc.fr\/wp-content\/uploads\/2024\/01\/vu_d_europe_oo.png","jetpack_sharing_enabled":true,"_links":{"self":[{"href":"https:\/\/cgt-bfc.fr\/index.php\/wp-json\/wp\/v2\/posts\/15374","targetHints":{"allow":["GET"]}}],"collection":[{"href":"https:\/\/cgt-bfc.fr\/index.php\/wp-json\/wp\/v2\/posts"}],"about":[{"href":"https:\/\/cgt-bfc.fr\/index.php\/wp-json\/wp\/v2\/types\/post"}],"author":[{"embeddable":true,"href":"https:\/\/cgt-bfc.fr\/index.php\/wp-json\/wp\/v2\/users\/1"}],"replies":[{"embeddable":true,"href":"https:\/\/cgt-bfc.fr\/index.php\/wp-json\/wp\/v2\/comments?post=15374"}],"version-history":[{"count":7,"href":"https:\/\/cgt-bfc.fr\/index.php\/wp-json\/wp\/v2\/posts\/15374\/revisions"}],"predecessor-version":[{"id":15376,"href":"https:\/\/cgt-bfc.fr\/index.php\/wp-json\/wp\/v2\/posts\/15374\/revisions\/15376"}],"wp:featuredmedia":[{"embeddable":true,"href":"https:\/\/cgt-bfc.fr\/index.php\/wp-json\/wp\/v2\/media\/15383"}],"wp:attachment":[{"href":"https:\/\/cgt-bfc.fr\/index.php\/wp-json\/wp\/v2\/media?parent=15374"}],"wp:term":[{"taxonomy":"category","embeddable":true,"href":"https:\/\/cgt-bfc.fr\/index.php\/wp-json\/wp\/v2\/categories?post=15374"},{"taxonomy":"post_tag","embeddable":true,"href":"https:\/\/cgt-bfc.fr\/index.php\/wp-json\/wp\/v2\/tags?post=15374"}],"curies":[{"name":"wp","href":"https:\/\/api.w.org\/{rel}","templated":true}]}}