{"id":15396,"date":"2024-01-30T14:48:03","date_gmt":"2024-01-30T13:48:03","guid":{"rendered":"https:\/\/cgt-bfc.fr\/?p=15396"},"modified":"2024-01-30T15:49:10","modified_gmt":"2024-01-30T14:49:10","slug":"nattendons-pas-que-le-capital-traite-de-la-question-environnementale-il-ne-le-fera-pas","status":"publish","type":"post","link":"https:\/\/cgt-bfc.fr\/index.php\/2024\/01\/30\/nattendons-pas-que-le-capital-traite-de-la-question-environnementale-il-ne-le-fera-pas\/","title":{"rendered":"\u00ab\u00a0N\u2019attendons pas que le capital traite de la question environnementale, il ne le fera pas\u00a0\u00bb"},"content":{"rendered":"\n<p>La Cgt affirme qu\u2019il est possible de rem\u00e9dier \u00e0 la crise climatique en d\u00e9passant les contradictions entre le social et l\u2019environnemental. Mais en apportant des solutions : c\u2019est l\u2019un des objectifs de son Plan syndical d\u2019actions pour l\u2019environnement.<\/p>\n\n\n\n<p>par&nbsp;<a href=\"https:\/\/journaloptions.fr\/author\/c-labbe-heurewanadoo-fr\/\">Christine Labbe<\/a> Temps de lecture : 3 minutes<\/p>\n\n\n\n<p>Une&nbsp;<em>\u00ab&nbsp;&nbsp;bonne nouvelle&nbsp;&nbsp;\u00bb<\/em>&nbsp;&nbsp;: c\u2019est par cette note positive que Sophie Binet conclut les Rencontres d\u2019<em>Options<\/em>&nbsp;consacr\u00e9es au climat et \u00e0 la transformation du travail. Cette \u00ab&nbsp;&nbsp;bonne nouvelle&nbsp;&nbsp;\u00bb prend la forme d\u2019une&nbsp;<em>\u00ab&nbsp;&nbsp;Cop (Conf\u00e9rence des parties) conclusive&nbsp;&nbsp;\u00bb,<\/em>&nbsp;dont l\u2019accord n\u00e9goci\u00e9 \u00e0 Duba\u00ef amorce une sortie des \u00e9nergies fossiles. Mais l\u2019optimisme de la secr\u00e9taire g\u00e9n\u00e9rale de la Cgt est tout relatif&nbsp;&nbsp;:&nbsp;<em>\u00ab&nbsp;&nbsp;Des Cop conclusives,&nbsp;<\/em>rappelle-t-elle,&nbsp;<em>il y en a eu d\u2019autres, dont celles de Paris et de Glasgow\u2026 qui ont finalement \u00e9t\u00e9 suivies par une forte capacit\u00e9 \u00e0 ignorer les engagements une fois de retour chez soi.&nbsp;\u00bb<\/em>&nbsp;Pour, tranquillement, reprendre la marche habituelle des \u00e9v\u00e9nements\u2026<\/p>\n\n\n\n<p><em>\u00ab&nbsp;&nbsp;Or, hormis par Emmanuel Macron, les cons\u00e9quences de la crise climatique sont connues. Mais on ne veut pas faire. Fondamentalement, le capital, en effet, n\u2019y a pas int\u00e9r\u00eat. D\u2019une part parce que les ultrariches sont \u00e9pargn\u00e9s par les cons\u00e9quences du r\u00e9chauffement climatique. D\u2019autre part, parce qu\u2019ils en sont les premiers responsables, l\u2019impact environnemental \u00e9tant proportionnel au niveau de richesse. Ils refusent ainsi de prendre leurs responsabilit\u00e9s, sauf \u00e0 remettre en cause l\u2019in\u00e9gale r\u00e9partition des richesses et des pouvoirs. Enfin, ils sp\u00e9culent sur la situation, et cette sp\u00e9culation porte un nom&nbsp;&nbsp;: le capitalisme vert. N\u2019attendons pas que le capital traite de la question environnementale, il ne le fera pas.&nbsp;&nbsp;\u00bb<\/em><\/p>\n\n\n\n<h2 class=\"wp-block-heading\"><strong>La \u00ab&nbsp;&nbsp;bombe climatique&nbsp;&nbsp;\u00bb&nbsp;&nbsp;? Au profit de l\u2019extr\u00eame droite<\/strong><\/h2>\n\n\n\n<p>Cette lucidit\u00e9 est d\u2019autant plus salutaire que la situation profite avant tout \u00e0 l\u2019extr\u00eame droite. Sophie Binet d\u00e9crit ainsi un \u00ab&nbsp;&nbsp;effet ciseaux&nbsp;&nbsp;\u00bb tr\u00e8s inqui\u00e9tant&nbsp;&nbsp;:&nbsp;<em>\u00ab&nbsp;&nbsp;D\u2019un c\u00f4t\u00e9, l\u2019extr\u00eame droite prosp\u00e8re sur les crises engendr\u00e9es par le d\u00e9r\u00e8glement climatiques, comme les migrations ou les batailles g\u00e9opolitiques pour la captation des ressources naturelles. De l\u2019autre, elle profite du refus des classes dirigeantes de remettre en cause les privil\u00e8ges du capital&nbsp;&nbsp;\u00bb,<\/em>&nbsp;au d\u00e9triment des exigences sociales et des besoins des populations. Le syndicalisme Cgt affirme qu\u2019il est possible d\u2019y rem\u00e9dier, en apportant des solutions&nbsp;&nbsp;: c\u2019est l\u2019un des objectifs de son Plan syndical d\u2019actions pour l\u2019environnement.<\/p>\n\n\n\n<p><em>\u00ab&nbsp;&nbsp;Soyons nous-m\u00eames la solution. Chacune, chacun, \u00e0 nos \u00e9chelles (territoire, entreprise, fili\u00e8re industrielle\u2026), \u00e9valuons l\u2019impact du changement climatique et r\u00e9fl\u00e9chissons \u00e0 la transformation en profondeur de l\u2019outil productif, en d\u00e9passant les contradictions entre l\u2019environnement et le social&nbsp;&nbsp;\u00bb.<\/em>&nbsp;Cela implique de&nbsp;<em>\u00ab&nbsp;&nbsp;travailler \u00e0 des projets&nbsp;&nbsp;\u00bb<\/em>&nbsp;&nbsp;: par exemple \u00e0 la conception d\u2019un v\u00e9hicule \u00e9lectrique l\u00e9ger, \u00e0 bas co\u00fbt, notamment \u00e0 travers le&nbsp;<a href=\"https:\/\/www.cgt.fr\/actualites\/nouvelle-aquitaine\/industrie\/environnement\/projet-gazelle-pour-la-defense-des-emplois-et-de-la-planete\">projet Gazelle<\/a>, \u00e0 Blanquefort (Gironde). Autres exemples&nbsp;&nbsp;: le&nbsp;<a href=\"https:\/\/www.cgt.fr\/actualites\/france\/industrie\/mobilisation\/victoire-syndicale-cordemais\">projet de reconversion en biomasse Ecocombust<\/a>&nbsp;pour la centrale \u00e9lectrique de Cordemais (Loire-Atlantique) ou le celui de reconversion en m\u00e9thanation pour&nbsp;<a href=\"https:\/\/www.cgt.fr\/comm-de-presse\/centrale-de-gardanne-une-grande-victoire-de-plus-pour-les-travailleurs-avec-la-cgt\">la centrale \u00e0 charbon de Gardanne<\/a>&nbsp;(Bouches-du-Rh\u00f4ne), permettant de transformer du bois usag\u00e9 en gaz et de produire de l\u2019\u00e9lectricit\u00e9 \u00e0 base de biomasse.&nbsp;<\/p>\n\n\n\n<p>Sophie Binet poursuit son raisonnement en insistant sur les propositions de la Cgt en mati\u00e8re de <a href=\"https:\/\/www.cgt.fr\/actualites\/france\/transport\/decryptage\/la-cgt-presente-un-plan-de-developpement-du-fret-sncf\" data-type=\"link\" data-id=\"https:\/\/www.cgt.fr\/actualites\/france\/transport\/decryptage\/la-cgt-presente-un-plan-de-developpement-du-fret-sncf\">fret ferroviaire public <\/a>(reprise de la dette), en cours de d\u00e9mant\u00e8lement, ou pour l\u2019entreprise Valdunes, le dernier fabricant fran\u00e7ais de roues ferroviaires, dont l\u2019avenir est menac\u00e9 apr\u00e8s le d\u00e9sengagement de son actionnaire.<\/p>\n\n\n\n<p><em>\u00ab&nbsp;&nbsp;L\u2019objectif est de g\u00e9n\u00e9raliser ces actions et de passer \u00e0 l\u2019\u00e9chelle industrielle,<\/em>&nbsp;explique Sophie Binet.&nbsp;<em>Le Radar travail environnement participe de cette ambition et rend cr\u00e9dible le syndicalisme dans sa capacit\u00e9 \u00e0 offrir des perspectives en mati\u00e8re environnementale&nbsp;&nbsp;: en permettant aux salari\u00e9s, et notamment aux cadres, de se r\u00e9approprier leur travail et de reprendre le contr\u00f4le de leur qualification, au service des enjeux sociaux et environnementaux.&nbsp;&nbsp;\u00bb<\/em><\/p>\n","protected":false},"excerpt":{"rendered":"<div class=\"mh-excerpt\"><p>La Cgt affirme qu\u2019il est possible de rem\u00e9dier \u00e0 la crise climatique en d\u00e9passant les contradictions entre le social et l\u2019environnemental. Mais en apportant des <a class=\"mh-excerpt-more\" href=\"https:\/\/cgt-bfc.fr\/index.php\/2024\/01\/30\/nattendons-pas-que-le-capital-traite-de-la-question-environnementale-il-ne-le-fera-pas\/\" title=\"\u00ab\u00a0N\u2019attendons pas que le capital traite de la question environnementale, il ne le fera pas\u00a0\u00bb\">[&#8230;]<\/a><\/p>\n<\/div>","protected":false},"author":1,"featured_media":15403,"comment_status":"open","ping_status":"open","sticky":false,"template":"","format":"standard","meta":{"_jetpack_memberships_contains_paid_content":false,"footnotes":""},"categories":[1],"tags":[],"class_list":["post-15396","post","type-post","status-publish","format-standard","has-post-thumbnail","hentry","category-actu"],"jetpack_featured_media_url":"https:\/\/cgt-bfc.fr\/wp-content\/uploads\/2024\/01\/s_b_changement_climatique.png","jetpack_sharing_enabled":true,"_links":{"self":[{"href":"https:\/\/cgt-bfc.fr\/index.php\/wp-json\/wp\/v2\/posts\/15396","targetHints":{"allow":["GET"]}}],"collection":[{"href":"https:\/\/cgt-bfc.fr\/index.php\/wp-json\/wp\/v2\/posts"}],"about":[{"href":"https:\/\/cgt-bfc.fr\/index.php\/wp-json\/wp\/v2\/types\/post"}],"author":[{"embeddable":true,"href":"https:\/\/cgt-bfc.fr\/index.php\/wp-json\/wp\/v2\/users\/1"}],"replies":[{"embeddable":true,"href":"https:\/\/cgt-bfc.fr\/index.php\/wp-json\/wp\/v2\/comments?post=15396"}],"version-history":[{"count":7,"href":"https:\/\/cgt-bfc.fr\/index.php\/wp-json\/wp\/v2\/posts\/15396\/revisions"}],"predecessor-version":[{"id":15404,"href":"https:\/\/cgt-bfc.fr\/index.php\/wp-json\/wp\/v2\/posts\/15396\/revisions\/15404"}],"wp:featuredmedia":[{"embeddable":true,"href":"https:\/\/cgt-bfc.fr\/index.php\/wp-json\/wp\/v2\/media\/15403"}],"wp:attachment":[{"href":"https:\/\/cgt-bfc.fr\/index.php\/wp-json\/wp\/v2\/media?parent=15396"}],"wp:term":[{"taxonomy":"category","embeddable":true,"href":"https:\/\/cgt-bfc.fr\/index.php\/wp-json\/wp\/v2\/categories?post=15396"},{"taxonomy":"post_tag","embeddable":true,"href":"https:\/\/cgt-bfc.fr\/index.php\/wp-json\/wp\/v2\/tags?post=15396"}],"curies":[{"name":"wp","href":"https:\/\/api.w.org\/{rel}","templated":true}]}}