{"id":15405,"date":"2024-01-30T15:32:26","date_gmt":"2024-01-30T14:32:26","guid":{"rendered":"https:\/\/cgt-bfc.fr\/?p=15405"},"modified":"2024-01-30T15:49:17","modified_gmt":"2024-01-30T14:49:17","slug":"le-president-confirme-ses-orientations-nefastes","status":"publish","type":"post","link":"https:\/\/cgt-bfc.fr\/index.php\/2024\/01\/30\/le-president-confirme-ses-orientations-nefastes\/","title":{"rendered":"Le Pr\u00e9sident confirme ses orientations n\u00e9fastes"},"content":{"rendered":"\n<p>Emmanuel Macron s\u2019est donc livr\u00e9, \u00e0 l\u2019occasion d\u2019une conf\u00e9rence de presse, \u00e0 un long plaidoyer en faveur de sa politique lib\u00e9rale.<\/p>\n\n\n\n<p>Pr\u00f4nant l\u2019aust\u00e9rit\u00e9 accrue pour le plus grand nombre et les plus d\u00e9muni.e.s, justifiant toutes les r\u00e9gressions sociales et atteintes \u00e0 la vie d\u00e9mocratique qu\u2019il a mises en \u0153uvre, il a confirm\u00e9 \u00eatre avant tout le pr\u00e9sident d\u2019une minorit\u00e9 de privil\u00e9gi\u00e9.e.s.<\/p>\n\n\n\n<p>Dans un exercice de plus de deux heures au ton toujours donneur de le\u00e7ons, il a abord\u00e9 de mani\u00e8re br\u00e8ve la Fonction publique, ses agentes et ses agents.<\/p>\n\n\n\n<p>Etait-ce pour annoncer les milliers de cr\u00e9ations d\u2019emplois indispensables au bon accomplissement des missions publiques et \u00e0 l\u2019am\u00e9lioration des conditions de travail&nbsp;? Pas du tout.<\/p>\n\n\n\n<p>Etait-ce alors pour envisager un plan visant \u00e0 r\u00e9sorber la pr\u00e9carit\u00e9&nbsp;? Pas davantage.<\/p>\n\n\n\n<p>Etait-ce enfin pour faire savoir qu\u2019une n\u00e9gociation allait s\u2019ouvrir sans d\u00e9lai pour aboutir d\u00e8s 2024 \u00e0 de significatives augmentations g\u00e9n\u00e9rales de salaires avec, en particulier, une forte revalorisation du point d\u2019indice, comme le demandent toutes les organisations syndicales&nbsp;? Pas le moins du monde.<\/p>\n\n\n\n<p>Non, persistant dans ses vis\u00e9es r\u00e9gressives et de mise \u00e0 mal de la Fonction publique, Emmanuel Macron a plaid\u00e9 pour l\u2019accentuation de la r\u00e9mun\u00e9ration dite au m\u00e9rite, via le projet de loi port\u00e9 jusqu\u2019\u00e0 pr\u00e9sent par Stanislas Guerini.<\/p>\n\n\n\n<p>La CGT l\u2019affirme \u00e0 nouveau&nbsp;: ce n\u2019est surtout pas de cela dont ont besoin les agente.s des trois versants de la Fonction publique, titulaires comme non-titulaires.<\/p>\n\n\n\n<p>Nous ne savons que trop ce qui se cache autour de la m\u00e9ritocratie&nbsp;: des parties de salaires al\u00e9atoires, des r\u00e9mun\u00e9rations discriminatoires, contraires au principe d\u2019\u00e9galit\u00e9 et source d\u2019in\u00e9quit\u00e9 dans le service rendu aux usagers, le creusement des in\u00e9galit\u00e9s entre les femmes et les hommes.<\/p>\n\n\n\n<p>C\u2019est l\u2019exact contraire de ce qu\u2019il convient de faire.<\/p>\n\n\n\n<p>Ce qui est n\u00e9cessaire et urgent, c\u2019est de mettre en \u0153uvre des mesures transversales visant \u00e0 mieux reconnaitre les qualifications, c\u2019est de proc\u00e9der imm\u00e9diatement \u00e0 une augmentation de la valeur du point d\u2019au moins dix pour cent, c\u2019est de redonner de l\u2019amplitude aux carri\u00e8res, c\u2019est de revaloriser les m\u00e9tiers \u00e0 pr\u00e9dominance f\u00e9minine\u2026\u2026<\/p>\n\n\n\n<p>Attach\u00e9e \u00e0 l\u2019int\u00e9r\u00eat g\u00e9n\u00e9ral et au progr\u00e8s social, c\u2019est ce que la CGT va continuer \u00e0 mettre en avant.<\/p>\n\n\n\n<p>Face aux projets porteurs de nouveaux reculs du Pr\u00e9sident, la CGT entend \u00e9lever le rapport de forces, dans l\u2019unit\u00e9 la plus large, pour obtenir de r\u00e9elles avanc\u00e9es.<\/p>\n","protected":false},"excerpt":{"rendered":"<div class=\"mh-excerpt\"><p>Emmanuel Macron s\u2019est donc livr\u00e9, \u00e0 l\u2019occasion d\u2019une conf\u00e9rence de presse, \u00e0 un long plaidoyer en faveur de sa politique lib\u00e9rale. Pr\u00f4nant l\u2019aust\u00e9rit\u00e9 accrue pour <a class=\"mh-excerpt-more\" href=\"https:\/\/cgt-bfc.fr\/index.php\/2024\/01\/30\/le-president-confirme-ses-orientations-nefastes\/\" title=\"Le Pr\u00e9sident confirme ses orientations n\u00e9fastes\">[&#8230;]<\/a><\/p>\n<\/div>","protected":false},"author":1,"featured_media":15410,"comment_status":"open","ping_status":"open","sticky":false,"template":"","format":"standard","meta":{"_jetpack_memberships_contains_paid_content":false,"footnotes":""},"categories":[1,31],"tags":[],"class_list":["post-15405","post","type-post","status-publish","format-standard","has-post-thumbnail","hentry","category-actu","category-cgt"],"jetpack_featured_media_url":"https:\/\/cgt-bfc.fr\/wp-content\/uploads\/2024\/01\/conference_macron.png","jetpack_sharing_enabled":true,"_links":{"self":[{"href":"https:\/\/cgt-bfc.fr\/index.php\/wp-json\/wp\/v2\/posts\/15405","targetHints":{"allow":["GET"]}}],"collection":[{"href":"https:\/\/cgt-bfc.fr\/index.php\/wp-json\/wp\/v2\/posts"}],"about":[{"href":"https:\/\/cgt-bfc.fr\/index.php\/wp-json\/wp\/v2\/types\/post"}],"author":[{"embeddable":true,"href":"https:\/\/cgt-bfc.fr\/index.php\/wp-json\/wp\/v2\/users\/1"}],"replies":[{"embeddable":true,"href":"https:\/\/cgt-bfc.fr\/index.php\/wp-json\/wp\/v2\/comments?post=15405"}],"version-history":[{"count":5,"href":"https:\/\/cgt-bfc.fr\/index.php\/wp-json\/wp\/v2\/posts\/15405\/revisions"}],"predecessor-version":[{"id":15411,"href":"https:\/\/cgt-bfc.fr\/index.php\/wp-json\/wp\/v2\/posts\/15405\/revisions\/15411"}],"wp:featuredmedia":[{"embeddable":true,"href":"https:\/\/cgt-bfc.fr\/index.php\/wp-json\/wp\/v2\/media\/15410"}],"wp:attachment":[{"href":"https:\/\/cgt-bfc.fr\/index.php\/wp-json\/wp\/v2\/media?parent=15405"}],"wp:term":[{"taxonomy":"category","embeddable":true,"href":"https:\/\/cgt-bfc.fr\/index.php\/wp-json\/wp\/v2\/categories?post=15405"},{"taxonomy":"post_tag","embeddable":true,"href":"https:\/\/cgt-bfc.fr\/index.php\/wp-json\/wp\/v2\/tags?post=15405"}],"curies":[{"name":"wp","href":"https:\/\/api.w.org\/{rel}","templated":true}]}}