{"id":15741,"date":"2024-06-05T10:06:52","date_gmt":"2024-06-05T09:06:52","guid":{"rendered":"https:\/\/cgt-bfc.fr\/?p=15741"},"modified":"2024-06-05T10:59:07","modified_gmt":"2024-06-05T09:59:07","slug":"stanislas-guerini-ne-veut-pas-negocier","status":"publish","type":"post","link":"https:\/\/cgt-bfc.fr\/index.php\/2024\/06\/05\/stanislas-guerini-ne-veut-pas-negocier\/","title":{"rendered":"Stanislas Gu\u00e9rini ne veut pas n\u00e9gocier !"},"content":{"rendered":"\n<p>Une r\u00e9union de travail d\u00e9di\u00e9e au processus de n\u00e9gociation propos\u00e9 par le ministre de la Transformation et de la Fonction publiques, Stanislas Gu\u00e9rini, a \u00e9t\u00e9 organis\u00e9e par la Direction g\u00e9n\u00e9rale de l\u2019Administration et de la Fonction publique, ce lundi 3 juin 2024 au sujet des environnements, de l\u2019organisation et des conditions de travail.<\/p>\n\n\n\n<p>Force est de constater que le ministre refuse toujours de r\u00e9pondre aux demandes de la CGT sur :<\/p>\n\n\n\n<ul class=\"wp-block-list\">\n<li>La renonciation \u00e0 l\u2019aust\u00e9rit\u00e9 budg\u00e9taire, le r\u00e9tablissement des 20 milliards de cr\u00e9dits<br>supprim\u00e9s au titre de l\u2019ann\u00e9e 2024, et, autant que de besoin, l\u2019augmentation des moyens<br>budg\u00e9taires n\u00e9cessaires \u00e0 la mise en \u0153uvre des missions de service public.<\/li>\n\n\n\n<li>La renonciation \u00e0 l\u2019aust\u00e9rit\u00e9 salariale et la confirmation que par l\u2019augmentation de la valeur<br>du point, l\u2019ann\u00e9e 2024 ne sera pas une ann\u00e9e blanche.<\/li>\n\n\n\n<li>L\u2019abandon du d\u00e9p\u00f4t d\u2019un projet de loi qui a pour objectif de casser encore plus, apr\u00e8s la loi<br>de 2019 portant transformation de la Fonction publique, les fondements statutaires de cette<br>derni\u00e8re.<br>A d\u00e9faut, le ministre organise de fait une d\u00e9gradation des conditions de travail et de vie des<br>personnels de la Fonction publique ce qui rend, par d\u00e9finition, impossible et illusoire une<br>n\u00e9gociation pr\u00e9tendant les am\u00e9liorer.<br>Sur la n\u00e9gociation propos\u00e9e, la CGT a rappel\u00e9 l\u2019existence de fortes attentes des agent.es sur la<br>question du travail.<br>Ces derni\u00e8.res aspirent \u00e0 travailler mieux pour rendre un service public effectif, continu et de<br>qualit\u00e9 aux citoyen.nes, aux usager.es, tout en travaillant moins tout au long de la vie pour<br>permettre y compris, \u00e0 toutes et tous, de travailler.<br>C\u2019est pourquoi la CGT a formul\u00e9 un ensemble de propositions et de revendications en s\u00e9ance<br>portant plus particuli\u00e8rement sur :<\/li>\n\n\n\n<li>Le recours \u00e0 l\u2019expertise pour produire le savoir n\u00e9cessaire sur la question du travail dans la<br>Fonction publique,<\/li>\n\n\n\n<li>La r\u00e9duction du temps de travail tout au long de la vie avec les 32 heures et le droit au<br>d\u00e9part \u00e0 la retraite \u00e0 taux plein \u00e0 60 ans avec les cr\u00e9ations d\u2019emplois de fonctionnaires n\u00e9cessaires<br>et le maintien des r\u00e9mun\u00e9rations (plut\u00f4t qu\u2019une semaine en 4 jours qui aura pour effet d\u2019aggraver<br>les charges de travail des personnels et de d\u00e9t\u00e9riorer de fait la qualit\u00e9 du service public rendu).<\/li>\n\n\n\n<li>Un droit \u00e0 la sant\u00e9 professionnel et post professionnel pour toutes et tous,<\/li>\n\n\n\n<li>La d\u00e9mocratie au travail,<\/li>\n\n\n\n<li>La rupture avec la loi organique relative aux lois de finances et la d\u00e9marche de<br>performances\/indicateurs.<br>La CGT a aussi demand\u00e9 la mise en \u0153uvre d\u2019une approche genr\u00e9e des conditions de travail et une<br>r\u00e9flexion d\u00e9di\u00e9e sur l\u2019\u00e9volution du r\u00f4le et de la place de l\u2019encadrement sous l\u2019angle du<br>management du travail.<br><strong>M\u00eame si la r\u00e9union a fait l\u2019objet d\u2019une discussion nourrie et approfondie, la CGT Fonction publique consid\u00e8re que les conditions ne sont pas r\u00e9unies pour qu\u2019elle s\u2019engage dans un processus de n\u00e9gociation.Elle ne participera pas \u00e0 la prochaine r\u00e9union d\u00e9di\u00e9e au Plan sant\u00e9 travail.<\/strong><\/li>\n<\/ul>\n","protected":false},"excerpt":{"rendered":"<div class=\"mh-excerpt\"><p>Une r\u00e9union de travail d\u00e9di\u00e9e au processus de n\u00e9gociation propos\u00e9 par le ministre de la Transformation et de la Fonction publiques, Stanislas Gu\u00e9rini, a \u00e9t\u00e9 <a class=\"mh-excerpt-more\" href=\"https:\/\/cgt-bfc.fr\/index.php\/2024\/06\/05\/stanislas-guerini-ne-veut-pas-negocier\/\" title=\"Stanislas Gu\u00e9rini ne veut pas n\u00e9gocier !\">[&#8230;]<\/a><\/p>\n<\/div>","protected":false},"author":1,"featured_media":15745,"comment_status":"open","ping_status":"open","sticky":false,"template":"","format":"standard","meta":{"_jetpack_memberships_contains_paid_content":false,"footnotes":""},"categories":[31,30],"tags":[],"class_list":["post-15741","post","type-post","status-publish","format-standard","has-post-thumbnail","hentry","category-cgt","category-luttes-cgt"],"jetpack_featured_media_url":"https:\/\/cgt-bfc.fr\/wp-content\/uploads\/2024\/06\/loi_guerini.png","jetpack_sharing_enabled":true,"_links":{"self":[{"href":"https:\/\/cgt-bfc.fr\/index.php\/wp-json\/wp\/v2\/posts\/15741","targetHints":{"allow":["GET"]}}],"collection":[{"href":"https:\/\/cgt-bfc.fr\/index.php\/wp-json\/wp\/v2\/posts"}],"about":[{"href":"https:\/\/cgt-bfc.fr\/index.php\/wp-json\/wp\/v2\/types\/post"}],"author":[{"embeddable":true,"href":"https:\/\/cgt-bfc.fr\/index.php\/wp-json\/wp\/v2\/users\/1"}],"replies":[{"embeddable":true,"href":"https:\/\/cgt-bfc.fr\/index.php\/wp-json\/wp\/v2\/comments?post=15741"}],"version-history":[{"count":5,"href":"https:\/\/cgt-bfc.fr\/index.php\/wp-json\/wp\/v2\/posts\/15741\/revisions"}],"predecessor-version":[{"id":15743,"href":"https:\/\/cgt-bfc.fr\/index.php\/wp-json\/wp\/v2\/posts\/15741\/revisions\/15743"}],"wp:featuredmedia":[{"embeddable":true,"href":"https:\/\/cgt-bfc.fr\/index.php\/wp-json\/wp\/v2\/media\/15745"}],"wp:attachment":[{"href":"https:\/\/cgt-bfc.fr\/index.php\/wp-json\/wp\/v2\/media?parent=15741"}],"wp:term":[{"taxonomy":"category","embeddable":true,"href":"https:\/\/cgt-bfc.fr\/index.php\/wp-json\/wp\/v2\/categories?post=15741"},{"taxonomy":"post_tag","embeddable":true,"href":"https:\/\/cgt-bfc.fr\/index.php\/wp-json\/wp\/v2\/tags?post=15741"}],"curies":[{"name":"wp","href":"https:\/\/api.w.org\/{rel}","templated":true}]}}