{"id":15749,"date":"2024-06-05T14:07:56","date_gmt":"2024-06-05T13:07:56","guid":{"rendered":"https:\/\/cgt-bfc.fr\/?p=15749"},"modified":"2024-06-05T15:37:09","modified_gmt":"2024-06-05T14:37:09","slug":"face-a-lurgence-climatique-et-a-la-desindustrialisation-nous-devons-transformer-en-profondeur-nos-modes-de-production-et-de-consommation","status":"publish","type":"post","link":"https:\/\/cgt-bfc.fr\/index.php\/2024\/06\/05\/face-a-lurgence-climatique-et-a-la-desindustrialisation-nous-devons-transformer-en-profondeur-nos-modes-de-production-et-de-consommation\/","title":{"rendered":"Face \u00e0 l\u2019urgence climatique et \u00e0 la d\u00e9sindustrialisation, nous devons transformer en profondeur nos modes de production et de consommation"},"content":{"rendered":"\n<p>Mardi 28 mai, dans le cadre des \u00c9tats g\u00e9n\u00e9raux de l\u2019industrie et de l\u2019environnement, la Cgt a interpell\u00e9 les candidat\u00b7es aux \u00e9lections europ\u00e9ennes sur ses propositions pour r\u00e9industrialiser la France.<\/p>\n\n\n\n<p>La&nbsp;<strong>r\u00e9industrialisation<\/strong>&nbsp;de la France et de l\u2019Europe est imp\u00e9rative pour relever les d\u00e9fis environnementaux et l\u2019am\u00e9nagement des territoires. Il est aussi question de r\u00e9pondre aux besoins humains :&nbsp;<\/p>\n\n\n\n<ul class=\"wp-block-list\">\n<li>l\u2019\u00e9nergie,&nbsp;<\/li>\n\n\n\n<li>l\u2019eau,&nbsp;<\/li>\n\n\n\n<li>les logements,&nbsp;<\/li>\n\n\n\n<li>les transports,<\/li>\n\n\n\n<li>l\u2019alimentation,<\/li>\n\n\n\n<li>la sant\u00e9.&nbsp;<\/li>\n<\/ul>\n\n\n\n<p><em><strong>Comment produire en France en respectant les enjeux environnementaux ? Traiter les contradictions sociales et environnementales.<\/strong><\/em><\/p>\n\n\n\n<figure class=\"wp-block-image size-full\"><a href=\"https:\/\/youtu.be\/EeeJv5bmIYM?si=6co4q0sh03NYbWlp\"><img loading=\"lazy\" decoding=\"async\" width=\"560\" height=\"312\" src=\"https:\/\/cgt-bfc.fr\/wp-content\/uploads\/2024\/06\/image.png\" alt=\"\" class=\"wp-image-15762\"\/><\/a><\/figure>\n\n\n\n<p><a href=\"https:\/\/youtu.be\/EeeJv5bmIYM?si=Exdlo1g5bB5vKt_7\">Table ronde 1 avec Pierre Ferracci, Antoine Trouche, Virginie Neumayer et Ludovic Voet. Comment produire en France en respectant les enjeux environnementaux ? Traiter les contradictions sociales et environnementales.<\/a><\/p>\n\n\n\n<p> Les intervenants <\/p>\n\n\n\n<ul class=\"wp-block-list\">\n<li>Etat des lieux de l\u2019industrie en France dans le cadre de la mondialisation-&nbsp;<em>Expert SECAFI&nbsp;<\/em><\/li>\n\n\n\n<li>Etat des lieux environnemental-&nbsp;<em>Antoine Trouche, Pour Un R\u00e9veil \u00e9cologique&nbsp;<\/em><\/li>\n\n\n\n<li>D\u00e9passer les contradictions&nbsp;: les&nbsp;propositions CGT,&nbsp;<em>Virginie Neumayer dirigeante conf\u00e9d\u00e9rale co-pilote de la commission environnement et transformation de l\u2019appareil production.&nbsp;<\/em><\/li>\n\n\n\n<li>R\u00f4le de l\u2019Europe dans la d\u00e9sindustrialisation et engager la bataille dans la relocalisation &#8211;\u00a0<em>Ludovic VOET \u2013 secr\u00e9taire conf\u00e9d\u00e9ral CES<\/em>\u00a0<\/li>\n<\/ul>\n\n\n\n<p><strong><a href=\"https:\/\/youtu.be\/71w7HiSxaZk?si=3qSwqepLvU53KJNE\">Permettre aux salari\u00e9\u2219es de reprendre la main sur la finalit\u00e9 de leur travail<\/a><\/strong><\/p>\n\n\n\n<p><a href=\"https:\/\/ie.cgt.fr\">Le site d\u00e9di\u00e9 :ICI<\/a><\/p>\n\n\n\n<p><a href=\"https:\/\/www.cgt.fr\/actualites\/europe\/industrie\/environnement\/reindustrialisation-les-candidates-aux-europeennes-repondent-la-cgt\">R\u00e9industrialisation : les candidat\u00b7es aux europ\u00e9ennes r\u00e9pondent \u00e0 la CGT<\/a><\/p>\n\n\n\n<figure class=\"wp-block-image size-full\"><a href=\"https:\/\/youtu.be\/vIlUF9I3erY?si=_Z2AbuuCI0Vji6KG\"><img loading=\"lazy\" decoding=\"async\" width=\"563\" height=\"313\" src=\"https:\/\/cgt-bfc.fr\/wp-content\/uploads\/2024\/06\/image-1.png\" alt=\"\" class=\"wp-image-15765\"\/><\/a><\/figure>\n\n\n\n<p class=\"has-text-align-center\"><em>\u00ab\u00a0Mesdames les candidates, messieurs les candidats. Notre Europe, notre d\u00e9mocratie cr\u00e8vent de la perte de cr\u00e9dibilit\u00e9 de la parole politique.&nbsp;<\/em><br><em>De ces promesses trahies.&nbsp;<\/em><br><em>De ces discours en d\u00e9calage complet avec les actes.&nbsp;<\/em><br><em>Alors nous vous demandons une chose : la franchise et l\u2019honn\u00eatet\u00e9.&nbsp;<\/em><br><em>Pas de langue de bois.&nbsp;<\/em><br><em>Des actes !&nbsp;\u00ab\u00a0<\/em><\/p>\n\n\n\n<h1 class=\"wp-block-heading\"><a href=\"https:\/\/ie.cgt.fr\/proposition\/\">Les 22 propositions de la CGT <\/a><\/h1>\n","protected":false},"excerpt":{"rendered":"<div class=\"mh-excerpt\"><p>Mardi 28 mai, dans le cadre des \u00c9tats g\u00e9n\u00e9raux de l\u2019industrie et de l\u2019environnement, la Cgt a interpell\u00e9 les candidat\u00b7es aux \u00e9lections europ\u00e9ennes sur ses <a class=\"mh-excerpt-more\" href=\"https:\/\/cgt-bfc.fr\/index.php\/2024\/06\/05\/face-a-lurgence-climatique-et-a-la-desindustrialisation-nous-devons-transformer-en-profondeur-nos-modes-de-production-et-de-consommation\/\" title=\"Face \u00e0 l\u2019urgence climatique et \u00e0 la d\u00e9sindustrialisation, nous devons transformer en profondeur nos modes de production et de consommation\">[&#8230;]<\/a><\/p>\n<\/div>","protected":false},"author":1,"featured_media":15757,"comment_status":"open","ping_status":"open","sticky":false,"template":"","format":"standard","meta":{"_jetpack_memberships_contains_paid_content":false,"footnotes":""},"categories":[1],"tags":[],"class_list":["post-15749","post","type-post","status-publish","format-standard","has-post-thumbnail","hentry","category-actu"],"jetpack_featured_media_url":"https:\/\/cgt-bfc.fr\/wp-content\/uploads\/2024\/06\/industrie-environnement.png","jetpack_sharing_enabled":true,"_links":{"self":[{"href":"https:\/\/cgt-bfc.fr\/index.php\/wp-json\/wp\/v2\/posts\/15749","targetHints":{"allow":["GET"]}}],"collection":[{"href":"https:\/\/cgt-bfc.fr\/index.php\/wp-json\/wp\/v2\/posts"}],"about":[{"href":"https:\/\/cgt-bfc.fr\/index.php\/wp-json\/wp\/v2\/types\/post"}],"author":[{"embeddable":true,"href":"https:\/\/cgt-bfc.fr\/index.php\/wp-json\/wp\/v2\/users\/1"}],"replies":[{"embeddable":true,"href":"https:\/\/cgt-bfc.fr\/index.php\/wp-json\/wp\/v2\/comments?post=15749"}],"version-history":[{"count":17,"href":"https:\/\/cgt-bfc.fr\/index.php\/wp-json\/wp\/v2\/posts\/15749\/revisions"}],"predecessor-version":[{"id":15771,"href":"https:\/\/cgt-bfc.fr\/index.php\/wp-json\/wp\/v2\/posts\/15749\/revisions\/15771"}],"wp:featuredmedia":[{"embeddable":true,"href":"https:\/\/cgt-bfc.fr\/index.php\/wp-json\/wp\/v2\/media\/15757"}],"wp:attachment":[{"href":"https:\/\/cgt-bfc.fr\/index.php\/wp-json\/wp\/v2\/media?parent=15749"}],"wp:term":[{"taxonomy":"category","embeddable":true,"href":"https:\/\/cgt-bfc.fr\/index.php\/wp-json\/wp\/v2\/categories?post=15749"},{"taxonomy":"post_tag","embeddable":true,"href":"https:\/\/cgt-bfc.fr\/index.php\/wp-json\/wp\/v2\/tags?post=15749"}],"curies":[{"name":"wp","href":"https:\/\/api.w.org\/{rel}","templated":true}]}}