{"id":15806,"date":"2024-06-26T16:09:51","date_gmt":"2024-06-26T15:09:51","guid":{"rendered":"https:\/\/cgt-bfc.fr\/?p=15806"},"modified":"2024-06-27T06:58:19","modified_gmt":"2024-06-27T05:58:19","slug":"intervention-du-groupe-cgt-au-cese-faire-entendre-la-voix-de-la-societe-civile-pour-la-democratie","status":"publish","type":"post","link":"https:\/\/cgt-bfc.fr\/index.php\/2024\/06\/26\/intervention-du-groupe-cgt-au-cese-faire-entendre-la-voix-de-la-societe-civile-pour-la-democratie\/","title":{"rendered":"Intervention du Groupe CGT au CESE | Faire entendre la voix de la soci\u00e9t\u00e9 civile pour la d\u00e9mocratie"},"content":{"rendered":"\n<p>Faire entendre la voix de la soci\u00e9t\u00e9 civile pour la d\u00e9mocratie en emp\u00eachant l\u2019extr\u00eame droite d\u2019acc\u00e9der au pouvoir. C\u2019est le sens de l\u2019appel historique de la CGT \u00e0 voter pour le programme du Nouveau Front Populaire. La CGT est ind\u00e9pendante mais elle pas neutre devant le danger que repr\u00e9sente le Rassemblement National pour le monde du travail, pour la coh\u00e9sion de notre pays.<\/p>\n\n\n\n<p>Le rassemblement national, n\u2019est pas un parti comme les autres c\u2019est une imposture \u00e9lectoraliste de faire campagne sur les questions sociales. Au parlement europ\u00e9en, \u00e0 l\u2019Assembl\u00e9e nationale, l\u2019extr\u00eame droite a toujours d\u00e9fendu les int\u00e9r\u00eats des riches et des multinationales, jamais ceux des travailleurs. Nous ne mettrons jamais un signe \u00e9gal entre extr\u00eame droite et les autres forces politiques.<\/p>\n\n\n\n<p>Le pr\u00e9sident Macron porte une lourde responsabilit\u00e9 par sa politique qui a tourn\u00e9 le dos au social, a cr\u00e9\u00e9 d\u00e9classement, abandon de nos industries, de nos services publics amplifiant les fractures territoriales.<\/p>\n\n\n\n<p>Il a trahi la confiance du peuple ouvrant la porte au RN en parlant comme lui, en gouvernant comme lui et enfin en lui ouvrant les portes du pouvoir.<\/p>\n\n\n\n<p>Avec le passage en force contre la r\u00e9forme des retraites, l\u2019assurance ch\u00f4mage, avec l\u2019absence de perspective et de progr\u00e8s et la banalisation des th\u00e8ses racistes qui constituent le terreau sur lequel l\u2019extr\u00eame droite \u00e0 prosp\u00e9rer.<\/p>\n\n\n\n<p>Devant le danger pour nos libert\u00e9s et la d\u00e9mocratie nous, nous f\u00e9licitons que dans l\u2019unit\u00e9, syndicats, associations s\u2019expriment pour emp\u00eacher l\u2019arriv\u00e9e au pouvoir d\u2019une extr\u00eame droite raciste, antis\u00e9mite, homophobe et sexiste.<\/p>\n\n\n\n<p>Ne nous trompons pas de col\u00e8re, faisons front.<\/p>\n\n\n\n<p>Pour reconna\u00eetre le travail, en \u00e9coutant celles et ceux qui font la richesse de notre pays.<\/p>\n\n\n\n<p>Faisons entendre la voix de la soci\u00e9t\u00e9 civile organis\u00e9es et redonnons la place au corps interm\u00e9diaires, \u00e0 la d\u00e9mocratie agissante pour r\u00e9pondre aux urgences sociales et environnementales.<\/p>\n\n\n\n<p>Le CESE constitue un lieu de r\u00e9sistance, par le respect des divergences et des diff\u00e9rences.<br>Osons et affirmons haut et fort notre rejet des id\u00e9es de l\u2019extr\u00eame droite.<\/p>\n\n\n\n<p>Paris, le 25 juin 2024<\/p>\n\n\n\n<div class=\"wp-block-pdf-viewer-block-standard\" style=\"text-align:left\"><div class=\"uploaded-pdf\"><a href=\"https:\/\/cgt-bfc.fr\/wp-content\/uploads\/2024\/06\/cese3_republique_solutions.pdf\" data-width=\"\" data-height=\"\"><\/a><\/div><\/div>\n","protected":false},"excerpt":{"rendered":"<div class=\"mh-excerpt\"><p>Faire entendre la voix de la soci\u00e9t\u00e9 civile pour la d\u00e9mocratie en emp\u00eachant l\u2019extr\u00eame droite d\u2019acc\u00e9der au pouvoir. C\u2019est le sens de l\u2019appel historique de <a class=\"mh-excerpt-more\" href=\"https:\/\/cgt-bfc.fr\/index.php\/2024\/06\/26\/intervention-du-groupe-cgt-au-cese-faire-entendre-la-voix-de-la-societe-civile-pour-la-democratie\/\" title=\"Intervention du Groupe CGT au CESE | Faire entendre la voix de la soci\u00e9t\u00e9 civile pour la d\u00e9mocratie\">[&#8230;]<\/a><\/p>\n<\/div>","protected":false},"author":1,"featured_media":15809,"comment_status":"open","ping_status":"open","sticky":false,"template":"","format":"standard","meta":{"_jetpack_memberships_contains_paid_content":false,"footnotes":""},"categories":[1],"tags":[],"class_list":["post-15806","post","type-post","status-publish","format-standard","has-post-thumbnail","hentry","category-actu"],"jetpack_featured_media_url":"https:\/\/cgt-bfc.fr\/wp-content\/uploads\/2024\/06\/cese_entendre_sa_voix.png","jetpack_sharing_enabled":true,"_links":{"self":[{"href":"https:\/\/cgt-bfc.fr\/index.php\/wp-json\/wp\/v2\/posts\/15806","targetHints":{"allow":["GET"]}}],"collection":[{"href":"https:\/\/cgt-bfc.fr\/index.php\/wp-json\/wp\/v2\/posts"}],"about":[{"href":"https:\/\/cgt-bfc.fr\/index.php\/wp-json\/wp\/v2\/types\/post"}],"author":[{"embeddable":true,"href":"https:\/\/cgt-bfc.fr\/index.php\/wp-json\/wp\/v2\/users\/1"}],"replies":[{"embeddable":true,"href":"https:\/\/cgt-bfc.fr\/index.php\/wp-json\/wp\/v2\/comments?post=15806"}],"version-history":[{"count":2,"href":"https:\/\/cgt-bfc.fr\/index.php\/wp-json\/wp\/v2\/posts\/15806\/revisions"}],"predecessor-version":[{"id":15811,"href":"https:\/\/cgt-bfc.fr\/index.php\/wp-json\/wp\/v2\/posts\/15806\/revisions\/15811"}],"wp:featuredmedia":[{"embeddable":true,"href":"https:\/\/cgt-bfc.fr\/index.php\/wp-json\/wp\/v2\/media\/15809"}],"wp:attachment":[{"href":"https:\/\/cgt-bfc.fr\/index.php\/wp-json\/wp\/v2\/media?parent=15806"}],"wp:term":[{"taxonomy":"category","embeddable":true,"href":"https:\/\/cgt-bfc.fr\/index.php\/wp-json\/wp\/v2\/categories?post=15806"},{"taxonomy":"post_tag","embeddable":true,"href":"https:\/\/cgt-bfc.fr\/index.php\/wp-json\/wp\/v2\/tags?post=15806"}],"curies":[{"name":"wp","href":"https:\/\/api.w.org\/{rel}","templated":true}]}}