{"id":15812,"date":"2024-07-08T15:46:53","date_gmt":"2024-07-08T14:46:53","guid":{"rendered":"https:\/\/cgt-bfc.fr\/?p=15812"},"modified":"2024-07-08T16:25:45","modified_gmt":"2024-07-08T15:25:45","slug":"la-democratie-et-la-republique-ont-gagne-les-exigencessociales-doivent-etre-entendues","status":"publish","type":"post","link":"https:\/\/cgt-bfc.fr\/index.php\/2024\/07\/08\/la-democratie-et-la-republique-ont-gagne-les-exigencessociales-doivent-etre-entendues\/","title":{"rendered":"La d\u00e9mocratie et la R\u00e9publique ont gagn\u00e9 ! Les exigences sociales doivent \u00eatre entendues !"},"content":{"rendered":"\n<p>La mobilisation citoyenne a d\u00e9jou\u00e9 le sc\u00e9nario catastrophe d\u2019Emmanuel Macron qui, par sa<br>d\u00e9cision de dissoudre l\u2019Assembl\u00e9e nationale, a cr\u00e9\u00e9 le chaos et d\u00e9roul\u00e9 le tapis rouge au<br>Rassemblement National. Une large majorit\u00e9 d\u2019\u00e9lecteurs et d\u2019\u00e9lectrices ont clairement exprim\u00e9<br>leur refus de donner les cl\u00e9s du pays \u00e0 l&rsquo;Extr\u00eame droite. Le Nouveau Front Populaire, porteur d\u2019un<br>programme pr\u00e9voyant notamment l&rsquo;augmentation des salaires et des pensions, l&rsquo;abrogation de la<br>r\u00e9forme des retraites et l&rsquo;investissement dans nos services publics, est arriv\u00e9 en t\u00eate.<\/p>\n\n\n\n<div class=\"wp-block-pdf-viewer-block-standard\" style=\"text-align:left\"><div class=\"uploaded-pdf\"><a href=\"https:\/\/cgt-bfc.fr\/wp-content\/uploads\/2024\/07\/cp_cgt_la_democratie_et_la_republique_ont_gagne-1.pdf\" data-width=\"\" data-height=\"\"><\/a><\/div><\/div>\n","protected":false},"excerpt":{"rendered":"<div class=\"mh-excerpt\"><p>La mobilisation citoyenne a d\u00e9jou\u00e9 le sc\u00e9nario catastrophe d\u2019Emmanuel Macron qui, par sad\u00e9cision de dissoudre l\u2019Assembl\u00e9e nationale, a cr\u00e9\u00e9 le chaos et d\u00e9roul\u00e9 le tapis <a class=\"mh-excerpt-more\" href=\"https:\/\/cgt-bfc.fr\/index.php\/2024\/07\/08\/la-democratie-et-la-republique-ont-gagne-les-exigencessociales-doivent-etre-entendues\/\" title=\"La d\u00e9mocratie et la R\u00e9publique ont gagn\u00e9 ! Les exigences sociales doivent \u00eatre entendues !\">[&#8230;]<\/a><\/p>\n<\/div>","protected":false},"author":1,"featured_media":15821,"comment_status":"open","ping_status":"open","sticky":false,"template":"","format":"standard","meta":{"_jetpack_memberships_contains_paid_content":false,"footnotes":""},"categories":[1],"tags":[],"class_list":["post-15812","post","type-post","status-publish","format-standard","has-post-thumbnail","hentry","category-actu"],"jetpack_featured_media_url":"https:\/\/cgt-bfc.fr\/wp-content\/uploads\/2024\/07\/BLE1998002.jpg","jetpack_sharing_enabled":true,"_links":{"self":[{"href":"https:\/\/cgt-bfc.fr\/index.php\/wp-json\/wp\/v2\/posts\/15812","targetHints":{"allow":["GET"]}}],"collection":[{"href":"https:\/\/cgt-bfc.fr\/index.php\/wp-json\/wp\/v2\/posts"}],"about":[{"href":"https:\/\/cgt-bfc.fr\/index.php\/wp-json\/wp\/v2\/types\/post"}],"author":[{"embeddable":true,"href":"https:\/\/cgt-bfc.fr\/index.php\/wp-json\/wp\/v2\/users\/1"}],"replies":[{"embeddable":true,"href":"https:\/\/cgt-bfc.fr\/index.php\/wp-json\/wp\/v2\/comments?post=15812"}],"version-history":[{"count":8,"href":"https:\/\/cgt-bfc.fr\/index.php\/wp-json\/wp\/v2\/posts\/15812\/revisions"}],"predecessor-version":[{"id":15814,"href":"https:\/\/cgt-bfc.fr\/index.php\/wp-json\/wp\/v2\/posts\/15812\/revisions\/15814"}],"wp:featuredmedia":[{"embeddable":true,"href":"https:\/\/cgt-bfc.fr\/index.php\/wp-json\/wp\/v2\/media\/15821"}],"wp:attachment":[{"href":"https:\/\/cgt-bfc.fr\/index.php\/wp-json\/wp\/v2\/media?parent=15812"}],"wp:term":[{"taxonomy":"category","embeddable":true,"href":"https:\/\/cgt-bfc.fr\/index.php\/wp-json\/wp\/v2\/categories?post=15812"},{"taxonomy":"post_tag","embeddable":true,"href":"https:\/\/cgt-bfc.fr\/index.php\/wp-json\/wp\/v2\/tags?post=15812"}],"curies":[{"name":"wp","href":"https:\/\/api.w.org\/{rel}","templated":true}]}}