{"id":15877,"date":"2024-09-18T09:54:54","date_gmt":"2024-09-18T08:54:54","guid":{"rendered":"https:\/\/cgt-bfc.fr\/?p=15877"},"modified":"2024-09-18T10:56:39","modified_gmt":"2024-09-18T09:56:39","slug":"sophie-binet-de-la-cgt-face-a-patrick-martin-du-medef-le-debat-choc-de-la-fete-de-lhumanite","status":"publish","type":"post","link":"https:\/\/cgt-bfc.fr\/index.php\/2024\/09\/18\/sophie-binet-de-la-cgt-face-a-patrick-martin-du-medef-le-debat-choc-de-la-fete-de-lhumanite\/","title":{"rendered":"Sophie Binet de la CGT face \u00e0 Patrick Martin du Medef : le d\u00e9bat choc de la F\u00eate de l&rsquo;Humanit\u00e9"},"content":{"rendered":"\n<p>Paritarisme, dialogue social, partage de la valeur, discrimination syndicale et augmentation des salaires, Sophie Binet a d\u00e9battu avec le pr\u00e9sident du Medef Patrick Martin, samedi 14 septembre lors du forum social \u00e0 la f\u00eate de l&rsquo;humanit\u00e9.<\/p>\n\n\n\n<figure class=\"wp-block-embed is-type-video is-provider-youtube wp-block-embed-youtube wp-embed-aspect-16-9 wp-has-aspect-ratio\"><div class=\"wp-block-embed__wrapper\">\n<iframe loading=\"lazy\" title=\"Sophie Binet de la CGT face \u00e0 Patrick Martin du Medef : le d\u00e9bat choc de la F\u00eate de l&#039;Humanit\u00e9 :\" width=\"500\" height=\"281\" src=\"https:\/\/www.youtube.com\/embed\/nZF8cfBRWoQ?feature=oembed\" frameborder=\"0\" allow=\"accelerometer; autoplay; clipboard-write; encrypted-media; gyroscope; picture-in-picture; web-share\" referrerpolicy=\"strict-origin-when-cross-origin\" allowfullscreen><\/iframe>\n<\/div><\/figure>\n","protected":false},"excerpt":{"rendered":"<div class=\"mh-excerpt\"><p>Paritarisme, dialogue social, partage de la valeur, discrimination syndicale et augmentation des salaires, Sophie Binet a d\u00e9battu avec le pr\u00e9sident du Medef Patrick Martin, samedi <a class=\"mh-excerpt-more\" href=\"https:\/\/cgt-bfc.fr\/index.php\/2024\/09\/18\/sophie-binet-de-la-cgt-face-a-patrick-martin-du-medef-le-debat-choc-de-la-fete-de-lhumanite\/\" title=\"Sophie Binet de la CGT face \u00e0 Patrick Martin du Medef : le d\u00e9bat choc de la F\u00eate de l&rsquo;Humanit\u00e9\">[&#8230;]<\/a><\/p>\n<\/div>","protected":false},"author":1,"featured_media":15878,"comment_status":"open","ping_status":"open","sticky":false,"template":"","format":"standard","meta":{"_jetpack_memberships_contains_paid_content":false,"footnotes":""},"categories":[1],"tags":[],"class_list":["post-15877","post","type-post","status-publish","format-standard","has-post-thumbnail","hentry","category-actu"],"jetpack_featured_media_url":"https:\/\/cgt-bfc.fr\/wp-content\/uploads\/2024\/09\/fete_de_l_huma-copie.png","jetpack_sharing_enabled":true,"_links":{"self":[{"href":"https:\/\/cgt-bfc.fr\/index.php\/wp-json\/wp\/v2\/posts\/15877","targetHints":{"allow":["GET"]}}],"collection":[{"href":"https:\/\/cgt-bfc.fr\/index.php\/wp-json\/wp\/v2\/posts"}],"about":[{"href":"https:\/\/cgt-bfc.fr\/index.php\/wp-json\/wp\/v2\/types\/post"}],"author":[{"embeddable":true,"href":"https:\/\/cgt-bfc.fr\/index.php\/wp-json\/wp\/v2\/users\/1"}],"replies":[{"embeddable":true,"href":"https:\/\/cgt-bfc.fr\/index.php\/wp-json\/wp\/v2\/comments?post=15877"}],"version-history":[{"count":2,"href":"https:\/\/cgt-bfc.fr\/index.php\/wp-json\/wp\/v2\/posts\/15877\/revisions"}],"predecessor-version":[{"id":15881,"href":"https:\/\/cgt-bfc.fr\/index.php\/wp-json\/wp\/v2\/posts\/15877\/revisions\/15881"}],"wp:featuredmedia":[{"embeddable":true,"href":"https:\/\/cgt-bfc.fr\/index.php\/wp-json\/wp\/v2\/media\/15878"}],"wp:attachment":[{"href":"https:\/\/cgt-bfc.fr\/index.php\/wp-json\/wp\/v2\/media?parent=15877"}],"wp:term":[{"taxonomy":"category","embeddable":true,"href":"https:\/\/cgt-bfc.fr\/index.php\/wp-json\/wp\/v2\/categories?post=15877"},{"taxonomy":"post_tag","embeddable":true,"href":"https:\/\/cgt-bfc.fr\/index.php\/wp-json\/wp\/v2\/tags?post=15877"}],"curies":[{"name":"wp","href":"https:\/\/api.w.org\/{rel}","templated":true}]}}