{"id":1630,"date":"2017-11-29T20:06:59","date_gmt":"2017-11-29T19:06:59","guid":{"rendered":"https:\/\/cgt-bfc.fr\/?p=1630"},"modified":"2018-11-07T07:14:35","modified_gmt":"2018-11-07T06:14:35","slug":"assemblee-generale-du-05-decembre-2017","status":"publish","type":"post","link":"https:\/\/cgt-bfc.fr\/index.php\/2017\/11\/29\/assemblee-generale-du-05-decembre-2017\/","title":{"rendered":"Assembl\u00e9e G\u00e9n\u00e9rale du 05 D\u00e9cembre 2017"},"content":{"rendered":"<p style=\"text-align: center;\"><strong>Votre Pr\u00e9sidente vous invite \u00e0 son assembl\u00e9e g\u00e9n\u00e9rale<\/strong><\/p>\n<p style=\"text-align: center;\"><strong>le 05 d\u00e9cembre<\/strong><\/p>\n<p><img loading=\"lazy\" decoding=\"async\" class=\"aligncenter wp-image-1635 \" src=\"https:\/\/cgt-bfc.fr\/wp-content\/uploads\/2017\/11\/micropolis.jpg\" alt=\"\" width=\"144\" height=\"146\" \/><\/p>\n<p>&nbsp;<\/p>\n<p style=\"text-align: left;\"><strong>Venez nombreuses et nombreux sinon&#8230;&#8230;<img loading=\"lazy\" decoding=\"async\" class=\"aligncenter wp-image-1638 size-full\" src=\"https:\/\/cgt-bfc.fr\/wp-content\/uploads\/2017\/11\/gendarme-1.png\" alt=\"\" width=\"170\" height=\"200\" \/><\/strong><\/p>\n<p>&nbsp;<\/p>\n<p>&nbsp;<\/p>\n<p>&nbsp;<\/p>\n<p>&nbsp;<\/p>\n<h4><em>Vos repr\u00e9sentants du personnel en intersyndical d\u00e9posent un pr\u00e9avis de gr\u00e8ve pour le 05 d\u00e9cembre<\/em><\/h4>\n<p><img loading=\"lazy\" decoding=\"async\" class=\"aligncenter wp-image-1641 size-full\" src=\"https:\/\/cgt-bfc.fr\/wp-content\/uploads\/2017\/11\/PREAVIS-DE-GREVE-DEC-2017.jpg\" alt=\"\" width=\"664\" height=\"801\" \/><\/p>\n<p>le pr\u00e9avis format PDF:<a href=\"http:\/\/cgt-bfc.fr\/\/wp-content\/\/media\/pdf\/PREAVIS%20DE%20GREVE%20DEC%202017.pdf\">ICI<\/a><\/p>\n<p>&nbsp;<\/p>\n<p>&nbsp;<\/p>\n<h3><strong><em>Vous en avez assez des mensonges alors le 05 d\u00e9cembre faites votre choix\u00a0<\/em><\/strong><strong><em> ..<\/em><\/strong><\/h3>\n<h2 style=\"text-align: center;\"><strong>Boycottez ou pas ???<\/strong><\/h2>\n<p>&nbsp;<\/p>\n<p>&nbsp;<\/p>\n<p>&nbsp;<\/p>\n<p>&nbsp;<\/p>\n<p><img loading=\"lazy\" decoding=\"async\" class=\"aligncenter wp-image-1653 size-full\" src=\"https:\/\/cgt-bfc.fr\/wp-content\/uploads\/2017\/11\/contestation.png\" alt=\"\" width=\"988\" height=\"617\" \/><\/p>\n<p>&nbsp;<\/p>\n<p>&nbsp;<\/p>\n","protected":false},"excerpt":{"rendered":"<div class=\"mh-excerpt\"><p>Votre Pr\u00e9sidente vous invite \u00e0 son assembl\u00e9e g\u00e9n\u00e9rale le 05 d\u00e9cembre &nbsp; Venez nombreuses et nombreux sinon&#8230;&#8230; &nbsp; &nbsp; &nbsp; &nbsp; Vos repr\u00e9sentants du personnel <a class=\"mh-excerpt-more\" href=\"https:\/\/cgt-bfc.fr\/index.php\/2017\/11\/29\/assemblee-generale-du-05-decembre-2017\/\" title=\"Assembl\u00e9e G\u00e9n\u00e9rale du 05 D\u00e9cembre 2017\">[&#8230;]<\/a><\/p>\n<\/div>","protected":false},"author":1,"featured_media":1632,"comment_status":"open","ping_status":"open","sticky":false,"template":"","format":"standard","meta":{"_jetpack_memberships_contains_paid_content":false,"footnotes":""},"categories":[1,21,13],"tags":[],"class_list":["post-1630","post","type-post","status-publish","format-standard","has-post-thumbnail","hentry","category-actu","category-agent-du-siege","category-agents"],"jetpack_featured_media_url":"https:\/\/cgt-bfc.fr\/wp-content\/uploads\/2017\/11\/convoc.png","jetpack_sharing_enabled":true,"_links":{"self":[{"href":"https:\/\/cgt-bfc.fr\/index.php\/wp-json\/wp\/v2\/posts\/1630","targetHints":{"allow":["GET"]}}],"collection":[{"href":"https:\/\/cgt-bfc.fr\/index.php\/wp-json\/wp\/v2\/posts"}],"about":[{"href":"https:\/\/cgt-bfc.fr\/index.php\/wp-json\/wp\/v2\/types\/post"}],"author":[{"embeddable":true,"href":"https:\/\/cgt-bfc.fr\/index.php\/wp-json\/wp\/v2\/users\/1"}],"replies":[{"embeddable":true,"href":"https:\/\/cgt-bfc.fr\/index.php\/wp-json\/wp\/v2\/comments?post=1630"}],"version-history":[{"count":21,"href":"https:\/\/cgt-bfc.fr\/index.php\/wp-json\/wp\/v2\/posts\/1630\/revisions"}],"predecessor-version":[{"id":1658,"href":"https:\/\/cgt-bfc.fr\/index.php\/wp-json\/wp\/v2\/posts\/1630\/revisions\/1658"}],"wp:featuredmedia":[{"embeddable":true,"href":"https:\/\/cgt-bfc.fr\/index.php\/wp-json\/wp\/v2\/media\/1632"}],"wp:attachment":[{"href":"https:\/\/cgt-bfc.fr\/index.php\/wp-json\/wp\/v2\/media?parent=1630"}],"wp:term":[{"taxonomy":"category","embeddable":true,"href":"https:\/\/cgt-bfc.fr\/index.php\/wp-json\/wp\/v2\/categories?post=1630"},{"taxonomy":"post_tag","embeddable":true,"href":"https:\/\/cgt-bfc.fr\/index.php\/wp-json\/wp\/v2\/tags?post=1630"}],"curies":[{"name":"wp","href":"https:\/\/api.w.org\/{rel}","templated":true}]}}