{"id":17191,"date":"2025-11-10T11:50:54","date_gmt":"2025-11-10T10:50:54","guid":{"rendered":"https:\/\/cgt-bfc.fr\/?p=17191"},"modified":"2025-12-07T17:06:28","modified_gmt":"2025-12-07T16:06:28","slug":"les-violences-sexistes-et-sexuelles-un-fleau-social-pas-des-cas-isoles","status":"publish","type":"post","link":"https:\/\/cgt-bfc.fr\/index.php\/2025\/11\/10\/les-violences-sexistes-et-sexuelles-un-fleau-social-pas-des-cas-isoles\/","title":{"rendered":"Les violences sexistes et sexuelles : un fl\u00e9au social, pas des cas isol\u00e9s"},"content":{"rendered":"\n<p>La CGT appelle l\u2019ensemble des personnels \u00e0 se mobiliser lors des actions qui se d\u00e9rouleront les 22 et 25 novembre en raison de la Journ\u00e9e internationale pour l\u2019\u00e9limination des violences faites aux femmes. Pleinement engag\u00e9e dans cette lutte, la CGT r\u00e9affirme son soutien et sa solidarit\u00e9 avec les femmes du monde entier, premi\u00e8res victimes des discriminations et de toutes les formes de violences sexistes et sexuelles, outils de domination et d\u2019exploitation. Nous sommes engag\u00e9\u00b7es dans les n\u00e9gociations du futur accord \u00e9galit\u00e9 professionnelle femmes et hommes dans la fonction publique, pour int\u00e9grer de nouvelles mesures contraignantes pour les employeurs dans la protection des victimes de VSST.<\/p>\n\n\n\n<figure class=\"wp-block-gallery has-nested-images columns-default is-cropped wp-block-gallery-1 is-layout-flex wp-block-gallery-is-layout-flex\">\n<figure class=\"wp-block-image size-large\"><img loading=\"lazy\" decoding=\"async\" width=\"558\" height=\"660\" data-id=\"17195\" src=\"https:\/\/cgt-bfc.fr\/wp-content\/uploads\/2025\/11\/Clipboard_11-10-2025_01.png\" alt=\"\" class=\"wp-image-17195\"\/><\/figure>\n\n\n\n<figure class=\"wp-block-image size-large\"><img loading=\"lazy\" decoding=\"async\" width=\"552\" height=\"663\" data-id=\"17196\" src=\"https:\/\/cgt-bfc.fr\/wp-content\/uploads\/2025\/11\/Clipboard_11-10-2025_02.png\" alt=\"\" class=\"wp-image-17196\"\/><\/figure>\n\n\n\n<figure class=\"wp-block-image size-large\"><img loading=\"lazy\" decoding=\"async\" width=\"550\" height=\"660\" data-id=\"17197\" src=\"https:\/\/cgt-bfc.fr\/wp-content\/uploads\/2025\/11\/Clipboard_11-10-2025_03.png\" alt=\"\" class=\"wp-image-17197\"\/><\/figure>\n\n\n\n<figure class=\"wp-block-image size-large\"><img loading=\"lazy\" decoding=\"async\" width=\"555\" height=\"667\" data-id=\"17198\" src=\"https:\/\/cgt-bfc.fr\/wp-content\/uploads\/2025\/11\/Clipboard_11-10-2025_04.png\" alt=\"\" class=\"wp-image-17198\"\/><\/figure>\n\n\n\n<figure class=\"wp-block-image size-large\"><img loading=\"lazy\" decoding=\"async\" width=\"552\" height=\"664\" data-id=\"17199\" src=\"https:\/\/cgt-bfc.fr\/wp-content\/uploads\/2025\/11\/Clipboard_11-10-2025_05.png\" alt=\"\" class=\"wp-image-17199\"\/><\/figure>\n\n\n\n<figure class=\"wp-block-image size-large\"><img loading=\"lazy\" decoding=\"async\" width=\"550\" height=\"663\" data-id=\"17200\" src=\"https:\/\/cgt-bfc.fr\/wp-content\/uploads\/2025\/11\/Clipboard_11-10-2025_06.png\" alt=\"\" class=\"wp-image-17200\"\/><\/figure>\n<\/figure>\n\n\n\n<p><\/p>\n\n\n\n<p><strong>S\u2019attaquer \u00e0 ces violences, c\u2019est d\u00e9fendre la dignit\u00e9 au travail, le droit \u00e0 la s\u00e9curit\u00e9 et \u00e0 l\u2019\u00e9galit\u00e9. C\u2019est un combat syndical \u00e0 part enti\u00e8re.\u00a0<\/strong><\/p>\n\n\n\n<p>N&rsquo;H\u00e9sitez pas \u00e0 nous contacter :<\/p>\n\n\n\n<figure class=\"wp-block-image size-full is-resized\"><img loading=\"lazy\" decoding=\"async\" width=\"840\" height=\"859\" src=\"https:\/\/cgt-bfc.fr\/wp-content\/uploads\/2025\/11\/email-logo-hd-nous_ecrire.png\" alt=\"\" class=\"wp-image-17203\" style=\"width:97px;height:auto\"\/><\/figure>\n\n\n\n<p class=\"has-text-align-left has-vivid-purple-color has-text-color has-link-color has-x-large-font-size wp-elements-6fec852a61db2ac75dc93a6603bc254e\">cgtbfc@gmail.com<\/p>\n\n\n<div class=\"wp-block-image\">\n<figure class=\"aligncenter size-full\"><img loading=\"lazy\" decoding=\"async\" width=\"594\" height=\"824\" src=\"https:\/\/cgt-bfc.fr\/wp-content\/uploads\/2025\/11\/aujourdhui-encore.png\" alt=\"\" class=\"wp-image-17206\"\/><\/figure>\n<\/div>","protected":false},"excerpt":{"rendered":"<div class=\"mh-excerpt\"><p>La CGT appelle l\u2019ensemble des personnels \u00e0 se mobiliser lors des actions qui se d\u00e9rouleront les 22 et 25 novembre en raison de la Journ\u00e9e <a class=\"mh-excerpt-more\" href=\"https:\/\/cgt-bfc.fr\/index.php\/2025\/11\/10\/les-violences-sexistes-et-sexuelles-un-fleau-social-pas-des-cas-isoles\/\" title=\"Les violences sexistes et sexuelles : un fl\u00e9au social, pas des cas isol\u00e9s\">[&#8230;]<\/a><\/p>\n<\/div>","protected":false},"author":1,"featured_media":17193,"comment_status":"open","ping_status":"open","sticky":false,"template":"","format":"standard","meta":{"_jetpack_memberships_contains_paid_content":false,"footnotes":""},"categories":[1],"tags":[],"class_list":["post-17191","post","type-post","status-publish","format-standard","has-post-thumbnail","hentry","category-actu"],"jetpack_featured_media_url":"https:\/\/cgt-bfc.fr\/wp-content\/uploads\/2025\/11\/vss_0.jpg","jetpack_sharing_enabled":true,"_links":{"self":[{"href":"https:\/\/cgt-bfc.fr\/index.php\/wp-json\/wp\/v2\/posts\/17191","targetHints":{"allow":["GET"]}}],"collection":[{"href":"https:\/\/cgt-bfc.fr\/index.php\/wp-json\/wp\/v2\/posts"}],"about":[{"href":"https:\/\/cgt-bfc.fr\/index.php\/wp-json\/wp\/v2\/types\/post"}],"author":[{"embeddable":true,"href":"https:\/\/cgt-bfc.fr\/index.php\/wp-json\/wp\/v2\/users\/1"}],"replies":[{"embeddable":true,"href":"https:\/\/cgt-bfc.fr\/index.php\/wp-json\/wp\/v2\/comments?post=17191"}],"version-history":[{"count":6,"href":"https:\/\/cgt-bfc.fr\/index.php\/wp-json\/wp\/v2\/posts\/17191\/revisions"}],"predecessor-version":[{"id":17207,"href":"https:\/\/cgt-bfc.fr\/index.php\/wp-json\/wp\/v2\/posts\/17191\/revisions\/17207"}],"wp:featuredmedia":[{"embeddable":true,"href":"https:\/\/cgt-bfc.fr\/index.php\/wp-json\/wp\/v2\/media\/17193"}],"wp:attachment":[{"href":"https:\/\/cgt-bfc.fr\/index.php\/wp-json\/wp\/v2\/media?parent=17191"}],"wp:term":[{"taxonomy":"category","embeddable":true,"href":"https:\/\/cgt-bfc.fr\/index.php\/wp-json\/wp\/v2\/categories?post=17191"},{"taxonomy":"post_tag","embeddable":true,"href":"https:\/\/cgt-bfc.fr\/index.php\/wp-json\/wp\/v2\/tags?post=17191"}],"curies":[{"name":"wp","href":"https:\/\/api.w.org\/{rel}","templated":true}]}}