{"id":17465,"date":"2026-01-26T09:06:41","date_gmt":"2026-01-26T08:06:41","guid":{"rendered":"https:\/\/cgt-bfc.fr\/?p=17465"},"modified":"2026-01-26T09:08:12","modified_gmt":"2026-01-26T08:08:12","slug":"le-plafonnement-des-recettes-de-la-cotisation-des-collectivites-locales-au-cnfpt","status":"publish","type":"post","link":"https:\/\/cgt-bfc.fr\/index.php\/2026\/01\/26\/le-plafonnement-des-recettes-de-la-cotisation-des-collectivites-locales-au-cnfpt\/","title":{"rendered":"le plafonnement des recettes de la cotisation des collectivit\u00e9s locales au CNFPT."},"content":{"rendered":"\n<p>Concr\u00e8tement, cette mesure vise \u00e0 plafonner \u00e0 396 980 060 euros des recettes de la cotisation du CNFPT bas\u00e9es sur un taux de 0,9%. Cela convient \u00e0 contraindre le CNFPT \u00e0 reverser 45 millions d\u2019euros, \u00e0 l\u2019Etat sur la base des recettes pr\u00e9visionnelles 2026.<\/p>\n\n\n\n<p>C\u2019est un v\u00e9ritable double racket sur les recettes du CNFPT, le salaire socialis\u00e9 des fonctionnaires territoriaux et le budget des collectivit\u00e9s locales elles-m\u00eames. C\u2019est une atteinte au paritarisme et au principe constitutionnellement garanti de la libre administration des collectivit\u00e9s locales, o\u00f9 sont pass\u00e9es les lois sur la d\u00e9centralisation&nbsp;?<\/p>\n\n\n\n<p>De quel esprit technocratique au minist\u00e8re des Finances est sortie cette mesure&nbsp;? Le gouvernement pense-t-il vraiment faire passer par la force du 49.3 cette mesure inique&nbsp;?<\/p>\n\n\n\n<p>D\u00e9sormais, tout ce qui touche \u00e0 la Fonction publique, ses agents, ses missions de service public et ses statuts ne sont vus que sous l\u2019angle d\u2019une variable d\u2019ajustement budg\u00e9taire de la politique d\u2019aust\u00e9rit\u00e9 du gouvernement de S\u00e9bastien Lecornu.<\/p>\n\n\n\n<div class=\"wp-block-pdf-viewer-block-standard\" style=\"text-align:left\"><div class=\"uploaded-pdf\"><a href=\"https:\/\/cgt-bfc.fr\/wp-content\/uploads\/2026\/01\/declaration_os_fpt_cnfpt_3_.pdf\" data-width=\"\" data-height=\"\"><\/a><\/div><\/div>\n","protected":false},"excerpt":{"rendered":"<div class=\"mh-excerpt\"><p>Concr\u00e8tement, cette mesure vise \u00e0 plafonner \u00e0 396 980 060 euros des recettes de la cotisation du CNFPT bas\u00e9es sur un taux de 0,9%. Cela <a class=\"mh-excerpt-more\" href=\"https:\/\/cgt-bfc.fr\/index.php\/2026\/01\/26\/le-plafonnement-des-recettes-de-la-cotisation-des-collectivites-locales-au-cnfpt\/\" title=\"le plafonnement des recettes de la cotisation des collectivit\u00e9s locales au CNFPT.\">[&#8230;]<\/a><\/p>\n<\/div>","protected":false},"author":1,"featured_media":17467,"comment_status":"open","ping_status":"open","sticky":false,"template":"","format":"standard","meta":{"_jetpack_memberships_contains_paid_content":false,"footnotes":""},"categories":[1],"tags":[],"class_list":["post-17465","post","type-post","status-publish","format-standard","has-post-thumbnail","hentry","category-actu"],"jetpack_featured_media_url":"https:\/\/cgt-bfc.fr\/wp-content\/uploads\/2026\/01\/cnfpt.png","jetpack_sharing_enabled":true,"_links":{"self":[{"href":"https:\/\/cgt-bfc.fr\/index.php\/wp-json\/wp\/v2\/posts\/17465","targetHints":{"allow":["GET"]}}],"collection":[{"href":"https:\/\/cgt-bfc.fr\/index.php\/wp-json\/wp\/v2\/posts"}],"about":[{"href":"https:\/\/cgt-bfc.fr\/index.php\/wp-json\/wp\/v2\/types\/post"}],"author":[{"embeddable":true,"href":"https:\/\/cgt-bfc.fr\/index.php\/wp-json\/wp\/v2\/users\/1"}],"replies":[{"embeddable":true,"href":"https:\/\/cgt-bfc.fr\/index.php\/wp-json\/wp\/v2\/comments?post=17465"}],"version-history":[{"count":3,"href":"https:\/\/cgt-bfc.fr\/index.php\/wp-json\/wp\/v2\/posts\/17465\/revisions"}],"predecessor-version":[{"id":17471,"href":"https:\/\/cgt-bfc.fr\/index.php\/wp-json\/wp\/v2\/posts\/17465\/revisions\/17471"}],"wp:featuredmedia":[{"embeddable":true,"href":"https:\/\/cgt-bfc.fr\/index.php\/wp-json\/wp\/v2\/media\/17467"}],"wp:attachment":[{"href":"https:\/\/cgt-bfc.fr\/index.php\/wp-json\/wp\/v2\/media?parent=17465"}],"wp:term":[{"taxonomy":"category","embeddable":true,"href":"https:\/\/cgt-bfc.fr\/index.php\/wp-json\/wp\/v2\/categories?post=17465"},{"taxonomy":"post_tag","embeddable":true,"href":"https:\/\/cgt-bfc.fr\/index.php\/wp-json\/wp\/v2\/tags?post=17465"}],"curies":[{"name":"wp","href":"https:\/\/api.w.org\/{rel}","templated":true}]}}