{"id":17473,"date":"2026-01-26T09:58:27","date_gmt":"2026-01-26T08:58:27","guid":{"rendered":"https:\/\/cgt-bfc.fr\/?p=17473"},"modified":"2026-01-26T16:53:33","modified_gmt":"2026-01-26T15:53:33","slug":"pour-les-5-millions-de-fonctionnaires-leurs-salaires-vont-encore-baisser","status":"publish","type":"post","link":"https:\/\/cgt-bfc.fr\/index.php\/2026\/01\/26\/pour-les-5-millions-de-fonctionnaires-leurs-salaires-vont-encore-baisser\/","title":{"rendered":"Pour les 5 millions de fonctionnaires, leurs salaires vont encore baisser."},"content":{"rendered":"\n<p>Sophie Binet \u00e9tait l&rsquo;invit\u00e9e de France info TV ce vendredi 23 janvier 2026, l&rsquo;occasion de revenir sur le projet de loi de finances, le travail le 1er mai, les PSE en hausse et la menace de l&rsquo;IA sur l&#8217;emploi.<\/p>\n\n\n\n<p>\u00ab\u00a0Pour les 5 millions de fonctionnaires, leurs salaires vont encore baisser. Le budget de l&rsquo;audiovisuel public et celui de la culture vont encore baisser parce que le gouvernement refuse de taxer les riches.\u00a0\u00bb<\/p>\n\n\n\n<figure class=\"wp-block-embed is-type-rich is-provider-twitter wp-block-embed-twitter\"><div class=\"wp-block-embed__wrapper\">\n<div class=\"embed-twitter\"><blockquote class=\"twitter-tweet\" data-width=\"500\" data-dnt=\"true\"><p lang=\"fr\" dir=\"ltr\">\ud83d\udd34 2 motions de censure, avant un nouveau 49.3 \u27a1\ufe0f &quot;C&#39;est un tr\u00e8s mauvais budget. Pour 5 millions de fonctionnaires, leurs salaires vont encore baisser cette ann\u00e9e. En 10 ans, c&#39;est 25 % de pouvoir d&#39;achat en moins&quot;, dit Sophie Binet, secr\u00e9taire g\u00e9n\u00e9rale de la CGT <a href=\"https:\/\/t.co\/uk70YoCywV\">pic.twitter.com\/uk70YoCywV<\/a><\/p>&mdash; franceinfo (@franceinfo) <a href=\"https:\/\/twitter.com\/franceinfo\/status\/2014606726314537312?ref_src=twsrc%5Etfw\">January 23, 2026<\/a><\/blockquote><script async src=\"https:\/\/platform.twitter.com\/widgets.js\" charset=\"utf-8\"><\/script><\/div>\n<\/div><\/figure>\n\n\n\n<p>Prime d&rsquo;activit\u00e9 : c&rsquo;est une mauvaise r\u00e9ponse \u00e0 une bonne question<\/p>\n\n\n\n<figure class=\"wp-block-embed is-type-rich is-provider-twitter wp-block-embed-twitter\"><div class=\"wp-block-embed__wrapper\">\n<div class=\"embed-twitter\"><blockquote class=\"twitter-tweet\" data-width=\"500\" data-dnt=\"true\"><p lang=\"fr\" dir=\"ltr\">\ud83d\udd34 Hausse de la prime d&#39;activit\u00e9 \u27a1\ufe0f&quot;La solution n&#39;est pas d&#39;augmenter la prime d&#39;activit\u00e9, c&#39;est d&#39;augmenter les salaires, \u00e0 commencer par le smic [\u2026] C&#39;est toujours \u00e7a de pris, mais le probl\u00e8me de la prime d&#39;activit\u00e9, c&#39;est que \u00e7a co\u00fbte aux finances publiques&quot;, dit Sophie Binet <a href=\"https:\/\/t.co\/cgsBxyQgRN\">pic.twitter.com\/cgsBxyQgRN<\/a><\/p>&mdash; franceinfo (@franceinfo) <a href=\"https:\/\/twitter.com\/franceinfo\/status\/2014608784815976550?ref_src=twsrc%5Etfw\">January 23, 2026<\/a><\/blockquote><script async src=\"https:\/\/platform.twitter.com\/widgets.js\" charset=\"utf-8\"><\/script><\/div>\n<\/div><\/figure>\n\n\n\n<p><a href=\"https:\/\/www.cgt.fr\/actualites\/france\/mobilisation\/le-22-janvier-lassemblee-ne-doit-pas-nous-voler-le-1er-mai\" target=\"_blank\" rel=\"noreferrer noopener\">1er mai<\/a>\u00a0: c&rsquo;est une journ\u00e9e de mobilisation qui doit rester f\u00e9ri\u00e9e<\/p>\n\n\n\n<p>La proposition de loi (PPL) a \u00e9t\u00e9 d\u00e9pos\u00e9e par des s\u00e9nateur\u00b7ices centristes l\u2019ann\u00e9e derni\u00e8re en r\u00e9ponse \u00e0 un lobbying patronal intensif pour \u00ab permettre aux salari\u00e9s de certains secteurs de travailler le 1er mai \u00bb, c&rsquo;est-\u00e0-dire en fait : revenir sur le principe du 1er mai comme seul jour f\u00e9ri\u00e9 obligatoirement ch\u00f4m\u00e9 et r\u00e9mun\u00e9r\u00e9.&nbsp;<\/p>\n\n\n\n<h4 class=\"wp-block-heading\">S\u2019attaquer au 1er mai c\u2019est remettre en cause cent ans d\u2019histoire de luttes sociales, et de reconnaissance du droit au repos<\/h4>\n\n\n\n<figure class=\"wp-block-embed is-type-rich is-provider-twitter wp-block-embed-twitter\"><div class=\"wp-block-embed__wrapper\">\n<div class=\"embed-twitter\"><blockquote class=\"twitter-tweet\" data-width=\"500\" data-dnt=\"true\"><p lang=\"fr\" dir=\"ltr\">\ud83d\udd34 Travail le 1er-Mai : proposition de loi \u27a1\ufe0f &quot;C&#39;est notre journ\u00e9e, on a besoin d&#39;avoir du temps \u00e0 passer en famille. C&#39;est aussi une journ\u00e9e de mobilisation, donc \u00e7a doit rester f\u00e9ri\u00e9. Ce n&#39;est plus possible qu&#39;on casse aussi tous les rythmes de notre soci\u00e9t\u00e9&quot;, dit Sophie Binet <a href=\"https:\/\/t.co\/L2ZAsa7c3p\">pic.twitter.com\/L2ZAsa7c3p<\/a><\/p>&mdash; franceinfo (@franceinfo) <a href=\"https:\/\/twitter.com\/franceinfo\/status\/2014611314971210001?ref_src=twsrc%5Etfw\">January 23, 2026<\/a><\/blockquote><script async src=\"https:\/\/platform.twitter.com\/widgets.js\" charset=\"utf-8\"><\/script><\/div>\n<\/div><\/figure>\n\n\n\n<h3 class=\"wp-block-heading\"><a href=\"https:\/\/www.cgt.fr\/dossiers\/industrie-483-pse-recenses-soit-107-562-emplois-menaces-ou-supprimes\" target=\"_blank\" rel=\"noreferrer noopener\">PSE : la situation est alarmante en France<\/a><\/h3>\n\n\n\n<p>L&rsquo;industrie en France va tr\u00e8s mal, la CGT ne cesse d&rsquo;alerter depuis 2 ans en mettant \u00e0 jour sa<a href=\"https:\/\/www.cgt.fr\/actualites\/france\/emploi\/industrie-les-cartes-des-suppressions-de-postes\" target=\"_blank\" rel=\"noreferrer noopener\">&nbsp;carte des PSE<\/a>&nbsp;mais le gouvernement ne prend pas la mesure de la situation.&nbsp;<strong>483 PSE recens\u00e9s, soit 107 562 emplois menac\u00e9s ou supprim\u00e9s.<\/strong><\/p>\n\n\n\n<figure class=\"wp-block-embed is-type-rich is-provider-twitter wp-block-embed-twitter\"><div class=\"wp-block-embed__wrapper\">\n<div class=\"embed-twitter\"><blockquote class=\"twitter-tweet\" data-width=\"500\" data-dnt=\"true\"><p lang=\"fr\" dir=\"ltr\">\ud83d\udd34 Les plans de sauvegarde de l&#39;emploi en hausse \u27a1\ufe0f &quot;Nous demandons au gouvernement d&#39;organiser des assises de l&#39;industrie et, \u00e0 l&#39;issue, de mettre en place une loi pluriannuelle de programmation pour l&#39;industrie [&#8230;]&quot;, dit Sophie Binet, secr\u00e9taire g\u00e9n\u00e9rale de la CGT <a href=\"https:\/\/t.co\/be86JjcNQi\">pic.twitter.com\/be86JjcNQi<\/a><\/p>&mdash; franceinfo (@franceinfo) <a href=\"https:\/\/twitter.com\/franceinfo\/status\/2014615398788825317?ref_src=twsrc%5Etfw\">January 23, 2026<\/a><\/blockquote><script async src=\"https:\/\/platform.twitter.com\/widgets.js\" charset=\"utf-8\"><\/script><\/div>\n<\/div><\/figure>\n\n\n\n<h3 class=\"wp-block-heading\">Nous devons relocaliser notre industrie<\/h3>\n\n\n\n<p>Des solutions existent : pour la CGT, il est urgent de mettre en place des assises de l\u2019industrie afin de d\u00e9finir les mesures qui permettront de sauver la production en France.&nbsp;<\/p>\n\n\n\n<figure class=\"wp-block-embed is-type-rich is-provider-twitter wp-block-embed-twitter\"><div class=\"wp-block-embed__wrapper\">\n<div class=\"embed-twitter\"><blockquote class=\"twitter-tweet\" data-width=\"500\" data-dnt=\"true\"><p lang=\"fr\" dir=\"ltr\">\ud83d\udd34 Les plans de sauvegarde de l&#39;emploi en hausse \u27a1\ufe0f &quot;L&#39;heure est venue de relocaliser notre industrie et de changer de mod\u00e8le productif. L&#39;objectif, c&#39;est que notre industrie permette de r\u00e9pondre aux besoins de la population fran\u00e7aise et europ\u00e9enne&quot;, dit Sophie Binet <a href=\"https:\/\/t.co\/ZLCoU76zkE\">pic.twitter.com\/ZLCoU76zkE<\/a><\/p>&mdash; franceinfo (@franceinfo) <a href=\"https:\/\/twitter.com\/franceinfo\/status\/2014617488386916566?ref_src=twsrc%5Etfw\">January 23, 2026<\/a><\/blockquote><script async src=\"https:\/\/platform.twitter.com\/widgets.js\" charset=\"utf-8\"><\/script><\/div>\n<\/div><\/figure>\n\n\n\n<p>IA : il faut de le r\u00e9gulation<\/p>\n\n\n\n<p>Le plan de licenciement de 2 500 postes de Capgemini a \u00e9t\u00e9 annonc\u00e9 par voie de presse, les syndicats n&rsquo;ont pas \u00e9t\u00e9 pr\u00e9venus. Alors que cela aurait d\u00fb \u00eatre anticip\u00e9 et discut\u00e9 collectivement. Rappelons que Capegimi a b\u00e9n\u00e9fici\u00e9 de cr\u00e9dits d&rsquo;imp\u00f4ts recherche alors qu&rsquo;ils vont licencier des chercheurs et dans le m\u00eame temps, ils ont revers\u00e9 1,5 milliards d&rsquo;euros en dividende \u00e0 leurs actionnaires en 2024.<\/p>\n\n\n\n<figure class=\"wp-block-embed is-type-rich is-provider-twitter wp-block-embed-twitter\"><div class=\"wp-block-embed__wrapper\">\n<div class=\"embed-twitter\"><blockquote class=\"twitter-tweet\" data-width=\"500\" data-dnt=\"true\"><p lang=\"fr\" dir=\"ltr\">\ud83d\udd34 Menace de l&#39;IA sur l&#39;emploi \u27a1\ufe0f &quot;L&#39;intelligence artificielle, \u00e7a doit s&#39;anticiper, se n\u00e9gocier collectivement en entreprise pour savoir quels dispositifs de formation et de mobilit\u00e9 professionnelle mettre en place [&#8230;]&quot;, dit Sophie Binet, secr\u00e9taire g\u00e9n\u00e9rale de la CGT <a href=\"https:\/\/t.co\/Ol7auGYYZA\">pic.twitter.com\/Ol7auGYYZA<\/a><\/p>&mdash; franceinfo (@franceinfo) <a href=\"https:\/\/twitter.com\/franceinfo\/status\/2014618904081891522?ref_src=twsrc%5Etfw\">January 23, 2026<\/a><\/blockquote><script async src=\"https:\/\/platform.twitter.com\/widgets.js\" charset=\"utf-8\"><\/script><\/div>\n<\/div><\/figure>\n","protected":false},"excerpt":{"rendered":"<div class=\"mh-excerpt\"><p>Sophie Binet \u00e9tait l&rsquo;invit\u00e9e de France info TV ce vendredi 23 janvier 2026, l&rsquo;occasion de revenir sur le projet de loi de finances, le travail <a class=\"mh-excerpt-more\" href=\"https:\/\/cgt-bfc.fr\/index.php\/2026\/01\/26\/pour-les-5-millions-de-fonctionnaires-leurs-salaires-vont-encore-baisser\/\" title=\"Pour les 5 millions de fonctionnaires, leurs salaires vont encore baisser.\">[&#8230;]<\/a><\/p>\n<\/div>","protected":false},"author":1,"featured_media":17481,"comment_status":"open","ping_status":"open","sticky":false,"template":"","format":"standard","meta":{"_jetpack_memberships_contains_paid_content":false,"footnotes":""},"categories":[1],"tags":[],"class_list":["post-17473","post","type-post","status-publish","format-standard","has-post-thumbnail","hentry","category-actu"],"jetpack_featured_media_url":"https:\/\/cgt-bfc.fr\/wp-content\/uploads\/2026\/01\/France-info-TV-23-jan.png","jetpack_sharing_enabled":true,"_links":{"self":[{"href":"https:\/\/cgt-bfc.fr\/index.php\/wp-json\/wp\/v2\/posts\/17473","targetHints":{"allow":["GET"]}}],"collection":[{"href":"https:\/\/cgt-bfc.fr\/index.php\/wp-json\/wp\/v2\/posts"}],"about":[{"href":"https:\/\/cgt-bfc.fr\/index.php\/wp-json\/wp\/v2\/types\/post"}],"author":[{"embeddable":true,"href":"https:\/\/cgt-bfc.fr\/index.php\/wp-json\/wp\/v2\/users\/1"}],"replies":[{"embeddable":true,"href":"https:\/\/cgt-bfc.fr\/index.php\/wp-json\/wp\/v2\/comments?post=17473"}],"version-history":[{"count":14,"href":"https:\/\/cgt-bfc.fr\/index.php\/wp-json\/wp\/v2\/posts\/17473\/revisions"}],"predecessor-version":[{"id":17488,"href":"https:\/\/cgt-bfc.fr\/index.php\/wp-json\/wp\/v2\/posts\/17473\/revisions\/17488"}],"wp:featuredmedia":[{"embeddable":true,"href":"https:\/\/cgt-bfc.fr\/index.php\/wp-json\/wp\/v2\/media\/17481"}],"wp:attachment":[{"href":"https:\/\/cgt-bfc.fr\/index.php\/wp-json\/wp\/v2\/media?parent=17473"}],"wp:term":[{"taxonomy":"category","embeddable":true,"href":"https:\/\/cgt-bfc.fr\/index.php\/wp-json\/wp\/v2\/categories?post=17473"},{"taxonomy":"post_tag","embeddable":true,"href":"https:\/\/cgt-bfc.fr\/index.php\/wp-json\/wp\/v2\/tags?post=17473"}],"curies":[{"name":"wp","href":"https:\/\/api.w.org\/{rel}","templated":true}]}}