{"id":18434,"date":"2026-08-24T14:34:58","date_gmt":"2026-08-24T13:34:58","guid":{"rendered":"https:\/\/cgt-bfc.fr\/?p=18434"},"modified":"2026-09-02T08:20:32","modified_gmt":"2026-09-02T07:20:32","slug":"les-risques-climatiques-augmentent-les-moyens-des-services-publics-aussi-budget-2027","status":"publish","type":"post","link":"https:\/\/cgt-bfc.fr\/index.php\/2026\/08\/24\/les-risques-climatiques-augmentent-les-moyens-des-services-publics-aussi-budget-2027\/","title":{"rendered":"les risques climatiques augmentent, les moyens des services publics aussi ?Budget 2027"},"content":{"rendered":"\n<p class=\"wp-block-paragraph\">Canicules, m\u00e9gafeux : l\u2019\u00e9t\u00e9 2026 confirme l\u2019acc\u00e9l\u00e9ration du d\u00e9r\u00e8glement climatique. Pour y faire face, les pouvoirs publics s\u2019appuient sur des services publics d\u00e9j\u00e0 fragilis\u00e9s par des d\u00e9cennies de restrictions budg\u00e9taires. Alors que se pr\u00e9pare le budget 2027, la CGT alerte sur les cons\u00e9quences de ces choix, porte ses propositions pour renforcer les services publics et appelle \u00e0 construire la mobilisation pour imposer un autre budget.<\/p>\n\n\n\n<p class=\"wp-block-paragraph\"><strong>Canicules et incendies : les services publics en premi\u00e8re ligne<\/strong><\/p>\n\n\n\n<p class=\"wp-block-paragraph\">L\u2019\u00e9t\u00e9 2026 a commenc\u00e9 fort et t\u00f4t. D\u00e8s le premier \u00e9pisode de canicule, en mai, Sant\u00e9 publique France constatait une \u00ab augmentation marqu\u00e9e \u00bb des recours aux soins d\u2019urgence li\u00e9s \u00e0 la chaleur. Une pression suppl\u00e9mentaire pour des personnels de sant\u00e9 qui tiennent d\u00e9j\u00e0 l\u2019h\u00f4pital public \u00e0 bout de bras.\u00a0 <\/p>\n\n\n\n<p class=\"wp-block-paragraph\">Du c\u00f4t\u00e9 des incendies, l\u2019\u00e9t\u00e9 est tout aussi hors norme : au 31 juillet, 14 320 feux avaient d\u00e9j\u00e0 \u00e9t\u00e9 recens\u00e9s et 119 000 hectares br\u00fbl\u00e9s. Sapeurs-pompiers, personnels de la S\u00e9curit\u00e9 civile et agent\u00b7es de l\u2019\u00c9tat ont \u00e9t\u00e9 fortement mobilis\u00e9s.&nbsp;Une mobilisation qui met \u00e0 rude \u00e9preuve des services d\u00e9j\u00e0 sous tension et alors que le risque incendie s\u2019intensifie.&nbsp;<\/p>\n\n\n\n<p class=\"wp-block-paragraph\">Pour Laurent Guilloteau, pompier professionnel et secr\u00e9taire g\u00e9n\u00e9ral de la CGT du Sdis des Bouches-du-Rh\u00f4ne,&nbsp;<strong>\u00ab nos for\u00eats sont devenues des poudri\u00e8res, mais notre syst\u00e8me de S\u00e9curit\u00e9 civile aussi \u00bb,<\/strong>&nbsp;soulignant la proximit\u00e9 d&rsquo;une rupture face \u00e0 l&rsquo;encha\u00eenement des interventions.<a href=\"https:\/\/journal.liberation.fr\/liberation\/liberation\/2026-08-01\" target=\"_blank\" rel=\"noopener\">&nbsp;(&nbsp;S\u00e9curit\u00e9 civile Le \u00abtout dernier rempart\u00bb craque &#8211; Lib\u00e9ration 1 aout 2026)<\/a><\/p>\n\n\n\n<p class=\"wp-block-paragraph\"><strong>Des agent\u00b7es mobilis\u00e9\u00b7es, des services publics sous-dot\u00e9s<\/strong><\/p>\n\n\n\n<p class=\"wp-block-paragraph\">Pour la CGT, l\u2019engagement fort des salari\u00e9s ne peut se substituer \u00e0 une r\u00e9elle volont\u00e9 politique \u00e0 la hauteur de l\u2019urgence climatique.\u00a0Le d\u00e9r\u00e8glement climatique augmente les besoins et \u00e9largit leurs missions, alors m\u00eame que des d\u00e9cennies de suppressions d\u2019emplois, de restructurations et de sous-investissement ont affaibli nombre de services. (&nbsp;<a href=\"https:\/\/www.cgt.fr\/comm-de-presse\/canicules-incendies-faire-de-ladaptation-climatique-et-de-la-lutte-contre-le-rechauffement\" target=\"_blank\" rel=\"noopener\">\u00c0 lire : Canicules, incendies : faire de l\u2019adaptation climatique et de la lutte contre le r\u00e9chauffement une priorit\u00e9 nationale)<\/a><\/p>\n\n\n\n<h3 class=\"wp-block-heading\"><strong>Sortir de la politique de l\u2019urgence<\/strong><\/h3>\n\n\n\n<p class=\"wp-block-paragraph\">Le Covid aurait pourtant d\u00fb servir de le\u00e7on : les applaudissements ne remplacent ni les effectifs ni les moyens. La crise sanitaire avait mis en lumi\u00e8re le sous-investissement dans l\u2019h\u00f4pital public et conduit l\u2019\u00c9tat \u00e0 d\u00e9bloquer des milliards dans l\u2019urgence.<\/p>\n\n\n\n<p class=\"wp-block-paragraph\">Apr\u00e8s les incendies exceptionnels de l\u2019\u00e9t\u00e9 2022, le gouvernement avait, l\u00e0 encore, d\u00e9gag\u00e9 des moyens suppl\u00e9mentaires, notamment pour renforcer les \u00e9quipements des services d\u2019incendie et de secours. Ces investissements \u00e9taient n\u00e9cessaires. Mais d\u00e9bloquer des cr\u00e9dits une fois la crise install\u00e9e ne fait pas une politique de long terme.<\/p>\n\n\n\n<p class=\"wp-block-paragraph\">S\u00e9bastien Delavoux, animateur du collectif CGT des Sdis, &nbsp;explique par exemple que les premiers engins livr\u00e9s permettent seulement d&rsquo;\u00e9carter les camions trop anciens sans augmenter la capacit\u00e9 globale du terrain : \u00ab Nous n&rsquo;avons aucune capacit\u00e9 nouvelle. \u00bb regrette-il. &nbsp;<a href=\"https:\/\/www.mediapart.fr\/journal\/ecologie\/020826\/face-aux-incendies-le-gouvernement-brode-les-moyens-stagnent-le-risque-explose?fbclid=IwY2xjawT094JwZG9mAWV4dG4DYWVtAjExAHNydGMGYXBwX2lkEDIyMjAzOTE3ODgyMDA4OTIAAR5Di2sixQp0CvEULcYZ-XJFF6mm7nTr5OYAuMPexjoVwN5h6M7iQXR39_BrvQ_aem_hCNi2UY7k9SQSTu2QjlGPw\" target=\"_blank\" rel=\"noopener\">Dans un article de M\u00e9diapart,&nbsp;<\/a>il d\u00e9nonce l&rsquo;impr\u00e9paration de l&rsquo;\u00c9tat face aux m\u00e9gafeux actuels :<\/p>\n\n\n\n<p class=\"wp-block-paragraph\">Canicules et incendies ne sont plus des ph\u00e9nom\u00e8nes exceptionnels auxquels on pourrait r\u00e9pondre \u00e0 coups de plans d\u2019urgence. \u00c9quipements de protection, adaptation des b\u00e2timents publics : les investissements sont indispensables, mais les r\u00e9ponses ponctuelles ne suffisent plus.<\/p>\n\n\n\n<p class=\"wp-block-paragraph\">Il faut aussi recruter et former des personnels, revaloriser les m\u00e9tiers et les salaires, am\u00e9liorer les conditions de travail. Bref, donner aux services les moyens d\u2019assurer durablement des missions qui \u00e9voluent avec le d\u00e9r\u00e8glement climatique.<\/p>\n\n\n\n<h3 class=\"wp-block-heading\"><strong>Renforcer tous les services publics<\/strong><\/h3>\n\n\n\n<p class=\"wp-block-paragraph\">Pas question pour autant de renforcer quelques services consid\u00e9r\u00e9s comme prioritaires en prenant les moyens ailleurs. Les services publics sont interd\u00e9pendants et les besoins augmentent partout. Sant\u00e9, secours, for\u00eats, collectivit\u00e9s, services de l\u2019\u00c9tat, recherche, pr\u00e9vention : l\u2019adaptation au changement climatique n\u00e9cessite des moyens suppl\u00e9mentaires.<\/p>\n\n\n\n<p class=\"wp-block-paragraph\">Il faut donc sortir de la gestion permanente de la p\u00e9nurie et des red\u00e9ploiements. De nouveaux emplois, des financements suppl\u00e9mentaires et des investissements p\u00e9rennes sont n\u00e9cessaires, en fonction des besoins des populations et des territoires.<\/p>\n\n\n\n<p class=\"wp-block-paragraph\">L\u2019enjeu est aussi de donner aux politiques publiques les moyens d\u2019anticiper et de pr\u00e9venir, plut\u00f4t que de chercher des financements dans l\u2019urgence lorsque la catastrophe est d\u00e9j\u00e0 l\u00e0.<\/p>\n","protected":false},"excerpt":{"rendered":"<div class=\"mh-excerpt\"><p>Canicules, m\u00e9gafeux : l\u2019\u00e9t\u00e9 2026 confirme l\u2019acc\u00e9l\u00e9ration du d\u00e9r\u00e8glement climatique. Pour y faire face, les pouvoirs publics s\u2019appuient sur des services publics d\u00e9j\u00e0 fragilis\u00e9s par <a class=\"mh-excerpt-more\" href=\"https:\/\/cgt-bfc.fr\/index.php\/2026\/08\/24\/les-risques-climatiques-augmentent-les-moyens-des-services-publics-aussi-budget-2027\/\" title=\"les risques climatiques augmentent, les moyens des services publics aussi ?Budget 2027\">[&#8230;]<\/a><\/p>\n<\/div>","protected":false},"author":1,"featured_media":18482,"comment_status":"open","ping_status":"open","sticky":false,"template":"","format":"standard","meta":{"_jetpack_newsletter_access":"","_jetpack_dont_email_post_to_subs":false,"_jetpack_newsletter_tier_id":0,"_jetpack_memberships_contains_paywalled_content":false,"_jetpack_feature_clip_id":0,"_jetpack_memberships_contains_paid_content":false,"footnotes":"","jetpack_post_was_ever_published":false},"categories":[1],"tags":[],"class_list":["post-18434","post","type-post","status-publish","format-standard","has-post-thumbnail","hentry","category-actu"],"jetpack_sharing_enabled":true,"jetpack_featured_media_url":"https:\/\/cgt-bfc.fr\/wp-content\/uploads\/2026\/08\/urgence.png","_links":{"self":[{"href":"https:\/\/cgt-bfc.fr\/index.php\/wp-json\/wp\/v2\/posts\/18434","targetHints":{"allow":["GET"]}}],"collection":[{"href":"https:\/\/cgt-bfc.fr\/index.php\/wp-json\/wp\/v2\/posts"}],"about":[{"href":"https:\/\/cgt-bfc.fr\/index.php\/wp-json\/wp\/v2\/types\/post"}],"author":[{"embeddable":true,"href":"https:\/\/cgt-bfc.fr\/index.php\/wp-json\/wp\/v2\/users\/1"}],"replies":[{"embeddable":true,"href":"https:\/\/cgt-bfc.fr\/index.php\/wp-json\/wp\/v2\/comments?post=18434"}],"version-history":[{"count":8,"href":"https:\/\/cgt-bfc.fr\/index.php\/wp-json\/wp\/v2\/posts\/18434\/revisions"}],"predecessor-version":[{"id":18443,"href":"https:\/\/cgt-bfc.fr\/index.php\/wp-json\/wp\/v2\/posts\/18434\/revisions\/18443"}],"wp:featuredmedia":[{"embeddable":true,"href":"https:\/\/cgt-bfc.fr\/index.php\/wp-json\/wp\/v2\/media\/18482"}],"wp:attachment":[{"href":"https:\/\/cgt-bfc.fr\/index.php\/wp-json\/wp\/v2\/media?parent=18434"}],"wp:term":[{"taxonomy":"category","embeddable":true,"href":"https:\/\/cgt-bfc.fr\/index.php\/wp-json\/wp\/v2\/categories?post=18434"},{"taxonomy":"post_tag","embeddable":true,"href":"https:\/\/cgt-bfc.fr\/index.php\/wp-json\/wp\/v2\/tags?post=18434"}],"curies":[{"name":"wp","href":"https:\/\/api.w.org\/{rel}","templated":true}]}}