{"id":18474,"date":"2026-09-02T07:37:16","date_gmt":"2026-09-02T06:37:16","guid":{"rendered":"https:\/\/cgt-bfc.fr\/?p=18474"},"modified":"2026-09-02T08:22:11","modified_gmt":"2026-09-02T07:22:11","slug":"le-climat-change-il-est-temps-de-transformer-la-gouvernance-du-travail","status":"publish","type":"post","link":"https:\/\/cgt-bfc.fr\/index.php\/2026\/09\/02\/le-climat-change-il-est-temps-de-transformer-la-gouvernance-du-travail\/","title":{"rendered":"\u00ab Le\u00a0climat\u00a0change :\u00a0il est temps de transformer la\u00a0gouvernance\u00a0du travail \u00bb\u00a0"},"content":{"rendered":"\n<h2 class=\"wp-block-heading\">Tribune <\/h2>\n\n\n\n<p class=\"wp-block-paragraph\"><a href=\"https:\/\/www.nouvelobs.com\/journalistes\/1507\/caroline-blanchot.html\" target=\"_blank\" rel=\"noopener\">Caroline Blanchot<\/a>\u00a0 Secr\u00e9taire\u00a0g\u00e9n\u00e9rale\u00a0de\u00a0l\u2019Ugict-CGT\u00a0Publi\u00e9\u00a0le 30\u00a0juillet\u00a02026\u00a0\u00a0<\/p>\n\n\n\n<p class=\"wp-block-paragraph\"><strong>Lecture :&nbsp;3 min.<\/strong>&nbsp;<\/p>\n\n\n\n<p class=\"wp-block-paragraph\"><strong>Face aux\u00a0consequences\u00a0de la crise\u00a0climatique,\u00a0l\u2019Ugict-CGT,\u00a0l\u2019organisation\u00a0des cadres,\u00a0techniciens\u00a0et\u00a0ing\u00e9nieurs\u00a0de la centrale syndicale,\u00a0appelle\u00a0\u00e0\u00a0repenser\u00a0les modes de production et de\u00a0consommation, et \u00e0 transformer\u00a0d\u00e9mocratiquement\u00a0le travail.\u00a0<\/strong><\/p>\n\n\n\n<p class=\"wp-block-paragraph\">L\u2019Ugict&nbsp;repr\u00e9sente&nbsp;les&nbsp;ing\u00e9nieurs, cadres et professions&nbsp;interm\u00e9diaires&nbsp;du&nbsp;priv\u00e9&nbsp;comme&nbsp;du public.&nbsp;Celles&nbsp;et&nbsp;ceux&nbsp;qui&nbsp;con\u00e7oivent&nbsp;les&nbsp;b\u00e2timents,&nbsp;entretiennent&nbsp;les r\u00e9seaux, font&nbsp;fonctionner&nbsp;les&nbsp;h\u00f4pitaux, les transports, les industries, les&nbsp;laboratoires, les&nbsp;collectivit\u00e9s&nbsp;ou&nbsp;encore&nbsp;les infrastructures&nbsp;num\u00e9riques.&nbsp;Celles&nbsp;et&nbsp;ceux&nbsp;qui&nbsp;\u00e9clairent&nbsp;les&nbsp;d\u00e9cisions&nbsp;par la recherche et&nbsp;l\u2019expertise,&nbsp;mettent&nbsp;en&nbsp;\u0153uvre&nbsp;les politiques&nbsp;publiques,&nbsp;encadrent&nbsp;des \u00e9quipes,&nbsp;assurent&nbsp;la maintenance des installations,&nbsp;organisent&nbsp;les secours et&nbsp;l\u2019assistance&nbsp;aux&nbsp;sinistr\u00e9s,&nbsp;prennent&nbsp;chaque&nbsp;jour des&nbsp;centaines&nbsp;de&nbsp;d\u00e9cisions&nbsp;qui&nbsp;conditionnent&nbsp;la s\u00e9curit\u00e9 des&nbsp;personnes&nbsp;et la&nbsp;continuit\u00e9&nbsp;des&nbsp;activit\u00e9s.&nbsp;<\/p>\n\n\n\n<p class=\"wp-block-paragraph\"><strong>Partout\u00a0en\u00a0France, un constat\u00a0s\u2019impose\u00a0:\u00a0nos\u00a0organisations\u00a0du travail, d\u00e9j\u00e0\u00a0profond\u00e9ment\u00a0marqu\u00e9es\u00a0par des\u00a0d\u00e9cennies\u00a0de politiques\u00a0lib\u00e9rales,\u00a0ont\u00a0\u00e9t\u00e9\u00a0con\u00e7ues\u00a0pour un\u00a0climat\u00a0qui\u00a0n\u2019existe\u00a0plus. Les\u00a0b\u00e2timents\u00a0surchauffent. Les\u00a0\u00e9quipements\u00a0atteignent\u00a0leurs\u00a0limites. Les r\u00e9seaux\u00a0sont\u00a0fragilis\u00e9s.\u00a0<\/strong><\/p>\n\n\n\n<p class=\"wp-block-paragraph\">Les&nbsp;t\u00e9moignages&nbsp;que&nbsp;nous&nbsp;recevons&nbsp;illustrent&nbsp;cette&nbsp;r\u00e9alit\u00e9&nbsp;: absence&nbsp;d\u2019adaptation, services&nbsp;en&nbsp;surchauffe, contestation de droits de&nbsp;retrait, mise&nbsp;en&nbsp;danger\u2026 Une&nbsp;proc\u00e9dure&nbsp;ne&nbsp;rafra\u00eechit&nbsp;pas un&nbsp;b\u00e2timent. Une&nbsp;circulaire&nbsp;ne&nbsp;remplace&nbsp;pas un&nbsp;investissement. Une note de service ne&nbsp;prot\u00e8ge&nbsp;pas un&nbsp;salari\u00e9.&nbsp;<\/p>\n\n\n\n<p class=\"wp-block-paragraph\">Faire&nbsp;tenir&nbsp;un&nbsp;syst\u00e8me&nbsp;qui&nbsp;n\u2019a&nbsp;pas&nbsp;\u00e9t\u00e9&nbsp;pr\u00e9par\u00e9&nbsp;<\/p>\n\n\n\n<p class=\"wp-block-paragraph\">Celles&nbsp;et&nbsp;ceux&nbsp;qui font&nbsp;fonctionner&nbsp;les&nbsp;organisations&nbsp;sont&nbsp;somm\u00e9s&nbsp;de faire&nbsp;tenir&nbsp;un&nbsp;syst\u00e8me&nbsp;qui&nbsp;n\u2019a&nbsp;pas&nbsp;\u00e9t\u00e9&nbsp;pr\u00e9par\u00e9. Les&nbsp;ing\u00e9nieurs&nbsp;doivent&nbsp;garantir&nbsp;la&nbsp;s\u00fbret\u00e9&nbsp;d\u2019installations&nbsp;vieillissantes&nbsp;malgr\u00e9 des conditions de travail&nbsp;d\u00e9grad\u00e9es. Les&nbsp;techniciens&nbsp;doivent&nbsp;maintenir&nbsp;des&nbsp;\u00e9quipements&nbsp;critiques&nbsp;alors&nbsp;que&nbsp;la&nbsp;chaleur&nbsp;alt\u00e8re&nbsp;la vigilance. Les managers&nbsp;doivent&nbsp;prot\u00e9ger&nbsp;leurs&nbsp;\u00e9quipes sans disposer des moyens&nbsp;n\u00e9cessaires.&nbsp;<\/p>\n\n\n\n<p class=\"wp-block-paragraph\"><strong>La question des conditions de travail est centrale.\u00a0Toutefois\u00a0cette\u00a0situation\u00a0r\u00e9v\u00e8le\u00a0une\u00a0fragilit\u00e9\u00a0beaucoup plus profonde et nous oblige \u00e0\u00a0int\u00e9grer\u00a0pleinement\u00a0les\u00a0enjeux\u00a0climatiques\u00a0dans les choix de production, de management et\u00a0d\u2019investissement.\u00a0<\/strong><\/p>\n\n\n\n<p class=\"wp-block-paragraph\">Les&nbsp;t\u00e9moignages&nbsp;que&nbsp;nous&nbsp;recevons&nbsp;illustrent&nbsp;cette&nbsp;r\u00e9alit\u00e9&nbsp;: absence&nbsp;d\u2019adaptation, services&nbsp;en&nbsp;surchauffe, contestation de droits de&nbsp;retrait, mise&nbsp;en&nbsp;danger\u2026 Une&nbsp;proc\u00e9dure&nbsp;ne&nbsp;rafra\u00eechit&nbsp;pas un&nbsp;b\u00e2timent. Une&nbsp;circulaire&nbsp;ne&nbsp;remplace&nbsp;pas un&nbsp;investissement. Une note de service ne&nbsp;prot\u00e8ge&nbsp;pas un&nbsp;salari\u00e9.&nbsp;<\/p>\n\n\n\n<p class=\"wp-block-paragraph\"><strong>Faire\u00a0tenir\u00a0un\u00a0syst\u00e8me\u00a0qui\u00a0n\u2019a\u00a0pas\u00a0\u00e9t\u00e9\u00a0pr\u00e9par\u00e9\u00a0<\/strong><\/p>\n\n\n\n<p class=\"wp-block-paragraph\">Celles&nbsp;et&nbsp;ceux&nbsp;qui font&nbsp;fonctionner&nbsp;les&nbsp;organisations&nbsp;sont&nbsp;somm\u00e9s&nbsp;de faire&nbsp;tenir&nbsp;un&nbsp;syst\u00e8me&nbsp;qui&nbsp;n\u2019a&nbsp;pas&nbsp;\u00e9t\u00e9&nbsp;pr\u00e9par\u00e9. Les&nbsp;ing\u00e9nieurs&nbsp;doivent&nbsp;garantir&nbsp;la&nbsp;s\u00fbret\u00e9&nbsp;d\u2019installations&nbsp;vieillissantes&nbsp;malgr\u00e9 des conditions de travail&nbsp;d\u00e9grad\u00e9es. Les&nbsp;techniciens&nbsp;doivent&nbsp;maintenir&nbsp;des&nbsp;\u00e9quipements&nbsp;critiques&nbsp;alors&nbsp;que&nbsp;la&nbsp;chaleur&nbsp;alt\u00e8re&nbsp;la vigilance. Les managers&nbsp;doivent&nbsp;prot\u00e9ger&nbsp;leurs&nbsp;\u00e9quipes sans disposer des moyens&nbsp;n\u00e9cessaires.&nbsp;<\/p>\n\n\n\n<p class=\"wp-block-paragraph\"><strong>La question des conditions de travail est centrale.\u00a0Toutefois\u00a0cette\u00a0situation\u00a0r\u00e9v\u00e8le\u00a0une\u00a0fragilit\u00e9\u00a0beaucoup plus profonde et nous oblige \u00e0\u00a0int\u00e9grer\u00a0pleinement\u00a0les\u00a0enjeux\u00a0climatiques\u00a0dans les choix de production, de management et\u00a0d\u2019investissement.\u00a0<\/strong><\/p>\n\n\n\n<p class=\"wp-block-paragraph\">Pourtant, les arbitrages&nbsp;continuent&nbsp;de&nbsp;privil\u00e9gier&nbsp;le court&nbsp;terme. Nous&nbsp;savons&nbsp;mobiliser des milliards&nbsp;d\u2019euros&nbsp;en&nbsp;quelques&nbsp;semaines,&nbsp;mais&nbsp;face \u00e0 un&nbsp;risque&nbsp;climatique&nbsp;pourtant&nbsp;document\u00e9, d\u00e9j\u00e0&nbsp;pr\u00e9sent&nbsp;et&nbsp;appel\u00e9&nbsp;\u00e0&nbsp;s\u2019aggraver, les&nbsp;d\u00e9cisions&nbsp;et les&nbsp;investissements&nbsp;indispensables&nbsp;continuent&nbsp;d\u2019\u00eatre&nbsp;diff\u00e9r\u00e9s.&nbsp;<\/p>\n\n\n\n<p class=\"wp-block-paragraph\">Il&nbsp;devient&nbsp;chaque&nbsp;jour plus&nbsp;\u00e9vident&nbsp;que&nbsp;cette&nbsp;incapacit\u00e9&nbsp;n\u2019est&nbsp;pas&nbsp;seulement&nbsp;technique :&nbsp;elle&nbsp;est le&nbsp;produit&nbsp;d\u2019un&nbsp;mod\u00e8le&nbsp;\u00e9conomique&nbsp;o\u00f9&nbsp;la&nbsp;rentabilit\u00e9&nbsp;imm\u00e9diate&nbsp;prime sur la&nbsp;pr\u00e9vention, la s\u00e9curit\u00e9 et&nbsp;l\u2019int\u00e9r\u00eat&nbsp;g\u00e9n\u00e9ral. Il est&nbsp;illusoire&nbsp;de&nbsp;pr\u00e9tendre&nbsp;\u00ab&nbsp;r\u00e9armer&nbsp;le pays \u00bb&nbsp;alors&nbsp;m\u00eame&nbsp;que&nbsp;nous&nbsp;montrons&nbsp;notre&nbsp;incapacit\u00e9&nbsp;\u00e0 faire face aux crises&nbsp;que&nbsp;nous&nbsp;vivons&nbsp;d\u00e9j\u00e0 :&nbsp;canicules,&nbsp;incendies,&nbsp;s\u00e9cheresses&nbsp;ou&nbsp;crises sanitaires.&nbsp;<\/p>\n\n\n\n<p class=\"wp-block-paragraph\">Cette contradiction est&nbsp;devenue&nbsp;insupportable.&nbsp;<\/p>\n\n\n\n<p class=\"wp-block-paragraph\">Instaurer&nbsp;un droit de&nbsp;refus&nbsp;et de propositions alternatives&nbsp;<\/p>\n\n\n\n<p class=\"wp-block-paragraph\">Nous&nbsp;refusons&nbsp;que&nbsp;les&nbsp;professionnels&nbsp;deviennent&nbsp;les&nbsp;fusibles&nbsp;d\u2019une&nbsp;impr\u00e9paration&nbsp;organis\u00e9e. Nous&nbsp;refusons&nbsp;que&nbsp;la&nbsp;responsabilit\u00e9&nbsp;juridique,&nbsp;professionnelle&nbsp;et&nbsp;parfois&nbsp;p\u00e9nale&nbsp;repose sur des femmes et des hommes qui ne&nbsp;disposent&nbsp;ni&nbsp;des moyens&nbsp;mat\u00e9riels,&nbsp;ni&nbsp;des&nbsp;effectifs,&nbsp;ni&nbsp;des&nbsp;pouvoirs&nbsp;de&nbsp;d\u00e9cision&nbsp;leur&nbsp;permettant&nbsp;de&nbsp;garantir&nbsp;la s\u00e9curit\u00e9 des \u00e9quipes et, plus&nbsp;largement, de faire face \u00e0 la multiplication des crises.&nbsp;<\/p>\n\n\n\n<p class=\"wp-block-paragraph\"><strong>C\u2019est\u00a0pourquoi\u00a0nous\u00a0proposons\u00a0d\u2019ouvrir\u00a0un nouveau\u00a0chantier\u00a0d\u00e9mocratique.\u00a0<\/strong><\/p>\n\n\n\n<p class=\"wp-block-paragraph\">Les&nbsp;professionnels&nbsp;investis&nbsp;d\u2019une&nbsp;responsabilit\u00e9&nbsp;doivent&nbsp;b\u00e9n\u00e9ficier&nbsp;d\u2019un&nbsp;v\u00e9ritable&nbsp;droit de&nbsp;refus&nbsp;et de propositions alternatives.&nbsp;Lorsqu\u2019ils&nbsp;estiment&nbsp;que&nbsp;les conditions ne&nbsp;permettent&nbsp;plus de&nbsp;garantir&nbsp;la s\u00e9curit\u00e9 des&nbsp;personnes, des installations&nbsp;ou&nbsp;de&nbsp;l\u2019environnement,&nbsp;ils&nbsp;doivent&nbsp;pouvoir&nbsp;suspendre&nbsp;une&nbsp;activit\u00e9,&nbsp;exiger&nbsp;des&nbsp;mesures&nbsp;correctives&nbsp;ou&nbsp;refuser&nbsp;d\u2019engager&nbsp;leur&nbsp;responsabilit\u00e9&nbsp;sans&nbsp;craindre&nbsp;de sanctions. Ce droit ne&nbsp;prot\u00e9gerait&nbsp;pas&nbsp;seulement&nbsp;ces&nbsp;professionnels. Il&nbsp;prot\u00e9gerait&nbsp;les&nbsp;salari\u00e9s, les&nbsp;usagers, les populations et&nbsp;l\u2019int\u00e9r\u00eat&nbsp;g\u00e9n\u00e9ral.&nbsp;<\/p>\n\n\n\n<p class=\"wp-block-paragraph\"><strong>Mais\u00a0ce\u00a0droit ne\u00a0suffira\u00a0pas\u00a0si\u00a0les\u00a0d\u00e9cisions\u00a0continuent\u00a0d\u2019\u00eatre\u00a0prises\u00a0selon\u00a0les\u00a0m\u00eames\u00a0logiques.\u00a0<\/strong><\/p>\n\n\n\n<p class=\"wp-block-paragraph\">Nous ne&nbsp;pourrons&nbsp;pas adapter&nbsp;nos&nbsp;organisations&nbsp;au changement&nbsp;climatique&nbsp;sans transformer&nbsp;leur&nbsp;gouvernance. Les crises&nbsp;que&nbsp;nous&nbsp;traversons&nbsp;montrent&nbsp;que&nbsp;les&nbsp;d\u00e9cisions&nbsp;prises&nbsp;uniquement&nbsp;sous&nbsp;l\u2019angle&nbsp;des&nbsp;co\u00fbts&nbsp;conduisent&nbsp;\u00e0 sous-investir&nbsp;dans la&nbsp;pr\u00e9vention, \u00e0 retarder les adaptations indispensables et \u00e0 faire&nbsp;peser&nbsp;les&nbsp;risques&nbsp;sur&nbsp;celles&nbsp;et&nbsp;ceux&nbsp;qui&nbsp;travaillent.&nbsp;<\/p>\n\n\n\n<p class=\"wp-block-paragraph\"><strong>Redonner\u00a0toute\u00a0sa\u00a0place \u00e0\u00a0l\u2019expertise\u00a0du travail\u00a0r\u00e9el\u00a0devient\u00a0une\u00a0n\u00e9cessit\u00e9\u00a0d\u00e9mocratique\u00a0autant\u00a0qu\u2019un\u00a0imp\u00e9ratif\u00a0de s\u00e9curit\u00e9.\u00a0<\/strong><\/p>\n\n\n\n<p class=\"wp-block-paragraph\"><strong>Ecouter\u00a0celles\u00a0et\u00a0ceux\u00a0qui font vivre le travail\u00a0r\u00e9el\u00a0<\/strong><\/p>\n\n\n\n<p class=\"wp-block-paragraph\">C\u2019est&nbsp;pourquoi&nbsp;il faut&nbsp;renforcer&nbsp;les&nbsp;contre-pouvoirs&nbsp;dans les&nbsp;entreprises&nbsp;comme&nbsp;dans les administrations. Les&nbsp;repr\u00e9sentants&nbsp;des&nbsp;salari\u00e9s&nbsp;doivent&nbsp;retrouver&nbsp;de&nbsp;v\u00e9ritables&nbsp;capacit\u00e9s&nbsp;d\u2019intervention&nbsp;sur les questions de sant\u00e9, de s\u00e9curit\u00e9 et&nbsp;d\u2019organisation&nbsp;du travail. Les&nbsp;professionnels&nbsp;doivent&nbsp;\u00eatre&nbsp;davantage&nbsp;associ\u00e9s&nbsp;aux&nbsp;d\u00e9cisions&nbsp;strat\u00e9giques&nbsp;qui&nbsp;engagent&nbsp;leur&nbsp;responsabilit\u00e9&nbsp;et&nbsp;celle&nbsp;de la&nbsp;collectivit\u00e9. Cette exigence conduit&nbsp;naturellement&nbsp;\u00e0&nbsp;r\u00e9tablir&nbsp;des instances&nbsp;sp\u00e9cialis\u00e9es&nbsp;en&nbsp;sant\u00e9 au travail, \u00e0&nbsp;renforcer&nbsp;les&nbsp;pr\u00e9rogatives&nbsp;des&nbsp;repr\u00e9sentants&nbsp;du personnel et \u00e0 faire&nbsp;une&nbsp;place&nbsp;majoritaire&nbsp;aux&nbsp;administrateurs&nbsp;salari\u00e9s&nbsp;dans les conseils&nbsp;d\u2019administration&nbsp;afin&nbsp;que&nbsp;les choix de long&nbsp;terme&nbsp;puissent&nbsp;enfin&nbsp;primer sur les&nbsp;logiques&nbsp;financi\u00e8res&nbsp;de court&nbsp;ou&nbsp;moyen&nbsp;terme.&nbsp;<\/p>\n\n\n\n<p class=\"wp-block-paragraph\"><strong>Les canicules, la\u00a0s\u00e9cheresse\u00a0et les\u00a0incendies\u00a0r\u00e9v\u00e8lent\u00a0une\u00a0r\u00e9alit\u00e9\u00a0plus profonde.\u00a0R\u00e9pondre\u00a0aux\u00a0d\u00e9fis\u00a0climatiques\u00a0ne sera pas\u00a0seulement\u00a0une\u00a0affaire de technologies\u00a0ou\u00a0d\u2019investissements. Il\u00a0faudra\u00a0revoir\u00a0nos\u00a0modes de production et de\u00a0consommation,\u00a0mais\u00a0aussi\u00a0transformer\u00a0d\u00e9mocratiquement\u00a0le travail. Cela suppose de\u00a0reconna\u00eetre\u00a0enfin\u00a0la\u00a0valeur\u00a0de\u00a0l\u2019expertise\u00a0de\u00a0celles\u00a0et\u00a0ceux\u00a0qui font vivre le travail\u00a0r\u00e9el\u00a0et de\u00a0leur\u00a0donner les moyens\u00a0d\u2019intervenir.\u00a0<\/strong><\/p>\n\n\n\n<p class=\"wp-block-paragraph\">Parce&nbsp;qu\u2019aujourd\u2019hui, le&nbsp;v\u00e9ritable&nbsp;danger&nbsp;n\u2019est&nbsp;plus de ne pas savoir. Le&nbsp;v\u00e9ritable&nbsp;danger est de continuer \u00e0 ne pas&nbsp;\u00e9couter&nbsp;et \u00e0 ne pas&nbsp;agir.&nbsp;<\/p>\n\n\n\n<p class=\"wp-block-paragraph\">BIO EXPRESS&nbsp;<br>Caroline&nbsp;Blanchot&nbsp;est&nbsp;secr\u00e9taire&nbsp;g\u00e9n\u00e9rale&nbsp;de&nbsp;l\u2019Union&nbsp;g\u00e9n\u00e9rale&nbsp;des&nbsp;Ing\u00e9nieurs, Cadres et&nbsp;Techniciens&nbsp;(Ugict) de la CGT.&nbsp;<\/p>\n\n\n\n<p class=\"wp-block-paragraph\"><strong>R\u00e9pondre \u00e0 l\u2019enqu\u00eate Canicule : comment travaillez-vous pendant les fortes chaleurs ?<\/strong>\u00a0<\/p>\n\n\n\n<figure class=\"wp-block-image size-full is-resized\"><a href=\"https:\/\/syndicatcgt.fr\/enquete\/index.php\/279231?lang=fr\"><img loading=\"lazy\" decoding=\"async\" width=\"785\" height=\"285\" src=\"https:\/\/cgt-bfc.fr\/wp-content\/uploads\/2026\/09\/comment-travaillez-vous-fortes-chaleurs.png\" alt=\"\" class=\"wp-image-18478\" style=\"width:543px;height:auto\"\/><\/a><\/figure>\n","protected":false},"excerpt":{"rendered":"<div class=\"mh-excerpt\"><p>Tribune Caroline Blanchot\u00a0 Secr\u00e9taire\u00a0g\u00e9n\u00e9rale\u00a0de\u00a0l\u2019Ugict-CGT\u00a0Publi\u00e9\u00a0le 30\u00a0juillet\u00a02026\u00a0\u00a0 Lecture :&nbsp;3 min.&nbsp; Face aux\u00a0consequences\u00a0de la crise\u00a0climatique,\u00a0l\u2019Ugict-CGT,\u00a0l\u2019organisation\u00a0des cadres,\u00a0techniciens\u00a0et\u00a0ing\u00e9nieurs\u00a0de la centrale syndicale,\u00a0appelle\u00a0\u00e0\u00a0repenser\u00a0les modes de production et de\u00a0consommation, et \u00e0 transformer\u00a0d\u00e9mocratiquement\u00a0le travail.\u00a0 <a class=\"mh-excerpt-more\" href=\"https:\/\/cgt-bfc.fr\/index.php\/2026\/09\/02\/le-climat-change-il-est-temps-de-transformer-la-gouvernance-du-travail\/\" title=\"\u00ab Le\u00a0climat\u00a0change :\u00a0il est temps de transformer la\u00a0gouvernance\u00a0du travail \u00bb\u00a0\">[&#8230;]<\/a><\/p>\n<\/div>","protected":false},"author":1,"featured_media":18483,"comment_status":"open","ping_status":"open","sticky":false,"template":"","format":"standard","meta":{"_jetpack_newsletter_access":"","_jetpack_dont_email_post_to_subs":false,"_jetpack_newsletter_tier_id":0,"_jetpack_memberships_contains_paywalled_content":false,"_jetpack_feature_clip_id":0,"_jetpack_memberships_contains_paid_content":false,"footnotes":"","jetpack_post_was_ever_published":false},"categories":[1],"tags":[],"class_list":["post-18474","post","type-post","status-publish","format-standard","has-post-thumbnail","hentry","category-actu"],"jetpack_sharing_enabled":true,"jetpack_featured_media_url":"https:\/\/cgt-bfc.fr\/wp-content\/uploads\/2026\/09\/CHANGEMENT_AdobeStock_454062218.jpeg","_links":{"self":[{"href":"https:\/\/cgt-bfc.fr\/index.php\/wp-json\/wp\/v2\/posts\/18474","targetHints":{"allow":["GET"]}}],"collection":[{"href":"https:\/\/cgt-bfc.fr\/index.php\/wp-json\/wp\/v2\/posts"}],"about":[{"href":"https:\/\/cgt-bfc.fr\/index.php\/wp-json\/wp\/v2\/types\/post"}],"author":[{"embeddable":true,"href":"https:\/\/cgt-bfc.fr\/index.php\/wp-json\/wp\/v2\/users\/1"}],"replies":[{"embeddable":true,"href":"https:\/\/cgt-bfc.fr\/index.php\/wp-json\/wp\/v2\/comments?post=18474"}],"version-history":[{"count":6,"href":"https:\/\/cgt-bfc.fr\/index.php\/wp-json\/wp\/v2\/posts\/18474\/revisions"}],"predecessor-version":[{"id":18481,"href":"https:\/\/cgt-bfc.fr\/index.php\/wp-json\/wp\/v2\/posts\/18474\/revisions\/18481"}],"wp:featuredmedia":[{"embeddable":true,"href":"https:\/\/cgt-bfc.fr\/index.php\/wp-json\/wp\/v2\/media\/18483"}],"wp:attachment":[{"href":"https:\/\/cgt-bfc.fr\/index.php\/wp-json\/wp\/v2\/media?parent=18474"}],"wp:term":[{"taxonomy":"category","embeddable":true,"href":"https:\/\/cgt-bfc.fr\/index.php\/wp-json\/wp\/v2\/categories?post=18474"},{"taxonomy":"post_tag","embeddable":true,"href":"https:\/\/cgt-bfc.fr\/index.php\/wp-json\/wp\/v2\/tags?post=18474"}],"curies":[{"name":"wp","href":"https:\/\/api.w.org\/{rel}","templated":true}]}}