{"id":1926,"date":"2018-02-10T19:23:06","date_gmt":"2018-02-10T18:23:06","guid":{"rendered":"https:\/\/cgt-bfc.fr\/?p=1926"},"modified":"2018-11-07T07:16:17","modified_gmt":"2018-11-07T06:16:17","slug":"cap-2022-les-fossoyeurs-de-la-fp","status":"publish","type":"post","link":"https:\/\/cgt-bfc.fr\/index.php\/2018\/02\/10\/cap-2022-les-fossoyeurs-de-la-fp\/","title":{"rendered":"CAP 2022 les fossoyeurs de la FP"},"content":{"rendered":"<p style=\"text-align: left;\">Un programme d\u2019action enti\u00e8rement tourn\u00e9 contre les services publics et les fonctionnaires<br \/>\n\u00abACTION PUBLIQUE 2022\u00bb<br \/>\nLe Premier ministre a lanc\u00e9 le programme \u00abAction publique 2022\u00bble 13 octobre 2017. Encore une fois, c\u2019est au nom de formules aux aspects positifs : \u00abam\u00e9liorer la qualit\u00e9 des services publics\u00bb, \u00abd\u00e9velopper la relation de confiance entre les usagers et les administrations\u00bbque le gouvernement entend remettre en cause les fondations m\u00eames de toute l\u2019architecture r\u00e9publicaine et d\u00e9mocratique \u00e9difi\u00e9e depuis la R\u00e9volution fran\u00e7aise de 1789.<\/p>\n<p>Les diff\u00e9rentes r\u00e9formes statutaires engag\u00e9es depuis la fin des ann\u00e9es 80 ont tent\u00e9 de saper les fondements du statut en introduisant ces outils de flexibilit\u00e9 dans le syst\u00e8me de gestion de la carri\u00e8re des fonctionnaires. Cependant, aujourd\u2019hui, ils veulent aller encore plus loin\u00a0:<strong> c\u2019est l\u2019existence m\u00eame du Statut qui est menac\u00e9e, parce que le Statut est incompatible avec les plans de privatisation des services publics.<\/strong><\/p>\n<p>D\u2019ores et d\u00e9j\u00e0, de nouvelles menaces se profilent contre l\u2019existence des concours, des formations initiales\u2026<\/p>\n<p>Sans illusion, la CGT, par l\u2019interm\u00e9diaire de son secr\u00e9taire g\u00e9n\u00e9ral Philippe Martinez, a d\u00e9cid\u00e9 de rejeter cette op\u00e9ration en refusant d\u2019y participer.<\/p>\n<p>Les positions de la CGT ne sont pas \u00e0 prendre ou \u00e0 laisser. C\u2019est pourquoi \u00e0 travers ce 4 pages de la <a href=\"https:\/\/www.cgtservicespublics.fr\/\" target=\"_blank\" rel=\"noopener\">f\u00e9d\u00e9ration des services publics<\/a>, nous avons d\u00e9cid\u00e9 de vous pr\u00e9senter notre analyse de la contre-r\u00e9volution en cours contre les services publics et les Statuts.<\/p>\n<p><img loading=\"lazy\" decoding=\"async\" class=\"aligncenter wp-image-1938 size-large\" src=\"https:\/\/cgt-bfc.fr\/wp-content\/uploads\/2018\/02\/macronneuse-d-ela-fonction-1024x768.jpg\" alt=\"\" width=\"1024\" height=\"768\" srcset=\"https:\/\/cgt-bfc.fr\/wp-content\/uploads\/2018\/02\/macronneuse-d-ela-fonction.jpg 1024w, https:\/\/cgt-bfc.fr\/wp-content\/uploads\/2018\/02\/macronneuse-d-ela-fonction-678x509.jpg 678w, https:\/\/cgt-bfc.fr\/wp-content\/uploads\/2018\/02\/macronneuse-d-ela-fonction-326x245.jpg 326w, https:\/\/cgt-bfc.fr\/wp-content\/uploads\/2018\/02\/macronneuse-d-ela-fonction-80x60.jpg 80w\" sizes=\"auto, (max-width: 1024px) 100vw, 1024px\" \/><\/p>\n<h4><a href=\"http:\/\/cgt-bfc.fr\/\/wp-content\/media\/pdf\/federation\/tract-cap22-19012018-vf.pdf\">Lire le quatre pages :Ici<\/a><\/h4>\n<h4><img loading=\"lazy\" decoding=\"async\" class=\"aligncenter wp-image-1940 size-large\" src=\"https:\/\/cgt-bfc.fr\/wp-content\/uploads\/2018\/02\/barre_cap_2022-1024x302.png\" alt=\"\" width=\"1024\" height=\"302\" \/><\/h4>\n<p>&nbsp;<\/p>\n<p>&nbsp;<\/p>\n","protected":false},"excerpt":{"rendered":"<div class=\"mh-excerpt\"><p>Un programme d\u2019action enti\u00e8rement tourn\u00e9 contre les services publics et les fonctionnaires \u00abACTION PUBLIQUE 2022\u00bb Le Premier ministre a lanc\u00e9 le programme \u00abAction publique 2022\u00bble <a class=\"mh-excerpt-more\" href=\"https:\/\/cgt-bfc.fr\/index.php\/2018\/02\/10\/cap-2022-les-fossoyeurs-de-la-fp\/\" title=\"CAP 2022 les fossoyeurs de la FP\">[&#8230;]<\/a><\/p>\n<\/div>","protected":false},"author":1,"featured_media":1942,"comment_status":"open","ping_status":"open","sticky":false,"template":"","format":"standard","meta":{"_jetpack_memberships_contains_paid_content":false,"footnotes":""},"categories":[1,21,13,22],"tags":[],"class_list":["post-1926","post","type-post","status-publish","format-standard","has-post-thumbnail","hentry","category-actu","category-agent-du-siege","category-agents","category-agents-des-lycees"],"jetpack_featured_media_url":"https:\/\/cgt-bfc.fr\/wp-content\/uploads\/2018\/02\/qui_veut_la_fin.png","jetpack_sharing_enabled":true,"_links":{"self":[{"href":"https:\/\/cgt-bfc.fr\/index.php\/wp-json\/wp\/v2\/posts\/1926","targetHints":{"allow":["GET"]}}],"collection":[{"href":"https:\/\/cgt-bfc.fr\/index.php\/wp-json\/wp\/v2\/posts"}],"about":[{"href":"https:\/\/cgt-bfc.fr\/index.php\/wp-json\/wp\/v2\/types\/post"}],"author":[{"embeddable":true,"href":"https:\/\/cgt-bfc.fr\/index.php\/wp-json\/wp\/v2\/users\/1"}],"replies":[{"embeddable":true,"href":"https:\/\/cgt-bfc.fr\/index.php\/wp-json\/wp\/v2\/comments?post=1926"}],"version-history":[{"count":13,"href":"https:\/\/cgt-bfc.fr\/index.php\/wp-json\/wp\/v2\/posts\/1926\/revisions"}],"predecessor-version":[{"id":1946,"href":"https:\/\/cgt-bfc.fr\/index.php\/wp-json\/wp\/v2\/posts\/1926\/revisions\/1946"}],"wp:featuredmedia":[{"embeddable":true,"href":"https:\/\/cgt-bfc.fr\/index.php\/wp-json\/wp\/v2\/media\/1942"}],"wp:attachment":[{"href":"https:\/\/cgt-bfc.fr\/index.php\/wp-json\/wp\/v2\/media?parent=1926"}],"wp:term":[{"taxonomy":"category","embeddable":true,"href":"https:\/\/cgt-bfc.fr\/index.php\/wp-json\/wp\/v2\/categories?post=1926"},{"taxonomy":"post_tag","embeddable":true,"href":"https:\/\/cgt-bfc.fr\/index.php\/wp-json\/wp\/v2\/tags?post=1926"}],"curies":[{"name":"wp","href":"https:\/\/api.w.org\/{rel}","templated":true}]}}