{"id":1999,"date":"2018-03-22T08:58:40","date_gmt":"2018-03-22T07:58:40","guid":{"rendered":"https:\/\/cgt-bfc.fr\/?p=1999"},"modified":"2018-11-07T07:20:46","modified_gmt":"2018-11-07T06:20:46","slug":"ct-du-20-mars-2018","status":"publish","type":"post","link":"https:\/\/cgt-bfc.fr\/index.php\/2018\/03\/22\/ct-du-20-mars-2018\/","title":{"rendered":"CT du 20 mars 2018"},"content":{"rendered":"<ol>\n<li>La CGT n\u2019\u00e9tant pas en accord avec le PV du 16 novembre 2017, sur le comment sera planifi\u00e9 le nouveaux temps de travail pour les agents travaillant dans les lyc\u00e9es, nous avons demand\u00e9 la transmission de l\u2019enregistrement pour une v\u00e9rification.<img loading=\"lazy\" decoding=\"async\" class=\"alignleft wp-image-2014\" src=\"https:\/\/cgt-bfc.fr\/wp-content\/uploads\/2018\/03\/temps_de_travail.png\" alt=\"\" width=\"93\" height=\"61\" \/><\/li>\n<\/ol>\n<p><strong><u>\u00a0<\/u><\/strong><\/p>\n<ol start=\"2\">\n<li><strong><u>Ajustement emplois et effectifs,<\/u><\/strong> un vote pour la cr\u00e9ation de poste ,sauf pour le nouveau DGS, il nous semble en effet aberrant qu\u2019un tel niveau de primes<img loading=\"lazy\" decoding=\"async\" class=\"wp-image-2010 alignleft\" src=\"https:\/\/cgt-bfc.fr\/wp-content\/uploads\/2018\/03\/20.png\" alt=\"\" width=\"138\" height=\"100\" \/> soit attribu\u00e9, alors que nous nous sommes vu refus\u00e9 par Michel NEUGNOT l\u2019augmentation de 60 euros \/ agent C-B destin\u00e9 \u00e0 compenser la perte du pouvoir d\u2019achat .<\/li>\n<\/ol>\n<p>&nbsp;<\/p>\n<ol start=\"4\">\n<li>Concernant le Lyc\u00e9e L\u00e9on Blum , nous demandons une explication sur les 6 postes \u00e0 rendre , ce sont des agents partis \u00e0 la retraite dont les postes ont \u00e9t\u00e9 gel\u00e9s au fur et \u00e0 mesure des d\u00e9parts, qui sont red\u00e9ploy\u00e9 au CREPS , pour la suppression d\u2019un poste au lyc\u00e9e louis Davier, nous aurons une r\u00e9ponse plus tard\u2026<img loading=\"lazy\" decoding=\"async\" class=\"wp-image-2008 aligncenter\" src=\"https:\/\/cgt-bfc.fr\/wp-content\/uploads\/2018\/03\/pourquoi.png\" alt=\"\" width=\"176\" height=\"89\" \/><\/li>\n<li>Une simplification des crit\u00e8res d\u2019avancement de grade et de promotion interne, nous a \u00e9t\u00e9 pr\u00e9sent\u00e9e, qui ne nous donne pas enti\u00e8re satisfaction et que nous ne pouvions pas voter dans l\u2019\u00e9tat, une entente a \u00e9t\u00e9 trouv\u00e9e pour ne pas bloquer la CAP, cette mise en place de crit\u00e8res simplifi\u00e9s sera pour cette campagne 2018 et rediscut\u00e9 avec les O.S .<\/li>\n<\/ol>\n<p><img loading=\"lazy\" decoding=\"async\" class=\"aligncenter wp-image-2003 \" src=\"https:\/\/cgt-bfc.fr\/wp-content\/uploads\/2018\/03\/contre-1.png\" alt=\"\" width=\"131\" height=\"84\" \/><\/p>\n<ol start=\"5\">\n<li>La CGT a vot\u00e9 <strong>contre <\/strong>la proposition des \u00e9lu(e)s sur les fiches m\u00e9tiers lyc\u00e9es qui \u00e9taient du copier\/coller et qui allait vers une ultra-polyvalence des agents\u00a0! En bref la fin des m\u00e9tiers techniques pour les agents du si\u00e8ge, les fiches m\u00e9tiers n\u2019\u00e9tant pas encore \u00e9dit\u00e9es, les documents sur lesquels nous devions nous prononcer n\u2019\u00e9tant pas satisfaisant nous avons \u00e9galement vot\u00e9 \u00a0 La CGT\u00a0 a transmis imm\u00e9diatement \u00e0 l\u2019administration le document amend\u00e9 avec nos revendications, en effet en l\u2019\u00e9tat la CGT constate un blocage important dans l\u2019\u00e9volution de carri\u00e8re sur le poste occup\u00e9, ainsi que de mauvaises affectations de grade mini \/ maxi sur certains postes au vu du niveau de technicit\u00e9 requis.<\/li>\n<\/ol>\n<p><img loading=\"lazy\" decoding=\"async\" class=\"aligncenter wp-image-2019 \" src=\"https:\/\/cgt-bfc.fr\/wp-content\/uploads\/2018\/03\/pouce_a_lenvers.png\" alt=\"\" width=\"119\" height=\"179\" \/><\/p>\n<p>&nbsp;<\/p>\n","protected":false},"excerpt":{"rendered":"<div class=\"mh-excerpt\"><p>La CGT n\u2019\u00e9tant pas en accord avec le PV du 16 novembre 2017, sur le comment sera planifi\u00e9 le nouveaux temps de travail pour les <a class=\"mh-excerpt-more\" href=\"https:\/\/cgt-bfc.fr\/index.php\/2018\/03\/22\/ct-du-20-mars-2018\/\" title=\"CT du 20 mars 2018\">[&#8230;]<\/a><\/p>\n<\/div>","protected":false},"author":1,"featured_media":2018,"comment_status":"open","ping_status":"open","sticky":false,"template":"","format":"standard","meta":{"_jetpack_memberships_contains_paid_content":false,"footnotes":""},"categories":[21,13,22,23],"tags":[],"class_list":["post-1999","post","type-post","status-publish","format-standard","has-post-thumbnail","hentry","category-agent-du-siege","category-agents","category-agents-des-lycees","category-comite-technique-paritaire"],"jetpack_featured_media_url":"https:\/\/cgt-bfc.fr\/wp-content\/uploads\/2018\/03\/ct_du20.png","jetpack_sharing_enabled":true,"_links":{"self":[{"href":"https:\/\/cgt-bfc.fr\/index.php\/wp-json\/wp\/v2\/posts\/1999","targetHints":{"allow":["GET"]}}],"collection":[{"href":"https:\/\/cgt-bfc.fr\/index.php\/wp-json\/wp\/v2\/posts"}],"about":[{"href":"https:\/\/cgt-bfc.fr\/index.php\/wp-json\/wp\/v2\/types\/post"}],"author":[{"embeddable":true,"href":"https:\/\/cgt-bfc.fr\/index.php\/wp-json\/wp\/v2\/users\/1"}],"replies":[{"embeddable":true,"href":"https:\/\/cgt-bfc.fr\/index.php\/wp-json\/wp\/v2\/comments?post=1999"}],"version-history":[{"count":12,"href":"https:\/\/cgt-bfc.fr\/index.php\/wp-json\/wp\/v2\/posts\/1999\/revisions"}],"predecessor-version":[{"id":2020,"href":"https:\/\/cgt-bfc.fr\/index.php\/wp-json\/wp\/v2\/posts\/1999\/revisions\/2020"}],"wp:featuredmedia":[{"embeddable":true,"href":"https:\/\/cgt-bfc.fr\/index.php\/wp-json\/wp\/v2\/media\/2018"}],"wp:attachment":[{"href":"https:\/\/cgt-bfc.fr\/index.php\/wp-json\/wp\/v2\/media?parent=1999"}],"wp:term":[{"taxonomy":"category","embeddable":true,"href":"https:\/\/cgt-bfc.fr\/index.php\/wp-json\/wp\/v2\/categories?post=1999"},{"taxonomy":"post_tag","embeddable":true,"href":"https:\/\/cgt-bfc.fr\/index.php\/wp-json\/wp\/v2\/tags?post=1999"}],"curies":[{"name":"wp","href":"https:\/\/api.w.org\/{rel}","templated":true}]}}