{"id":2022,"date":"2018-04-05T11:38:19","date_gmt":"2018-04-05T10:38:19","guid":{"rendered":"https:\/\/cgt-bfc.fr\/?p=2022"},"modified":"2018-11-07T07:20:34","modified_gmt":"2018-11-07T06:20:34","slug":"le-19-avril-mobilisation","status":"publish","type":"post","link":"https:\/\/cgt-bfc.fr\/index.php\/2018\/04\/05\/le-19-avril-mobilisation\/","title":{"rendered":"Le 19 Avril Mobilisation"},"content":{"rendered":"<h3 style=\"text-align: center;\"><strong><u>LA MOBILISATION DOIT CONTINUER ET S\u2019AMPLIFIER<\/u><\/strong><\/h3>\n<h3 style=\"text-align: center;\"><strong><u>TOUS DANS LA RUE LE 19 AVRIL<\/u><\/strong><\/h3>\n<p>&nbsp;<\/p>\n<p><strong><u>La situation est grave mais pas d\u00e9sesp\u00e9r\u00e9e\u00a0:<\/u><\/strong><\/p>\n<p>C\u2019est bien le rapport de force qui fera plier le gouvernement. Pour preuve lors de la derni\u00e8re gr\u00e8ve du 22 mars nous avons impos\u00e9 \u00e0 Macron et sa bande un recul important, lors de la r\u00e9union entre les OS de la Fonction publique et le duo Darmanin\/Dussopt, Ce dernier a annonc\u00e9 que le gouvernement renonce \u00e0 la suppression de la valeur unique du point d\u2019indice, projet port\u00e9 personnellement par Macron pendant sa campagne pr\u00e9sidentielle et apr\u00e8s son \u00e9lection.<\/p>\n<p>Cela ne r\u00e8gle pas tout \u00e9videmment, loin de l\u00e0, mais il nous faut bien mesurer la port\u00e9e de ce recul. La CGT a \u00e9t\u00e9 en pointe sur ce sujet et a combattu ce projet avec constance ces derniers mois. C\u2019est bien Macron qui portait cette affaire, alors que les ministres eux-m\u00eames ont toujours \u00e9t\u00e9 tr\u00e8s prudents sur ce point. Sur cette question, c\u2019est bien Macron que nous avons fait reculer.<\/p>\n<p>Il n\u2019y a aucun hasard au fait que cette annonce survienne une semaine apr\u00e8s le succ\u00e8s du 22 mars. Dans le cadre des interventions que nous serons amen\u00e9s \u00e0 faire ces prochaines semaines (m\u00e9dias, AG, r\u00e9unions internes CGT,\u2026), nous avons donc tout int\u00e9r\u00eat \u00e0 souligner cet aspect, qui d\u00e9montre que la lutte paye et de nature \u00e0 conforter la confiance et la d\u00e9termination qui grandissent dans le monde du travail. Je vous invite \u00e0 prendre connaissance du communiqu\u00e9\u00a0 <a href=\"https:\/\/www.cgtservicespublics.fr\/spip.php?article13868\">ici<\/a><\/p>\n<p><strong><u>La mobilisation doit s\u2019amplifier dans les luttes \u00e0 venir\u00a0:<\/u><\/strong><\/p>\n<p>Comme celles d\u00e9j\u00e0 annoncer pour le 19 avril, ou il nous faudra \u00eatre nombreux dans la rue, pour montrer notre d\u00e9termination \u00e0 nous opposer \u00e0 la destruction du service public. Nous ne pouvons pas laisser dire que les fonctionnaires sont la cause de tous les maux, non, nous ne sommes pas des priviligi\u00e9s ni des fain\u00e9ants relay\u00e9e par une presse d\u00e9vou\u00e9e corps et \u00e2mes au pouvoir avec des privil\u00e8ges bien sup\u00e9rieur aux\u00a0 n\u00f4tres (abattement fiscal suppl\u00e9mentaire de 30%)<\/p>\n<p><strong><u>DARMANIN m\u00e9prise les Fonctionnaires<\/u><\/strong><u>\u00a0:<\/u><\/p>\n<p>Nous vous rappelons les propos tenus par \u00ab\u00a0Darmanin\u00a0\u00bb, ont \u00e9coutent\u00a0 les gr\u00e9vistes, mais \u00e9galement ceux qui ne font pas gr\u00e8ve qui sont plus nombreux, cela signifie pour Darmanin qu\u2019une grande majorit\u00e9 soutient la politique de destruction des services publics, men\u00e9 par le gouvernement et souhaite un recul sans pr\u00e9c\u00e9dent des droits du salari\u00e9.<\/p>\n<p><img loading=\"lazy\" decoding=\"async\" class=\"aligncenter wp-image-2032 \" src=\"https:\/\/cgt-bfc.fr\/wp-content\/uploads\/2018\/04\/defouloir_dar-1024x586.png\" alt=\"\" width=\"549\" height=\"297\" \/><\/p>\n<p><strong><u>TOUS EN GREVE\u00a0:<\/u><\/strong><\/p>\n<p>La CGT, est consciente des difficult\u00e9s financi\u00e8res que vous rencontrez pour vous mobiliser par la gr\u00e8ve, malgr\u00e9 la perte de salaire il est important de se mobiliser maintenant pour maintenir le service public et vos droits en tant qu\u2019agents et usagers. C\u2019est bien la rue, donc le peuple qui doit d\u00e9cider et non le gouvernement .Il faut participer massivement \u00e0 la manifestation du 19 avril qui montrera notre position pour\u00a0 \u00e9tablir un rapport de force.<\/p>\n<p><strong><u>ATTAQUE DU GOUVERNEMENT <\/u><\/strong><\/p>\n<p>Aujourd\u2019hui la SNCF, demain nous les agents de la collectivit\u00e9 puisque le CAP 2022 annonce d\u00e9j\u00e0 la couleur avec des suppressions massives de postes, le transfert de missions au priv\u00e9\u00a0 par\u00a0 la privatisation, et pour finir embauches massives par contrats pr\u00e9caires, <strong>la fin programm\u00e9e du service public et de votre statut.<\/strong><\/p>\n<p><strong>\u00a0<\/strong><\/p>\n<p style=\"text-align: center;\"><strong>NOTRE NOMBRE EST NOTRE FORCE<\/strong><\/p>\n<p style=\"text-align: center;\">Ne pas oublier que nous sommes tous le privil\u00e9gier d\u2019un autre.<\/p>\n<p><img loading=\"lazy\" decoding=\"async\" class=\"aligncenter wp-image-2030 size-full\" src=\"https:\/\/cgt-bfc.fr\/wp-content\/uploads\/2018\/04\/tous_en_19.png\" alt=\"\" width=\"730\" height=\"156\" \/><\/p>\n","protected":false},"excerpt":{"rendered":"<div class=\"mh-excerpt\"><p>LA MOBILISATION DOIT CONTINUER ET S\u2019AMPLIFIER TOUS DANS LA RUE LE 19 AVRIL &nbsp; La situation est grave mais pas d\u00e9sesp\u00e9r\u00e9e\u00a0: C\u2019est bien le rapport <a class=\"mh-excerpt-more\" href=\"https:\/\/cgt-bfc.fr\/index.php\/2018\/04\/05\/le-19-avril-mobilisation\/\" title=\"Le 19 Avril Mobilisation\">[&#8230;]<\/a><\/p>\n<\/div>","protected":false},"author":1,"featured_media":2027,"comment_status":"open","ping_status":"open","sticky":false,"template":"","format":"standard","meta":{"_jetpack_memberships_contains_paid_content":false,"footnotes":""},"categories":[1],"tags":[],"class_list":["post-2022","post","type-post","status-publish","format-standard","has-post-thumbnail","hentry","category-actu"],"jetpack_featured_media_url":"https:\/\/cgt-bfc.fr\/wp-content\/uploads\/2018\/04\/TOUS.png","jetpack_sharing_enabled":true,"_links":{"self":[{"href":"https:\/\/cgt-bfc.fr\/index.php\/wp-json\/wp\/v2\/posts\/2022","targetHints":{"allow":["GET"]}}],"collection":[{"href":"https:\/\/cgt-bfc.fr\/index.php\/wp-json\/wp\/v2\/posts"}],"about":[{"href":"https:\/\/cgt-bfc.fr\/index.php\/wp-json\/wp\/v2\/types\/post"}],"author":[{"embeddable":true,"href":"https:\/\/cgt-bfc.fr\/index.php\/wp-json\/wp\/v2\/users\/1"}],"replies":[{"embeddable":true,"href":"https:\/\/cgt-bfc.fr\/index.php\/wp-json\/wp\/v2\/comments?post=2022"}],"version-history":[{"count":7,"href":"https:\/\/cgt-bfc.fr\/index.php\/wp-json\/wp\/v2\/posts\/2022\/revisions"}],"predecessor-version":[{"id":2033,"href":"https:\/\/cgt-bfc.fr\/index.php\/wp-json\/wp\/v2\/posts\/2022\/revisions\/2033"}],"wp:featuredmedia":[{"embeddable":true,"href":"https:\/\/cgt-bfc.fr\/index.php\/wp-json\/wp\/v2\/media\/2027"}],"wp:attachment":[{"href":"https:\/\/cgt-bfc.fr\/index.php\/wp-json\/wp\/v2\/media?parent=2022"}],"wp:term":[{"taxonomy":"category","embeddable":true,"href":"https:\/\/cgt-bfc.fr\/index.php\/wp-json\/wp\/v2\/categories?post=2022"},{"taxonomy":"post_tag","embeddable":true,"href":"https:\/\/cgt-bfc.fr\/index.php\/wp-json\/wp\/v2\/tags?post=2022"}],"curies":[{"name":"wp","href":"https:\/\/api.w.org\/{rel}","templated":true}]}}