{"id":2055,"date":"2018-04-30T09:13:12","date_gmt":"2018-04-30T08:13:12","guid":{"rendered":"https:\/\/cgt-bfc.fr\/?p=2055"},"modified":"2018-11-07T07:20:15","modified_gmt":"2018-11-07T06:20:15","slug":"gdc-be-back","status":"publish","type":"post","link":"https:\/\/cgt-bfc.fr\/index.php\/2018\/04\/30\/gdc-be-back\/","title":{"rendered":"GDC be back !"},"content":{"rendered":"<p>Le nouveau DGS (Gilles Da Costa),\u00a0 a re\u00e7u toutes les organisations syndicales\u00a0 le mercredi 25 avril de 11h \u00e0 13h, apr\u00e8s les pr\u00e9sentations d\u2019usage, Mr. Da Costa en pr\u00e9ambule \u00e0 ses avis sur les diff\u00e9rentes probl\u00e9matiques avanc\u00e9es, pr\u00e9cisa le r\u00f4le du DGS de la nouvelle collectivit\u00e9 Bourgogne Franche Comt\u00e9 et sa nouvelle identit\u00e9 \u00e0 construire par l&rsquo;ensemble des agents&#8230;Le r\u00f4le de Mr. Da Costa ne sera pas celui d&rsquo;appliquer \u00e0 l&rsquo;ensemble de la collectivit\u00e9 une m\u00e9thode purement \u00ab\u00a0Franc-Comtoise\u00a0\u00bb.\u00a0 Il est \u00e9galement persuad\u00e9 que compte tenu des comp\u00e9tences pr\u00e9sentes au sein de l&rsquo;administration actuelle celle-ci conduira au mieux les politiques publiques appliqu\u00e9es aux territoires. Que les agents sont entrains de forg\u00e9 la nouvelle collectivit\u00e9, ceux-ci\u00a0 portent une fiert\u00e9 d\u2019\u00eatre pionn\u00e9s ce qui est positif. Le DGS donne la parole aux organisations syndicales par ordre alphab\u00e9tique.<\/p>\n<p>&nbsp;<\/p>\n<p>La CFDT qui a la parole en premier a fait les remarques qui ont \u00e9t\u00e9 discut\u00e9s en intersyndicale juste avant la r\u00e9union\u00a0 ou nous \u00e9tions tous pratiquement sur les m\u00eames revendications, puis sur ces propres revendications.<\/p>\n<p>&nbsp;<\/p>\n<p><strong><u>La CGT est intervenue sur les sujets suivants :<img loading=\"lazy\" decoding=\"async\" class=\"alignleft wp-image-2061 \" src=\"https:\/\/cgt-bfc.fr\/wp-content\/uploads\/2018\/04\/revndications_reduit.png\" alt=\"\" width=\"347\" height=\"103\" \/><\/u><\/strong><\/p>\n<ul>\n<li>Explication sur l\u2019article paru dans la Presse<\/li>\n<li>la double autorit\u00e9 dans les lyc\u00e9es<\/li>\n<li>date de pr\u00e9sentation du nouveau logiciel du temps de travail lyc\u00e9e<\/li>\n<li>CAP de Juin<\/li>\n<li>Le fonctionnement de la collectivit\u00e9 et des diff\u00e9rentes instances<\/li>\n<li>Application de la directive gouvernementale<\/li>\n<li>De la surcharge de travail dans les services du si\u00e8ge pour les deux sites<\/li>\n<\/ul>\n<p>&nbsp;<\/p>\n<p>Les agents des Lyc\u00e9es soumis \u00e0 une double hi\u00e9rarchie malveillante dans bien des cas. La souffrance au travail de nombreux agents \u00e9tant li\u00e9s encore aujourd&rsquo;hui\u00a0 \u00e0 la r\u00e9organisation des services voulue par la Pr\u00e9sidente suite \u00e0 la fusion des r\u00e9gions Bourgogne et Franche-Comt\u00e9 cumul\u00e9e \u00e0 l&rsquo;aust\u00e9rit\u00e9 du\u00a0 budget des R.H impos\u00e9e par la Pr\u00e9sidente et le 1er Vice-pr\u00e9sident au R.H; avant m\u00eame les directives de restriction budg\u00e9taire d&rsquo;essence ultra-lib\u00e9rale impos\u00e9es aux collectivit\u00e9s territoriales par E.Macron. Monsieur Da Costa\u00a0 souhaite r\u00e9ussir en coh\u00e9rence avec les \u00e9quipes administratives directement impact\u00e9es.<\/p>\n<p>&nbsp;<\/p>\n<p>&nbsp;<\/p>\n<p>Dans le cadre des relations parfois intrusives entre les \u00e9lus politiques et les services administratifs Mr. Le DGS nous assure que son objectif restera le bon fonctionnement de l&rsquo;administration avec la protection n\u00e9cessaire des agents dans l&rsquo;accomplissement de leur mission. Celui-ci apr\u00e8s avoir visit\u00e9 les diff\u00e9rents sites administratifs se rendra \u00e9galement sur deux Lyc\u00e9es de la R\u00e9gion&#8230;<\/p>\n<p>L&rsquo;organisation en place ne sera pas bouscul\u00e9e, un important travail ayant d\u00e9j\u00e0 \u00e9t\u00e9 effectu\u00e9 depuis la fusion, peut-\u00eatre quelques ajustements seront faits si besoin, mais aucune r\u00e9organisation structurelle ne saurait \u00eatre \u00e0 nouveau engag\u00e9e. L&rsquo;\u00e9quipe pr\u00e9c\u00e9dente ayant d\u00e9j\u00e0 mis en place les m\u00e9thodes n\u00e9cessaires li\u00e9es \u00e0 la transversalit\u00e9 entre l&rsquo;administration g\u00e9n\u00e9rale et le projet Politique.<\/p>\n<p>Mr. Le DGS a \u00e9galement demand\u00e9 aux directeurs de lister les difficult\u00e9s identifi\u00e9es au sein de leur direction.<\/p>\n<p>&nbsp;<\/p>\n<p><strong><u>Contrat Social Global<\/u><\/strong> : Mme la Pr\u00e9sidente s&rsquo;\u00e9tait engag\u00e9e \u00e0 un retour d&rsquo;exp\u00e9rience avant fin juin, cela sera donc fait en collaboration avec le DGS.<\/p>\n<p>Concernant le fonctionnement des instances paritaires et le comit\u00e9 de dialogue social, Mr. Le DGS rappelle qu&rsquo;il s&rsquo;inscrit dans le respect de la l\u00e9galit\u00e9, des cadres d&rsquo;exercice du dialogue et du temps imparti aux bons d\u00e9roulements des \u00e9changes.<\/p>\n<p>&nbsp;<\/p>\n<p><strong><u>\u00a0\u00a0\u00a0\u00a0 Question budget :<\/u><\/strong> Mr. Da Costa nous dit que nous devons faire avec des contraintes financi\u00e8res s\u00e9v\u00e8res li\u00e9es au Pacte Financier Etat \/ R\u00e9gion command\u00e9 par E.Macron et que la R\u00e9gion doit respecter un cadre rigide li\u00e9 aux d\u00e9penses de fonctionnement qui pour les principales concernent la masse salariale (180 Millions d&rsquo;Euros) et le budget des transports : Ferroviaire cumul\u00e9 avec les transports scolaires (400 Millions d&rsquo;Euros) ce qui ne laisse pr\u00e9sager aucune marge de man\u0153uvre pour am\u00e9liorer le r\u00e9gime indemnitaire des agents et va impacter les possibilit\u00e9s d&rsquo;\u00e9volution de carri\u00e8re pour une majorit\u00e9 d&rsquo;agents&#8230;<\/p>\n<p>&nbsp;<\/p>\n<p><strong><u>Risques Psychosociaux<\/u><\/strong>: Mr. Da Costa se d\u00e9clare favorable \u00e0 l&rsquo;ouverture d&rsquo;un dossier RPS par un cabinet ext\u00e9rieur. Et que la priorit\u00e9 est de trouver des solutions pour ceux et celles qui sont dans la souffrance au travail.<\/p>\n<p>&nbsp;<\/p>\n<p><strong><u>Lyc\u00e9es et double autorit\u00e9 fonctionnelle et hi\u00e9rarchique<\/u><\/strong> : Mr. Le DGS nous d\u00e9clare que nous ne sommes pas chez nous dans les Lyc\u00e9es&#8230;Que les chefs d&rsquo;\u00e9tablissement et les gestionnaires ont la charge d&rsquo;organiser le travail des agents du Conseil R\u00e9gional et de les \u00e9valuer annuellement, pr\u00e9cise \u00e9galement qu\u2019une convention de partage avec les lyc\u00e9es devra \u00eatre mise en place , convention tripartie (loi Peillon).<\/p>\n<p>Mr. Da Costa a \u00e9voqu\u00e9 le sujet avec le recteur d&rsquo;acad\u00e9mie de Besan\u00e7on et de Dijon, le probl\u00e8me pour lui est l&rsquo;ad\u00e9quation entre la volont\u00e9 du cot\u00e9 Education Nationale et autorit\u00e9 R\u00e9gionale sur les m\u00e9thodes (&#8230;)<\/p>\n<p>&nbsp;<\/p>\n<p><img loading=\"lazy\" decoding=\"async\" class=\"aligncenter wp-image-2058 \" src=\"https:\/\/cgt-bfc.fr\/wp-content\/uploads\/2018\/04\/entrez_dans_la_danse.png\" alt=\"\" width=\"640\" height=\"514\" \/><\/p>\n","protected":false},"excerpt":{"rendered":"<div class=\"mh-excerpt\"><p>Le nouveau DGS (Gilles Da Costa),\u00a0 a re\u00e7u toutes les organisations syndicales\u00a0 le mercredi 25 avril de 11h \u00e0 13h, apr\u00e8s les pr\u00e9sentations d\u2019usage, Mr. <a class=\"mh-excerpt-more\" href=\"https:\/\/cgt-bfc.fr\/index.php\/2018\/04\/30\/gdc-be-back\/\" title=\"GDC be back !\">[&#8230;]<\/a><\/p>\n<\/div>","protected":false},"author":1,"featured_media":2057,"comment_status":"open","ping_status":"open","sticky":false,"template":"","format":"standard","meta":{"_jetpack_memberships_contains_paid_content":false,"footnotes":""},"categories":[1,21,13,22],"tags":[],"class_list":["post-2055","post","type-post","status-publish","format-standard","has-post-thumbnail","hentry","category-actu","category-agent-du-siege","category-agents","category-agents-des-lycees"],"jetpack_featured_media_url":"https:\/\/cgt-bfc.fr\/wp-content\/uploads\/2018\/04\/beback.png","jetpack_sharing_enabled":true,"_links":{"self":[{"href":"https:\/\/cgt-bfc.fr\/index.php\/wp-json\/wp\/v2\/posts\/2055","targetHints":{"allow":["GET"]}}],"collection":[{"href":"https:\/\/cgt-bfc.fr\/index.php\/wp-json\/wp\/v2\/posts"}],"about":[{"href":"https:\/\/cgt-bfc.fr\/index.php\/wp-json\/wp\/v2\/types\/post"}],"author":[{"embeddable":true,"href":"https:\/\/cgt-bfc.fr\/index.php\/wp-json\/wp\/v2\/users\/1"}],"replies":[{"embeddable":true,"href":"https:\/\/cgt-bfc.fr\/index.php\/wp-json\/wp\/v2\/comments?post=2055"}],"version-history":[{"count":4,"href":"https:\/\/cgt-bfc.fr\/index.php\/wp-json\/wp\/v2\/posts\/2055\/revisions"}],"predecessor-version":[{"id":2062,"href":"https:\/\/cgt-bfc.fr\/index.php\/wp-json\/wp\/v2\/posts\/2055\/revisions\/2062"}],"wp:featuredmedia":[{"embeddable":true,"href":"https:\/\/cgt-bfc.fr\/index.php\/wp-json\/wp\/v2\/media\/2057"}],"wp:attachment":[{"href":"https:\/\/cgt-bfc.fr\/index.php\/wp-json\/wp\/v2\/media?parent=2055"}],"wp:term":[{"taxonomy":"category","embeddable":true,"href":"https:\/\/cgt-bfc.fr\/index.php\/wp-json\/wp\/v2\/categories?post=2055"},{"taxonomy":"post_tag","embeddable":true,"href":"https:\/\/cgt-bfc.fr\/index.php\/wp-json\/wp\/v2\/tags?post=2055"}],"curies":[{"name":"wp","href":"https:\/\/api.w.org\/{rel}","templated":true}]}}