{"id":2224,"date":"2018-05-23T18:53:21","date_gmt":"2018-05-23T17:53:21","guid":{"rendered":"https:\/\/cgt-bfc.fr\/?p=2224"},"modified":"2018-11-07T07:19:27","modified_gmt":"2018-11-07T06:19:27","slug":"le-secretaire-detat-a-la-fonction-publique","status":"publish","type":"post","link":"https:\/\/cgt-bfc.fr\/index.php\/2018\/05\/23\/le-secretaire-detat-a-la-fonction-publique\/","title":{"rendered":"Le secr\u00e9taire d\u2019\u00c9tat \u00e0 la Fonction  Publique ,le 21 MAI"},"content":{"rendered":"<p>Le secr\u00e9taire d&rsquo;Etat en charge de la fonction publique, Olivier Dussopt, a assur\u00e9 lundi 21 mai dans <a href=\"http:\/\/www.liberation.fr\/france\/2018\/05\/20\/olivier-dussopt-nous-ne-toucherons-pas-au-statut-des-fonctionnaires_1651504\" target=\"_blank\" rel=\"noopener\">Lib\u00e9ration<\/a> que le gouvernement ne remettra pas en cause le statut des fonctionnaires.<\/p>\n<p>\u00ab\u00a0Il y aura des <strong>ajustements<\/strong>, <strong>une modernisation mais pas de remise en cause<\/strong>\u00ab\u00a0, explique Olivier Dussopt dans cette interview parue \u00e0 la veille de la journ\u00e9e de gr\u00e8ve et de manifestations sur les salaires, les effectifs et les r\u00e9formes en cours.<\/p>\n<p>Les organisations syndicales d\u00e9noncent les orientations du gouvernement, qui constituent selon elles une \u00ab\u00a0attaque\u00a0\u00bb du statut de fonctionnaire : <strong>simplification du dialogue social, extension du recours aux contractuels, part accrue de r\u00e9mun\u00e9ration au m\u00e9rite et accompagnement des mobilit\u00e9s de carri\u00e8re, y compris vers le secteur priv\u00e9.<\/strong> Ces orientations doivent d\u00e9boucher sur un projet de loi au 1er semestre 2019. D&rsquo;ici l\u00e0 interviendra le futur rapport d&rsquo;experts d&rsquo;Action publique 2022 (CAP 22).<\/p>\n<p>Concernant CAP 22, Olivier Dussopt s&rsquo;attend \u00e0 \u00ab\u00a0un certain nombre de propositions, plus ou moins disruptives\u00a0\u00bb mais\u00a0\u00bbce rapport n&rsquo;engage pas le gouvernement et une phase de concertation avec les diff\u00e9rentes parties prenantes s&rsquo;ouvrira \u00e0 la remise de celui-ci\u00a0\u00bb.<\/p>\n<p>Sur le pouvoir d&rsquo;achat des fonctionnaires, Olivier Dussopt s&rsquo;est dit par ailleurs pr\u00eat \u00ab\u00a0\u00e0 travailler \u00e0 des hausses cat\u00e9gorielles cibl\u00e9es avec un vrai impact pour mieux accompagner, valoriser un certain nombre de m\u00e9tiers\u00a0\u00bb.<\/p>\n<p>&nbsp;<\/p>\n<p><strong>Mais quand ferez-vous les premi\u00e8res annonces sur la r\u00e9forme de l\u2019Etat?<\/strong><\/p>\n<p>Dans les semaines qui viennent, le comit\u00e9 d\u2019experts Action publique 2022 (CAP22) rendra son rapport au Premier ministre.<\/p>\n<p><strong>La remise de ce rapport tarde\u2026 Pour ne pas mettre d\u2019huile sur le feu social ? On sait que des propositions \u00abchocs\u00bb pourraient \u00eatre formul\u00e9es\u2026<\/strong><\/p>\n<p><em>Nous voulons un rapport qui soit solide et le plus possible document\u00e9. Un certain nombre de propositions, plus ou moins disruptives, seront fa\u00eetes par ce comit\u00e9 d\u2019experts.<\/em><\/p>\n<p>source: <a href=\"https:\/\/www.olivierdussopt.fr\/2018\/05\/22\/entretien-liberation-ne-toucherons-statut-fonctionnaires\/\" target=\"_blank\" rel=\"noopener\">Olivier Dussopt\u00a0<\/a><\/p>\n<p><strong>Disruptif, disruptif&#8230; mais de quoi parle-t-on exactement ?<\/strong><img loading=\"lazy\" decoding=\"async\" class=\"alignleft wp-image-2243 \" src=\"https:\/\/cgt-bfc.fr\/wp-content\/uploads\/2018\/05\/disrupter-ne-disrupter-telle-question.png\" alt=\"\" width=\"255\" height=\"149\" \/><\/p>\n<p>Disruptif&#8230; ! En voil\u00e0 un mot qui revient souvent en ce moment ! Mais quel est donc ce nouveau buzz dans le webmarketing qui dit qu&rsquo;il faut absolument \u00eatre disruptif ? Innovation disruptive, technologie disruptive, startup qui disrupte&#8230; On n&rsquo;entend plus que \u00e7a ! Et si vous n&rsquo;\u00eates pas disruptif, c&rsquo;en est fini de vous !<\/p>\n<p>Mais que se cache-t-il exactement derri\u00e8re ce terme tellement en vogue ? Mise en opposition avec l&rsquo;innovation dite \u00ab classique \u00bb,<strong>\u00a0l&rsquo;innovation disruptive rompt totalement avec les anciens sch\u00e9mas et arrive l\u00e0 o\u00f9 personne ne l&rsquo;attend<\/strong>, tout en cr\u00e9ant un ph\u00e9nom\u00e8ne de masse.<\/p>\n<p>Par exemple, en termes d&rsquo;innovation disruptive, Steve Jobs a invent\u00e9 l&rsquo;iPad. Personne ne demandait d&rsquo;iPad mais lorsqu&rsquo;il a \u00e9t\u00e9 propos\u00e9, tout le monde se l&rsquo;est arrach\u00e9&#8230; Il avait cr\u00e9\u00e9 le besoin avec des ann\u00e9es d&rsquo;avance sur ses concurrents. Et pendant que ses concurrents commen\u00e7aient \u00e0 cr\u00e9er des imitations de l&rsquo;iPad, il \u00e9tait d\u00e9j\u00e0 pass\u00e9 \u00e0 autre chose. Il pensait \u00e0 une autre nouveaut\u00e9 disruptive<\/p>\n<p><img loading=\"lazy\" decoding=\"async\" class=\"aligncenter wp-image-2240 \" src=\"https:\/\/cgt-bfc.fr\/wp-content\/uploads\/2018\/05\/difference-1024x651.png\" alt=\"\" width=\"535\" height=\"382\" \/><\/p>\n<p>Pour approfondir:\u00a0<a href=\"http:\/\/www.modernisation.gouv.fr\/laction-publique-se-transforme\/avec-les-administrations-et-les-operateurs-publics\/le-petit-dico-daction-publique-2022\" target=\"_blank\" rel=\"noopener\">LE\u00a0PORTAIL\u00a0DE LA\u00a0MODERNISATION\u00a0DE\u00a0L&rsquo;ACTION PUBLIQUE\u00a0<\/a><\/p>\n<p>&nbsp;<\/p>\n<p><iframe loading=\"lazy\" src=\"\/\/www.dailymotion.com\/embed\/video\/x6k3a9i?autoPlay=1\" width=\"480\" height=\"270\" frameborder=\"0\" allowfullscreen=\"allowfullscreen\"><\/iframe><\/p>\n<p>r\u00e9ponse d&rsquo;Olivier DUSSOPT, secr\u00e9taire d&rsquo;Etat, \u00e0 une question sur la r\u00e9forme de la Fonction Publique, \u00e0 l&rsquo;Assembl\u00e9e le 22 mai 2018.<\/p>\n<p><a href=\"http:\/\/circulaires.legifrance.gouv.fr\/pdf\/2017\/09\/cir_42609.pdf\" target=\"_blank\" rel=\"noopener\">\u00c9douard Philippe<\/a> a nomm\u00e9 des \u00ab\u2009experts\u2009\u00bbau profil homog\u00e8ne:<img loading=\"lazy\" decoding=\"async\" class=\"wp-image-2235 alignright\" src=\"https:\/\/cgt-bfc.fr\/wp-content\/uploads\/2018\/05\/Expert-1024x932.png\" alt=\"\" width=\"170\" height=\"151\" \/><\/p>\n<p><strong>17 des 34 \u2009membres ont us\u00e9 les bancs de l\u2019\u00c9cole nationale d\u2019administration<\/strong>. On y d\u00e9nombre moult <strong>hauts fonctionnaires pass\u00e9s au priv\u00e9,<\/strong> des cr\u00e9ateurs d\u2019entreprises num\u00e9riques, des <strong>dirigeants de fonds d\u2019investissement<\/strong> qui pourraient <strong>\u00eatre int\u00e9ress\u00e9s par la privatisation de march\u00e9s publics<\/strong>, des anciens de la<strong> commission Attali<\/strong>. Celle-ci, en son temps, proposait d\u00e9j\u00e0 d\u2019abandonner des missions pour les donner au priv\u00e9, de diminuer la d\u00e9pense publique, de supprimer 120\u2009000 postes de fonctionnaires\u2026 Autant de points que l\u2019on retrouve dans la feuille de route actuelle de l\u2019action publique 2022. M\u00eame Philippe Laurent, maire (UDI) de Sceaux et membre du CAP 22, remarque que \u00ab\u2009beaucoup de membres de CAP 22 <strong>sont de formation \u00e9conomique ou issus du monde financier, ce qui replace chaque discussion sous l\u2019angle financier\u2009\u00bb<\/strong>. <span style=\"color: #ff0000;\">Et, comme le rel\u00e8vent<\/span><strong><span style=\"color: #ff0000;\"> 7 associations de cadres territoriaux, aucun fonctionnaire territorial n\u2019y si\u00e8ge.<\/span><\/strong><\/p>\n<p>&nbsp;<\/p>\n<p>Quelques questions se posent !<\/p>\n<p>Le forum num\u00e9rique a \u00e9t\u00e9 consult\u00e9 par moins de 40\u00a0000 personnes, et a recueilli seulement 3\u00a0200 contributions (sur 5,5 millions de fonctionnaires\u00a0!).<\/p>\n<p>Le mod\u00e8le est d\u2019inspiration anglo-saxonne : un brainstorming qui autorise toutes les folies, pas un comit\u00e9 d\u2019experts.<\/p>\n<p>source:<a href=\"http:\/\/www.lagazettedescommunes.com\/dossiers\/reforme-de-la-fonction-publique-quels-agents-pour-quels-services-publics\/\" target=\"_blank\" rel=\"noopener\">lagazette.fr<\/a><\/p>\n<p>&nbsp;<\/p>\n","protected":false},"excerpt":{"rendered":"<div class=\"mh-excerpt\"><p>Le secr\u00e9taire d&rsquo;Etat en charge de la fonction publique, Olivier Dussopt, a assur\u00e9 lundi 21 mai dans Lib\u00e9ration que le gouvernement ne remettra pas en <a class=\"mh-excerpt-more\" href=\"https:\/\/cgt-bfc.fr\/index.php\/2018\/05\/23\/le-secretaire-detat-a-la-fonction-publique\/\" title=\"Le secr\u00e9taire d\u2019\u00c9tat \u00e0 la Fonction  Publique ,le 21 MAI\">[&#8230;]<\/a><\/p>\n<\/div>","protected":false},"author":1,"featured_media":2226,"comment_status":"open","ping_status":"open","sticky":false,"template":"","format":"standard","meta":{"_jetpack_memberships_contains_paid_content":false,"footnotes":""},"categories":[1],"tags":[],"class_list":["post-2224","post","type-post","status-publish","format-standard","has-post-thumbnail","hentry","category-actu"],"jetpack_featured_media_url":"https:\/\/cgt-bfc.fr\/wp-content\/uploads\/2018\/05\/une_petit_dico.jpg","jetpack_sharing_enabled":true,"_links":{"self":[{"href":"https:\/\/cgt-bfc.fr\/index.php\/wp-json\/wp\/v2\/posts\/2224","targetHints":{"allow":["GET"]}}],"collection":[{"href":"https:\/\/cgt-bfc.fr\/index.php\/wp-json\/wp\/v2\/posts"}],"about":[{"href":"https:\/\/cgt-bfc.fr\/index.php\/wp-json\/wp\/v2\/types\/post"}],"author":[{"embeddable":true,"href":"https:\/\/cgt-bfc.fr\/index.php\/wp-json\/wp\/v2\/users\/1"}],"replies":[{"embeddable":true,"href":"https:\/\/cgt-bfc.fr\/index.php\/wp-json\/wp\/v2\/comments?post=2224"}],"version-history":[{"count":28,"href":"https:\/\/cgt-bfc.fr\/index.php\/wp-json\/wp\/v2\/posts\/2224\/revisions"}],"predecessor-version":[{"id":2257,"href":"https:\/\/cgt-bfc.fr\/index.php\/wp-json\/wp\/v2\/posts\/2224\/revisions\/2257"}],"wp:featuredmedia":[{"embeddable":true,"href":"https:\/\/cgt-bfc.fr\/index.php\/wp-json\/wp\/v2\/media\/2226"}],"wp:attachment":[{"href":"https:\/\/cgt-bfc.fr\/index.php\/wp-json\/wp\/v2\/media?parent=2224"}],"wp:term":[{"taxonomy":"category","embeddable":true,"href":"https:\/\/cgt-bfc.fr\/index.php\/wp-json\/wp\/v2\/categories?post=2224"},{"taxonomy":"post_tag","embeddable":true,"href":"https:\/\/cgt-bfc.fr\/index.php\/wp-json\/wp\/v2\/tags?post=2224"}],"curies":[{"name":"wp","href":"https:\/\/api.w.org\/{rel}","templated":true}]}}