{"id":2261,"date":"2018-05-30T11:02:50","date_gmt":"2018-05-30T10:02:50","guid":{"rendered":"https:\/\/cgt-bfc.fr\/?p=2261"},"modified":"2018-11-07T07:40:53","modified_gmt":"2018-11-07T06:40:53","slug":"reponse-sur-les-questions-de-votre-quotidien-professionnel","status":"publish","type":"post","link":"https:\/\/cgt-bfc.fr\/index.php\/2018\/05\/30\/reponse-sur-les-questions-de-votre-quotidien-professionnel\/","title":{"rendered":"les r\u00e9ponses du questionnaire sur votre quotidien au travail"},"content":{"rendered":"<p>Vous avez \u00e9t\u00e9 plus de 400 agents \u00e0 r\u00e9pondre au questionnaire de l\u2019intersyndicale au cours du second semestre 2017.<img loading=\"lazy\" decoding=\"async\" class=\"wp-image-2277 aligncenter\" src=\"https:\/\/cgt-bfc.fr\/wp-content\/uploads\/2018\/05\/inter_syndi.jpg\" alt=\"\" width=\"386\" height=\"59\" \/><br \/>\nCe questionnaire nous a permis de recueillir vos pr\u00e9occupations sur les principales questions de votre quotidien professionnel.<br \/>\nNous avons rendu compte des id\u00e9es forces de ce questionnaire fin janvier.<br \/>\nNous avons pris le temps d\u2019examiner dans le d\u00e9tail vos r\u00e9ponses pour en rendre compte.<br \/>\nAu cours de ce premier semestre, nous avons multipli\u00e9 les interventions aupr\u00e8s de l\u2019autorit\u00e9 territoriale lors des instances paritaires : convocation de 2 CHSCT extraordinaires, intervention lors du CT du 8 mars.<br \/>\nNous avons demand\u00e9 une expertise ind\u00e9pendante dans le cadre de la r\u00e9glementation actuelle sur les CHS CT.<\/p>\n<p><a href=\"https:\/\/fr.wikipedia.org\/wiki\/Fran%C3%A7ois_Deluga\" target=\"_blank\" rel=\"noopener\"><img loading=\"lazy\" decoding=\"async\" class=\"alignright wp-image-2267 size-full\" src=\"https:\/\/cgt-bfc.fr\/wp-content\/uploads\/2018\/05\/francois-DELUGA-cnfpt.png\" alt=\"\" width=\"149\" height=\"137\" \/><\/a><br \/>\nNous avons demand\u00e9 une audience au pr\u00e9sident du <a href=\"http:\/\/www.cnfpt.fr\/\" target=\"_blank\" rel=\"noopener\">CNFPT<\/a>, Fran\u00e7ois DELUGA, qui \u00e0 ce jour ne nous a toujours pas r\u00e9pondu.<br \/>\nNous sommes face \u00e0 un pr\u00e9sident et une direction g\u00e9n\u00e9rale qui restent sourds au malaise grandissant dans l\u2019\u00e9tablissement :<strong>blocage des carri\u00e8res, d\u00e9gradation des conditions de travail et de la qualit\u00e9 du service public, critiques de plus en plus importantes des stagiaires et des collectivit\u00e9s concernant l\u2019\u00e9volution de l\u2019offre de formation, impossibilit\u00e9 de r\u00e9aliser son travail dans de bonnes conditions, inqui\u00e9tude sur l\u2019avenir m\u00eame de l\u2019\u00e9tablissement<\/strong>.<\/p>\n<p>Nos coll\u00e8gues expriment un attachement tr\u00e8s fort au service public mais devant la situation totalement bloqu\u00e9e qu\u2019ils subissent 1 coll\u00e8gue sur 2 envisage une mobilit\u00e9. Quelle direction g\u00e9n\u00e9rale ne se remettrait pas en cause devant un tel d\u00e9saveu de son management et de sa \u00ab Feuille de Route \u00bb ?<br \/>\n<strong>L\u2019autorit\u00e9 territoriale pr\u00e9tend que les organisations syndicales et les agents n\u2019ont pas de propositions. C\u2019est totalement FAUX.<\/strong><br \/>\nCe que demandent les agents est simple : <strong>un moratoire pour stopper cette marche forc\u00e9e qui nous conduit droit dans le mur ; une prise en compte de leur exp\u00e9rience de terrain et en finir avec un management descendant et autoritaire ; des outils qui fonctionnent et un r\u00e9el accompagnement qui tienne compte de leurs besoins.<\/strong><\/p>\n<h4>Nous rendons public le travail que nous avons r\u00e9alis\u00e9 sur la base des r\u00e9ponses de nos coll\u00e8gues ; et cela afin de nourrir la r\u00e9flexion de tous les acteurs qui ont \u00e0 coeur la d\u00e9fense du service public de formation professionnelle.<\/h4>\n<h4><a href=\"http:\/\/cgt-bfc.fr\/wp-content\/media\/pdf\/Conditions_de%20travail_CNFPT%20.pdf\"><img loading=\"lazy\" decoding=\"async\" class=\"aligncenter wp-image-2274 \" src=\"https:\/\/cgt-bfc.fr\/wp-content\/uploads\/2018\/05\/010203-1024x563.png\" alt=\"\" width=\"436\" height=\"234\" \/><\/a><br \/>\n<a href=\"http:\/\/cgt-bfc.fr\/wp-content\/media\/pdf\/Conditions_de%20travail_CNFPT%20.pdf\"><span style=\"color: #ff0000;\"><strong>Vous trouverez la synth\u00e8se de ce questionnaire dans le document suivant : ICI<\/strong><\/span><\/a><\/h4>\n<p>Th\u00e8me 1 \u00ab Missions, Carri\u00e8re, Mobilit\u00e9 \u00bb ;<img loading=\"lazy\" decoding=\"async\" class=\"alignright wp-image-2270 \" src=\"https:\/\/cgt-bfc.fr\/wp-content\/uploads\/2018\/05\/Sans-titre-3.jpg\" alt=\"\" width=\"279\" height=\"280\" \/><br \/>\nTh\u00e8me 2 \u00ab R\u00e9organisations\/mutualisations \u00bb ;<br \/>\nTh\u00e8me 3 \u00ab Outils \u00bb ;<br \/>\nTh\u00e8me 4 \u00abManagement \u00bb ;<br \/>\nTh\u00e8me 5 \u00ab Cotisation \u00e0 0,9% : cons\u00e9quences en 2017 \u00bb ;<br \/>\nTh\u00e8me 6 \u00ab Hybridation de l\u2019offre de formation 2018 au CNFPT \u00bb<\/p>\n<p><strong>Cela s\u2019appelle la d\u00e9mocratie syndicale.<\/strong><\/p>\n<p><strong> Nous sommes fiers d\u2019y avoir contribu\u00e9.<\/strong><\/p>\n<p>Le pr\u00e9sident du CNFPT, Fran\u00e7ois DELUGA, saura-t-il vous entendre ? La balle est dans son camp.<\/p>\n","protected":false},"excerpt":{"rendered":"<div class=\"mh-excerpt\"><p>Vous avez \u00e9t\u00e9 plus de 400 agents \u00e0 r\u00e9pondre au questionnaire de l\u2019intersyndicale au cours du second semestre 2017. Ce questionnaire nous a permis de <a class=\"mh-excerpt-more\" href=\"https:\/\/cgt-bfc.fr\/index.php\/2018\/05\/30\/reponse-sur-les-questions-de-votre-quotidien-professionnel\/\" title=\"les r\u00e9ponses du questionnaire sur votre quotidien au travail\">[&#8230;]<\/a><\/p>\n<\/div>","protected":false},"author":1,"featured_media":2265,"comment_status":"open","ping_status":"open","sticky":false,"template":"","format":"standard","meta":{"_jetpack_memberships_contains_paid_content":false,"footnotes":""},"categories":[1],"tags":[],"class_list":["post-2261","post","type-post","status-publish","format-standard","has-post-thumbnail","hentry","category-actu"],"jetpack_featured_media_url":"https:\/\/cgt-bfc.fr\/wp-content\/uploads\/2018\/05\/CNFPT_questionnaire.png","jetpack_sharing_enabled":true,"_links":{"self":[{"href":"https:\/\/cgt-bfc.fr\/index.php\/wp-json\/wp\/v2\/posts\/2261","targetHints":{"allow":["GET"]}}],"collection":[{"href":"https:\/\/cgt-bfc.fr\/index.php\/wp-json\/wp\/v2\/posts"}],"about":[{"href":"https:\/\/cgt-bfc.fr\/index.php\/wp-json\/wp\/v2\/types\/post"}],"author":[{"embeddable":true,"href":"https:\/\/cgt-bfc.fr\/index.php\/wp-json\/wp\/v2\/users\/1"}],"replies":[{"embeddable":true,"href":"https:\/\/cgt-bfc.fr\/index.php\/wp-json\/wp\/v2\/comments?post=2261"}],"version-history":[{"count":18,"href":"https:\/\/cgt-bfc.fr\/index.php\/wp-json\/wp\/v2\/posts\/2261\/revisions"}],"predecessor-version":[{"id":2284,"href":"https:\/\/cgt-bfc.fr\/index.php\/wp-json\/wp\/v2\/posts\/2261\/revisions\/2284"}],"wp:featuredmedia":[{"embeddable":true,"href":"https:\/\/cgt-bfc.fr\/index.php\/wp-json\/wp\/v2\/media\/2265"}],"wp:attachment":[{"href":"https:\/\/cgt-bfc.fr\/index.php\/wp-json\/wp\/v2\/media?parent=2261"}],"wp:term":[{"taxonomy":"category","embeddable":true,"href":"https:\/\/cgt-bfc.fr\/index.php\/wp-json\/wp\/v2\/categories?post=2261"},{"taxonomy":"post_tag","embeddable":true,"href":"https:\/\/cgt-bfc.fr\/index.php\/wp-json\/wp\/v2\/tags?post=2261"}],"curies":[{"name":"wp","href":"https:\/\/api.w.org\/{rel}","templated":true}]}}