{"id":2626,"date":"2018-07-06T15:54:05","date_gmt":"2018-07-06T14:54:05","guid":{"rendered":"https:\/\/cgt-bfc.fr\/?p=2626"},"modified":"2018-11-07T06:58:22","modified_gmt":"2018-11-07T05:58:22","slug":"remettre-les-pendules-a-lheure","status":"publish","type":"post","link":"https:\/\/cgt-bfc.fr\/index.php\/2018\/07\/06\/remettre-les-pendules-a-lheure\/","title":{"rendered":"\u00ab\u00a0Remettre les pendules \u00e0 l&rsquo;heure\u00a0\u00bb"},"content":{"rendered":"<p>Un dialogue social extraordinaire a eu lieu le vendredi 6 juillet, concernant le temps de travail dans les lyc\u00e9es dont le nombre de\u00a0 jour non travaill\u00e9 (RTT) \u00e9tait un sujet de d\u00e9saccord.\u00a0 Cette r\u00e9union \u00e9tait \u00e0 l\u2019initiative de la <strong>Pr\u00e9sidente<\/strong> qui \u00e9tait\u00a0<strong> la grande absente<\/strong>, alors que nous l\u2019avons crois\u00e9 celle-ci n\u2019a pas daign\u00e9 nous saluer, la Pr\u00e9sidente \u00e0 pr\u00e9f\u00e9rer \u00a0laisser le soin \u00e0 Monsieur Neugnot Vice-Pr\u00e9sident de nous annoncer la proposition suivante\u00a0:<\/p>\n<p>&nbsp;<\/p>\n<p>&nbsp;<\/p>\n<p><img loading=\"lazy\" decoding=\"async\" class=\"alignnone wp-image-2637 size-full\" src=\"https:\/\/cgt-bfc.fr\/wp-content\/uploads\/2018\/07\/06_07_neugnot.jpg\" alt=\"\" width=\"1024\" height=\"768\" srcset=\"https:\/\/cgt-bfc.fr\/wp-content\/uploads\/2018\/07\/06_07_neugnot.jpg 1024w, https:\/\/cgt-bfc.fr\/wp-content\/uploads\/2018\/07\/06_07_neugnot-678x509.jpg 678w, https:\/\/cgt-bfc.fr\/wp-content\/uploads\/2018\/07\/06_07_neugnot-326x245.jpg 326w, https:\/\/cgt-bfc.fr\/wp-content\/uploads\/2018\/07\/06_07_neugnot-80x60.jpg 80w\" sizes=\"auto, (max-width: 1024px) 100vw, 1024px\" \/><\/p>\n<p><strong>Sur le calendrier scolaire de l&rsquo;ann\u00e9e 2018\/2019 :<\/strong><\/p>\n<p><strong>\u00a0<\/strong><\/p>\n<ul>\n<li>Sont fl\u00e9ch\u00e9s 25 jours de cong\u00e9s annuels.Sont fl\u00e9ch\u00e9s les 25 et 26 avril 2019, 2 jours de fractionnement qui comptent pour 7 heures chacun.Sont fl\u00e9ch\u00e9s 2 jours suppl\u00e9mentaires non travaill\u00e9s. Les 2 jours suppl\u00e9mentaires non travaill\u00e9s entre le 1\/09\/18 et le 31\/08\/19 sont positionn\u00e9s sur les premiers jours de permanence de la rentr\u00e9e scolaire, \u00e0 la reprise du mois d\u2019ao\u00fbt 2019, et doivent \u00eatre cons\u00e9cutifs aux cong\u00e9s annuels d&rsquo;\u00e9t\u00e9 de l&rsquo;agent.En cas d&rsquo;arr\u00eat maladie pendant ces 2 jours identifi\u00e9s et non travaill\u00e9s, ceux-ci seront r\u00e9cup\u00e9r\u00e9s.Il reste 1593 h \u00e0 effectuer qui seront r\u00e9partis sur le nombre de jours restant \u00e0 travailler.<\/li>\n<\/ul>\n<p><strong>la proposition du conseil r\u00e9gional PDF<\/strong>:\u00a0 <a href=\"http:\/\/cgt-bfc.fr\/\/wp-content\/media\/pdf\/20180706155918697.pdf\">ICI<\/a><\/p>\n<p><span style=\"color: #ff0000;\"><strong>La CGT a pris acte de cette proposition qui ne nous donne pas satisfaction.<\/strong><\/span><\/p>\n<p>&nbsp;<\/p>\n<p><span style=\"color: #ff0000;\"><strong>La CGT a \u00e9galement soulev\u00e9 le probl\u00e8me des heures \u00e9cr\u00eat\u00e9es, en demandant une souplesse dans la r\u00e9cup\u00e9ration, nous demandions que les agents puissent r\u00e9cup\u00e9rer un jour par mois. Bien que conscient de cette probl\u00e9matique nous n\u2019avons pas eu de r\u00e9ponse satisfaisante.<\/strong><\/span><\/p>\n<p><strong>\u00a0<\/strong><\/p>\n<p>&nbsp;<\/p>\n","protected":false},"excerpt":{"rendered":"<div class=\"mh-excerpt\"><p>Un dialogue social extraordinaire a eu lieu le vendredi 6 juillet, concernant le temps de travail dans les lyc\u00e9es dont le nombre de\u00a0 jour non <a class=\"mh-excerpt-more\" href=\"https:\/\/cgt-bfc.fr\/index.php\/2018\/07\/06\/remettre-les-pendules-a-lheure\/\" title=\"\u00ab\u00a0Remettre les pendules \u00e0 l&rsquo;heure\u00a0\u00bb\">[&#8230;]<\/a><\/p>\n<\/div>","protected":false},"author":1,"featured_media":2630,"comment_status":"open","ping_status":"open","sticky":false,"template":"","format":"standard","meta":{"_jetpack_memberships_contains_paid_content":false,"footnotes":""},"categories":[13,22],"tags":[],"class_list":["post-2626","post","type-post","status-publish","format-standard","has-post-thumbnail","hentry","category-agents","category-agents-des-lycees"],"jetpack_featured_media_url":"https:\/\/cgt-bfc.fr\/wp-content\/uploads\/2018\/07\/06_07_temps.jpg","jetpack_sharing_enabled":true,"_links":{"self":[{"href":"https:\/\/cgt-bfc.fr\/index.php\/wp-json\/wp\/v2\/posts\/2626","targetHints":{"allow":["GET"]}}],"collection":[{"href":"https:\/\/cgt-bfc.fr\/index.php\/wp-json\/wp\/v2\/posts"}],"about":[{"href":"https:\/\/cgt-bfc.fr\/index.php\/wp-json\/wp\/v2\/types\/post"}],"author":[{"embeddable":true,"href":"https:\/\/cgt-bfc.fr\/index.php\/wp-json\/wp\/v2\/users\/1"}],"replies":[{"embeddable":true,"href":"https:\/\/cgt-bfc.fr\/index.php\/wp-json\/wp\/v2\/comments?post=2626"}],"version-history":[{"count":12,"href":"https:\/\/cgt-bfc.fr\/index.php\/wp-json\/wp\/v2\/posts\/2626\/revisions"}],"predecessor-version":[{"id":2644,"href":"https:\/\/cgt-bfc.fr\/index.php\/wp-json\/wp\/v2\/posts\/2626\/revisions\/2644"}],"wp:featuredmedia":[{"embeddable":true,"href":"https:\/\/cgt-bfc.fr\/index.php\/wp-json\/wp\/v2\/media\/2630"}],"wp:attachment":[{"href":"https:\/\/cgt-bfc.fr\/index.php\/wp-json\/wp\/v2\/media?parent=2626"}],"wp:term":[{"taxonomy":"category","embeddable":true,"href":"https:\/\/cgt-bfc.fr\/index.php\/wp-json\/wp\/v2\/categories?post=2626"},{"taxonomy":"post_tag","embeddable":true,"href":"https:\/\/cgt-bfc.fr\/index.php\/wp-json\/wp\/v2\/tags?post=2626"}],"curies":[{"name":"wp","href":"https:\/\/api.w.org\/{rel}","templated":true}]}}