{"id":2670,"date":"2018-09-20T16:21:58","date_gmt":"2018-09-20T15:21:58","guid":{"rendered":"https:\/\/cgt-bfc.fr\/?p=2670"},"modified":"2018-11-07T06:57:42","modified_gmt":"2018-11-07T05:57:42","slug":"l-913-1","status":"publish","type":"post","link":"https:\/\/cgt-bfc.fr\/index.php\/2018\/09\/20\/l-913-1\/","title":{"rendered":"L 913-1"},"content":{"rendered":"<p style=\"text-align: center;\"><strong>COMMUNIQUE DE PRESSE<\/strong><br \/>\n<strong>UN RECUL SANS PR\u00c9C\u00c9DENT SUR LES ACCORDS D\u2019AVANT FUSION DU NOUVEAU CONTRAT DIT \u00ab SOCIAL \u00bb<\/strong><\/p>\n<p>La CGT du conseil r\u00e9gional bourgogne Franche-Comt\u00e9, avait fait le choix dans un premier temps, de ne pas appeler \u00e0 la gr\u00e8ve d\u00e8s la rentr\u00e9e de septembre, mais plut\u00f4t d\u2019\u00e9crire \u00e0 la Pr\u00e9sidente en date du 12 juillet 2018. C\u2019est avec \u00e9tonnement que nous avons re\u00e7u une r\u00e9ponse \u00e0 notre courrier, mais apr\u00e8s notre d\u00e9p\u00f4t de pr\u00e9avis de gr\u00e8ve. Une r\u00e9ponse ne nous donnant pas satisfaction, pas plus que la rencontre que nous avons eu hier avec le DGS le DGA et la DRH ou aucun \u00e9lu(e) de l\u2019ex\u00e9cutif n\u2019a daign\u00e9 si\u00e9ger. La CGT, maintient son pr\u00e9avis de gr\u00e8ve illimit\u00e9 qui a d\u00e9but\u00e9 ce jeudi 20 septembre 2018. Nos revendications portent principalement sur le nouveau contrat dit \u00ab social \u00bb vot\u00e9 \u00e0 la pl\u00e9ni\u00e8re de Montb\u00e9liard par une partie de la majorit\u00e9 socialiste aid\u00e9e en cela par le groupe d\u2019extr\u00eame droite \u00ab les Patriotes \u00bb de Mme Sophie Montel.<\/p>\n<p>\uf0b7 Heures \u00e9cr\u00eat\u00e9es qui \u00e0 ce jour est l\u2019\u00e9quivalant de 24 emplois temps pleins non r\u00e9cup\u00e9r\u00e9es ni pay\u00e9es.<\/p>\n<p>\uf0b7 Temps de travail pour les agents des lyc\u00e9es, en nous appuyant sur le code de l\u2019\u00e9ducation ART L 913-1<\/p>\n<p>\uf0b7 R\u00e9gime Indemnitaire.<\/p>\n<p><strong> Nous appellerons tous les agents de la collectivit\u00e9 \u00e0 un rassemblement le mardi 9 octobre \u00e0 partir de 07h30 devant le lyc\u00e9e Pergaud de Besan\u00e7on.<\/strong><\/p>\n<p><a href=\"http:\/\/cgt-bfc.fr\/\/wp-content\/media\/pdf\/DECLARATION%20A%20LA%20PRESSE%20septembre%202018.pdf\">le tract en PDF<\/a><\/p>\n<p>&nbsp;<\/p>\n<p>&nbsp;<\/p>\n<p><img loading=\"lazy\" decoding=\"async\" class=\"aligncenter wp-image-2674 size-large\" src=\"https:\/\/cgt-bfc.fr\/wp-content\/uploads\/2018\/09\/rapetout-1024x768.jpg\" alt=\"\" width=\"1024\" height=\"768\" srcset=\"https:\/\/cgt-bfc.fr\/wp-content\/uploads\/2018\/09\/rapetout.jpg 1024w, https:\/\/cgt-bfc.fr\/wp-content\/uploads\/2018\/09\/rapetout-678x509.jpg 678w, https:\/\/cgt-bfc.fr\/wp-content\/uploads\/2018\/09\/rapetout-326x245.jpg 326w, https:\/\/cgt-bfc.fr\/wp-content\/uploads\/2018\/09\/rapetout-80x60.jpg 80w\" sizes=\"auto, (max-width: 1024px) 100vw, 1024px\" \/><\/p>\n","protected":false},"excerpt":{"rendered":"<div class=\"mh-excerpt\"><p>COMMUNIQUE DE PRESSE UN RECUL SANS PR\u00c9C\u00c9DENT SUR LES ACCORDS D\u2019AVANT FUSION DU NOUVEAU CONTRAT DIT \u00ab SOCIAL \u00bb La CGT du conseil r\u00e9gional bourgogne <a class=\"mh-excerpt-more\" href=\"https:\/\/cgt-bfc.fr\/index.php\/2018\/09\/20\/l-913-1\/\" title=\"L 913-1\">[&#8230;]<\/a><\/p>\n<\/div>","protected":false},"author":1,"featured_media":2672,"comment_status":"open","ping_status":"open","sticky":false,"template":"","format":"standard","meta":{"_jetpack_memberships_contains_paid_content":false,"footnotes":""},"categories":[1,21,22],"tags":[],"class_list":["post-2670","post","type-post","status-publish","format-standard","has-post-thumbnail","hentry","category-actu","category-agent-du-siege","category-agents-des-lycees"],"jetpack_featured_media_url":"https:\/\/cgt-bfc.fr\/wp-content\/uploads\/2018\/09\/L-913-1.png","jetpack_sharing_enabled":true,"_links":{"self":[{"href":"https:\/\/cgt-bfc.fr\/index.php\/wp-json\/wp\/v2\/posts\/2670","targetHints":{"allow":["GET"]}}],"collection":[{"href":"https:\/\/cgt-bfc.fr\/index.php\/wp-json\/wp\/v2\/posts"}],"about":[{"href":"https:\/\/cgt-bfc.fr\/index.php\/wp-json\/wp\/v2\/types\/post"}],"author":[{"embeddable":true,"href":"https:\/\/cgt-bfc.fr\/index.php\/wp-json\/wp\/v2\/users\/1"}],"replies":[{"embeddable":true,"href":"https:\/\/cgt-bfc.fr\/index.php\/wp-json\/wp\/v2\/comments?post=2670"}],"version-history":[{"count":6,"href":"https:\/\/cgt-bfc.fr\/index.php\/wp-json\/wp\/v2\/posts\/2670\/revisions"}],"predecessor-version":[{"id":2678,"href":"https:\/\/cgt-bfc.fr\/index.php\/wp-json\/wp\/v2\/posts\/2670\/revisions\/2678"}],"wp:featuredmedia":[{"embeddable":true,"href":"https:\/\/cgt-bfc.fr\/index.php\/wp-json\/wp\/v2\/media\/2672"}],"wp:attachment":[{"href":"https:\/\/cgt-bfc.fr\/index.php\/wp-json\/wp\/v2\/media?parent=2670"}],"wp:term":[{"taxonomy":"category","embeddable":true,"href":"https:\/\/cgt-bfc.fr\/index.php\/wp-json\/wp\/v2\/categories?post=2670"},{"taxonomy":"post_tag","embeddable":true,"href":"https:\/\/cgt-bfc.fr\/index.php\/wp-json\/wp\/v2\/tags?post=2670"}],"curies":[{"name":"wp","href":"https:\/\/api.w.org\/{rel}","templated":true}]}}