{"id":2744,"date":"2018-09-30T21:15:34","date_gmt":"2018-09-30T20:15:34","guid":{"rendered":"https:\/\/cgt-bfc.fr\/?p=2744"},"modified":"2018-11-07T06:40:09","modified_gmt":"2018-11-07T05:40:09","slug":"le-09-10-cest-au-lycee-pergaud-de-besancon","status":"publish","type":"post","link":"https:\/\/cgt-bfc.fr\/index.php\/2018\/09\/30\/le-09-10-cest-au-lycee-pergaud-de-besancon\/","title":{"rendered":"le 09\/10 c&rsquo;est au Lyc\u00e9e Pergaud de Besan\u00e7on !"},"content":{"rendered":"<p><img loading=\"lazy\" decoding=\"async\" class=\"alignnone wp-image-2745 size-large\" src=\"https:\/\/cgt-bfc.fr\/wp-content\/uploads\/2018\/09\/hautparleur2-1024x535.jpg\" alt=\"\" width=\"1024\" height=\"535\" srcset=\"https:\/\/cgt-bfc.fr\/wp-content\/uploads\/2018\/09\/hautparleur2-1024x535.jpg 1024w, https:\/\/cgt-bfc.fr\/wp-content\/uploads\/2018\/09\/hautparleur2.jpg 1580w\" sizes=\"auto, (max-width: 1024px) 100vw, 1024px\" \/><\/p>\n<p>&nbsp;<\/p>\n<p><strong>La lutte contre le Contrat \u00ab\u00a0social global impos\u00e9\u00a0\u00bb par la pr\u00e9sidente du Conseil R\u00e9gional s\u2019amplifie.<\/strong><\/p>\n<p>La pr\u00e9sidente Dufay n\u2019entend pas les revendications l\u00e9gitimes des agents de la collectivit\u00e9 en refusant de revenir \u00e0 la table des n\u00e9gociations.<\/p>\n<p>C\u2019est pourquoi les trois organisations syndicales <strong>FO FSU CGT<\/strong> se sont r\u00e9unies le 18 septembre et ont d\u00e9cid\u00e9 d&rsquo;un commun accord de s\u2019unir pour poursuivre la gr\u00e8ve illimit\u00e9e d\u00e9but\u00e9e le 3 septembre par <strong>FO<\/strong>.<\/p>\n<p><strong>Nous refusons les nombreux <\/strong><strong>reculs sociaux <\/strong><strong>sans <\/strong><strong>pr\u00e9c\u00e9dent.<\/strong><\/p>\n<p><strong>Tout <\/strong><strong>recul <\/strong><strong>sur les <\/strong><strong>acquis <\/strong><strong>sociaux ne se n\u00e9gocie pas mais se combat!<\/strong><\/p>\n<p><strong>\u00a0<\/strong><\/p>\n<p>Nous appelons \u00e0 plusieurs journ\u00e9es de forte mobilisation suivre nos blogs pour<\/p>\n<p>Retrouver les informations (lieux et horaires).<\/p>\n<p><a href=\"http:\/\/cgt-bfc.fr\/\/wp-content\/media\/pdf\/TOUS%20EN%20GREVE%20POUR%20DIRE%20NON.pdf\">Le communiqu\u00e9 au format PDF<\/a><\/p>\n<p>&nbsp;<\/p>\n<p>&nbsp;<\/p>\n","protected":false},"excerpt":{"rendered":"<div class=\"mh-excerpt\"><p>&nbsp; La lutte contre le Contrat \u00ab\u00a0social global impos\u00e9\u00a0\u00bb par la pr\u00e9sidente du Conseil R\u00e9gional s\u2019amplifie. La pr\u00e9sidente Dufay n\u2019entend pas les revendications l\u00e9gitimes des <a class=\"mh-excerpt-more\" href=\"https:\/\/cgt-bfc.fr\/index.php\/2018\/09\/30\/le-09-10-cest-au-lycee-pergaud-de-besancon\/\" title=\"le 09\/10 c&rsquo;est au Lyc\u00e9e Pergaud de Besan\u00e7on !\">[&#8230;]<\/a><\/p>\n<\/div>","protected":false},"author":1,"featured_media":2747,"comment_status":"open","ping_status":"open","sticky":false,"template":"","format":"standard","meta":{"_jetpack_memberships_contains_paid_content":false,"footnotes":""},"categories":[1],"tags":[],"class_list":["post-2744","post","type-post","status-publish","format-standard","has-post-thumbnail","hentry","category-actu"],"jetpack_featured_media_url":"https:\/\/cgt-bfc.fr\/wp-content\/uploads\/2018\/09\/pergaud.png","jetpack_sharing_enabled":true,"_links":{"self":[{"href":"https:\/\/cgt-bfc.fr\/index.php\/wp-json\/wp\/v2\/posts\/2744","targetHints":{"allow":["GET"]}}],"collection":[{"href":"https:\/\/cgt-bfc.fr\/index.php\/wp-json\/wp\/v2\/posts"}],"about":[{"href":"https:\/\/cgt-bfc.fr\/index.php\/wp-json\/wp\/v2\/types\/post"}],"author":[{"embeddable":true,"href":"https:\/\/cgt-bfc.fr\/index.php\/wp-json\/wp\/v2\/users\/1"}],"replies":[{"embeddable":true,"href":"https:\/\/cgt-bfc.fr\/index.php\/wp-json\/wp\/v2\/comments?post=2744"}],"version-history":[{"count":5,"href":"https:\/\/cgt-bfc.fr\/index.php\/wp-json\/wp\/v2\/posts\/2744\/revisions"}],"predecessor-version":[{"id":2754,"href":"https:\/\/cgt-bfc.fr\/index.php\/wp-json\/wp\/v2\/posts\/2744\/revisions\/2754"}],"wp:featuredmedia":[{"embeddable":true,"href":"https:\/\/cgt-bfc.fr\/index.php\/wp-json\/wp\/v2\/media\/2747"}],"wp:attachment":[{"href":"https:\/\/cgt-bfc.fr\/index.php\/wp-json\/wp\/v2\/media?parent=2744"}],"wp:term":[{"taxonomy":"category","embeddable":true,"href":"https:\/\/cgt-bfc.fr\/index.php\/wp-json\/wp\/v2\/categories?post=2744"},{"taxonomy":"post_tag","embeddable":true,"href":"https:\/\/cgt-bfc.fr\/index.php\/wp-json\/wp\/v2\/tags?post=2744"}],"curies":[{"name":"wp","href":"https:\/\/api.w.org\/{rel}","templated":true}]}}