{"id":2815,"date":"2018-10-07T18:54:39","date_gmt":"2018-10-07T17:54:39","guid":{"rendered":"https:\/\/cgt-bfc.fr\/?p=2815"},"modified":"2018-11-07T06:39:44","modified_gmt":"2018-11-07T05:39:44","slug":"pergaud-demain-jour-j","status":"publish","type":"post","link":"https:\/\/cgt-bfc.fr\/index.php\/2018\/10\/07\/pergaud-demain-jour-j\/","title":{"rendered":"Pergaud  .. Jour J"},"content":{"rendered":"<h2 style=\"text-align: center;\"><strong>Tous en gr\u00e8ve demain 9 octobre 2018, et manifestation devant le lyc\u00e9e PERGAUD de Besan\u00e7on, contre le contrat social global.<\/strong><\/h2>\n<h2 style=\"text-align: center;\"><strong>Nous vous rappelons \u00e9galement de venir manifester\u00a0 devant le lyc\u00e9e DUHAMEL \u00e0 Dole le mercredi 10 octobre d\u00e8s 7H30<\/strong><\/h2>\n<p>Montrons \u00e0 la pr\u00e9sidente que nous refusons se recul social\u00a0 envers les agents, alors que\u00a0 les \u00e9lu-es ce sont augment\u00e9s largement lors de la fusion.<\/p>\n<p>De l\u2019argent il y en a pour augmenter les \u00e9lu-es, pour une enqu\u00eate de popularit\u00e9 (par un cabinet ext\u00e9rieur) de la Pr\u00e9sidente.<\/p>\n<p>Madame la Pr\u00e9sidente il est grand temps de valoriser le travail des agents de votre collectivit\u00e9, qui ont \u00e0 c\u0153ur de faire un travail et un service public de qualit\u00e9.<\/p>\n<p><img loading=\"lazy\" decoding=\"async\" class=\"alignnone wp-image-2819 size-large\" src=\"https:\/\/cgt-bfc.fr\/wp-content\/uploads\/2018\/10\/claiirs_defauts-2-1024x240.png\" alt=\"\" width=\"1024\" height=\"240\" \/><\/p>\n","protected":false},"excerpt":{"rendered":"<div class=\"mh-excerpt\"><p>Tous en gr\u00e8ve demain 9 octobre 2018, et manifestation devant le lyc\u00e9e PERGAUD de Besan\u00e7on, contre le contrat social global. Nous vous rappelons \u00e9galement de <a class=\"mh-excerpt-more\" href=\"https:\/\/cgt-bfc.fr\/index.php\/2018\/10\/07\/pergaud-demain-jour-j\/\" title=\"Pergaud  .. Jour J\">[&#8230;]<\/a><\/p>\n<\/div>","protected":false},"author":1,"featured_media":2817,"comment_status":"open","ping_status":"open","sticky":false,"template":"","format":"standard","meta":{"_jetpack_memberships_contains_paid_content":false,"footnotes":""},"categories":[1],"tags":[],"class_list":["post-2815","post","type-post","status-publish","format-standard","has-post-thumbnail","hentry","category-actu"],"jetpack_featured_media_url":"https:\/\/cgt-bfc.fr\/wp-content\/uploads\/2018\/10\/on_pense_donc.png","jetpack_sharing_enabled":true,"_links":{"self":[{"href":"https:\/\/cgt-bfc.fr\/index.php\/wp-json\/wp\/v2\/posts\/2815","targetHints":{"allow":["GET"]}}],"collection":[{"href":"https:\/\/cgt-bfc.fr\/index.php\/wp-json\/wp\/v2\/posts"}],"about":[{"href":"https:\/\/cgt-bfc.fr\/index.php\/wp-json\/wp\/v2\/types\/post"}],"author":[{"embeddable":true,"href":"https:\/\/cgt-bfc.fr\/index.php\/wp-json\/wp\/v2\/users\/1"}],"replies":[{"embeddable":true,"href":"https:\/\/cgt-bfc.fr\/index.php\/wp-json\/wp\/v2\/comments?post=2815"}],"version-history":[{"count":7,"href":"https:\/\/cgt-bfc.fr\/index.php\/wp-json\/wp\/v2\/posts\/2815\/revisions"}],"predecessor-version":[{"id":2848,"href":"https:\/\/cgt-bfc.fr\/index.php\/wp-json\/wp\/v2\/posts\/2815\/revisions\/2848"}],"wp:featuredmedia":[{"embeddable":true,"href":"https:\/\/cgt-bfc.fr\/index.php\/wp-json\/wp\/v2\/media\/2817"}],"wp:attachment":[{"href":"https:\/\/cgt-bfc.fr\/index.php\/wp-json\/wp\/v2\/media?parent=2815"}],"wp:term":[{"taxonomy":"category","embeddable":true,"href":"https:\/\/cgt-bfc.fr\/index.php\/wp-json\/wp\/v2\/categories?post=2815"},{"taxonomy":"post_tag","embeddable":true,"href":"https:\/\/cgt-bfc.fr\/index.php\/wp-json\/wp\/v2\/tags?post=2815"}],"curies":[{"name":"wp","href":"https:\/\/api.w.org\/{rel}","templated":true}]}}