{"id":2825,"date":"2018-10-09T16:13:51","date_gmt":"2018-10-09T15:13:51","guid":{"rendered":"https:\/\/cgt-bfc.fr\/?p=2825"},"modified":"2018-11-07T07:01:30","modified_gmt":"2018-11-07T06:01:30","slug":"duhamel-cest-demain-7h30","status":"publish","type":"post","link":"https:\/\/cgt-bfc.fr\/index.php\/2018\/10\/09\/duhamel-cest-demain-7h30\/","title":{"rendered":"DUHAMEL c&rsquo;est demain 7h30"},"content":{"rendered":"<p>La gr\u00e8ve illimit\u00e9e contre le contrat global social que Mme la pr\u00e9sidente a impos\u00e9 aux agents de la r\u00e9gion (lyc\u00e9es, si\u00e8ges) continue demain devant le <strong>lyc\u00e9e Duhamel d\u00e8s 7h30 \u00e0 Dole<\/strong> \u00e0 l\u2019appel de <strong>Force Ouvri\u00e8re FSU et CGT.<\/strong> Jeudi nous manifesterons devant un lyc\u00e9e de Dijon et dans un lyc\u00e9e de Sens. Nous refusons l\u2019aust\u00e9rit\u00e9 au conseil r\u00e9gional, nous refusons de travailler plus pour gagner moins\u00a0!!!<\/p>\n<p><strong>Le lyc\u00e9e Pergaud de Besan\u00e7on est bloqu\u00e9<\/strong>\u00a0depuis 7h30 ce mardi matin par des manifestants arm\u00e9s de drapeaux et banderoles<\/p>\n<p><img loading=\"lazy\" decoding=\"async\" class=\"aligncenter wp-image-2830 size-large\" src=\"https:\/\/cgt-bfc.fr\/wp-content\/uploads\/2018\/10\/pergaud_ce_matin-1024x768.jpg\" alt=\"\" width=\"1024\" height=\"768\" srcset=\"https:\/\/cgt-bfc.fr\/wp-content\/uploads\/2018\/10\/pergaud_ce_matin.jpg 1024w, https:\/\/cgt-bfc.fr\/wp-content\/uploads\/2018\/10\/pergaud_ce_matin-678x509.jpg 678w, https:\/\/cgt-bfc.fr\/wp-content\/uploads\/2018\/10\/pergaud_ce_matin-326x245.jpg 326w, https:\/\/cgt-bfc.fr\/wp-content\/uploads\/2018\/10\/pergaud_ce_matin-80x60.jpg 80w\" sizes=\"auto, (max-width: 1024px) 100vw, 1024px\" \/><\/p>\n<p>D\u00e9claration de\u00a0\u00a0\u00a0Catherine Salvadori, notre secr\u00e9taire g\u00e9n\u00e9rale CGT au Conseil R\u00e9gional<\/p>\n<audio class=\"wp-audio-shortcode\" id=\"audio-2825-1\" preload=\"none\" style=\"width: 100%;\" controls=\"controls\"><source type=\"audio\/mpeg\" src=\"http:\/\/pleinair.net\/images\/actu\/181009-cgt-lycee-1517502046.mp3?_=1\" \/><a href=\"http:\/\/pleinair.net\/images\/actu\/181009-cgt-lycee-1517502046.mp3\">http:\/\/pleinair.net\/images\/actu\/181009-cgt-lycee-1517502046.mp3<\/a><\/audio>\n<p>&nbsp;<\/p>\n<p>Merci a la solidarit\u00e9 des lyc\u00e9ens et de certains professeurs<\/p>\n<p>Quelques photos sur le site<a href=\"https:\/\/cgtaddsea.wordpress.com\/2018\/10\/09\/blocage-du-lycee-pergaud-de-besancon-par-les-agents-du-conseil-regional\/\">\u00a0cgtaddsea<\/a><\/p>\n<p>&nbsp;<\/p>\n<p>la presse en parle:<img loading=\"lazy\" decoding=\"async\" class=\"alignleft wp-image-2838 size-full\" src=\"https:\/\/cgt-bfc.fr\/wp-content\/uploads\/2018\/10\/presse.jpg\" alt=\"\" width=\"203\" height=\"138\" \/><\/p>\n<p>&nbsp;<\/p>\n<p>&nbsp;<\/p>\n<p>&nbsp;<\/p>\n<p><a href=\"https:\/\/www.estrepublicain.fr\/edition-de-besancon\/2018\/10\/09\/les-agents-des-lycees-mobilises#0_2\" target=\"_blank\" rel=\"noopener\">Est r\u00e9publicain<\/a><\/p>\n<p><a href=\"http:\/\/pleinair.net\/actualites-regionales\/23-vie-locale\/76514-besancon-social-mobilisation-des-agents-des-lycees-devant-pergaud\" target=\"_blank\" rel=\"noopener\">Pleinair.net<\/a><\/p>\n<p><a href=\"https:\/\/www.francebleu.fr\/infos\/economie-social\/besancon-le-lycee-pergaud-bloque-par-les-manifestants-1539066904\" target=\"_blank\" rel=\"noopener\">Francebleue<\/a><\/p>\n<p>&nbsp;<\/p>\n<p>&nbsp;<\/p>\n","protected":false},"excerpt":{"rendered":"<div class=\"mh-excerpt\"><p>La gr\u00e8ve illimit\u00e9e contre le contrat global social que Mme la pr\u00e9sidente a impos\u00e9 aux agents de la r\u00e9gion (lyc\u00e9es, si\u00e8ges) continue demain devant le <a class=\"mh-excerpt-more\" href=\"https:\/\/cgt-bfc.fr\/index.php\/2018\/10\/09\/duhamel-cest-demain-7h30\/\" title=\"DUHAMEL c&rsquo;est demain 7h30\">[&#8230;]<\/a><\/p>\n<\/div>","protected":false},"author":1,"featured_media":2827,"comment_status":"open","ping_status":"open","sticky":false,"template":"","format":"standard","meta":{"_jetpack_memberships_contains_paid_content":false,"footnotes":""},"categories":[1],"tags":[],"class_list":["post-2825","post","type-post","status-publish","format-standard","has-post-thumbnail","hentry","category-actu"],"jetpack_featured_media_url":"https:\/\/cgt-bfc.fr\/wp-content\/uploads\/2018\/10\/pergaud_mardi.png","jetpack_sharing_enabled":true,"_links":{"self":[{"href":"https:\/\/cgt-bfc.fr\/index.php\/wp-json\/wp\/v2\/posts\/2825","targetHints":{"allow":["GET"]}}],"collection":[{"href":"https:\/\/cgt-bfc.fr\/index.php\/wp-json\/wp\/v2\/posts"}],"about":[{"href":"https:\/\/cgt-bfc.fr\/index.php\/wp-json\/wp\/v2\/types\/post"}],"author":[{"embeddable":true,"href":"https:\/\/cgt-bfc.fr\/index.php\/wp-json\/wp\/v2\/users\/1"}],"replies":[{"embeddable":true,"href":"https:\/\/cgt-bfc.fr\/index.php\/wp-json\/wp\/v2\/comments?post=2825"}],"version-history":[{"count":12,"href":"https:\/\/cgt-bfc.fr\/index.php\/wp-json\/wp\/v2\/posts\/2825\/revisions"}],"predecessor-version":[{"id":2840,"href":"https:\/\/cgt-bfc.fr\/index.php\/wp-json\/wp\/v2\/posts\/2825\/revisions\/2840"}],"wp:featuredmedia":[{"embeddable":true,"href":"https:\/\/cgt-bfc.fr\/index.php\/wp-json\/wp\/v2\/media\/2827"}],"wp:attachment":[{"href":"https:\/\/cgt-bfc.fr\/index.php\/wp-json\/wp\/v2\/media?parent=2825"}],"wp:term":[{"taxonomy":"category","embeddable":true,"href":"https:\/\/cgt-bfc.fr\/index.php\/wp-json\/wp\/v2\/categories?post=2825"},{"taxonomy":"post_tag","embeddable":true,"href":"https:\/\/cgt-bfc.fr\/index.php\/wp-json\/wp\/v2\/tags?post=2825"}],"curies":[{"name":"wp","href":"https:\/\/api.w.org\/{rel}","templated":true}]}}