{"id":3022,"date":"2018-10-18T09:34:01","date_gmt":"2018-10-18T08:34:01","guid":{"rendered":"https:\/\/cgt-bfc.fr\/?p=3022"},"modified":"2018-11-07T06:56:08","modified_gmt":"2018-11-07T05:56:08","slug":"declaration","status":"publish","type":"post","link":"https:\/\/cgt-bfc.fr\/index.php\/2018\/10\/18\/declaration\/","title":{"rendered":"D\u00e9claration"},"content":{"rendered":"<p>&nbsp;<\/p>\n<p>&nbsp;<\/p>\n<p>le DGA,nous annonce que la Pr\u00e9sidente sera exceptionnellement pr\u00e9sente au CT du 05 novembre ou elle r\u00e9pondra \u00e0 nos revendications.<\/p>\n<p><img loading=\"lazy\" decoding=\"async\" class=\"wp-image-3028 aligncenter\" src=\"https:\/\/cgt-bfc.fr\/wp-content\/uploads\/2018\/10\/boycott-1024x420.jpg\" alt=\"\" width=\"689\" height=\"160\" \/><\/p>\n<p><strong>Madame la pr\u00e9sidente,<\/strong><\/p>\n<p>&nbsp;<\/p>\n<p><strong>Les syndicats FO, FSU et CGT constatent avec inqui\u00e9tude que vous n\u2019entendez pas les revendications l\u00e9gitimes des agents qui contestent et qui combattent depuis le 3 septembre 2018 l\u2019application du contrat \u00absocial\u00bb global que vous avez impos\u00e9 aux agents de la r\u00e9gion en ignorant totalement le rejet unanime\u00a0 de l\u2019ensemble des organisations syndicales.<\/strong><\/p>\n<p><strong>Nous refusons cette parodie de dialogue social qui n\u2019est en fait qu\u2019un affichage pour faire croire \u00e0 une\u00a0 v\u00e9ritable concertation avec les repr\u00e9sentants du personnel.<\/strong><\/p>\n<p><strong>Nous vous demandons de respecter votre engagement concernant la mutuelle Int\u00e9riale.<\/strong><\/p>\n<p><strong>Concernant la participation financi\u00e8re des mutuelles propos\u00e9e dans le document, nous demandons une participation plus importante sur les deux contrats.<\/strong><\/p>\n<p><strong>C\u2019est pour toutes ces raisons que nous ne participerons pas \u00e0 ce dialogue social de ce jour.<\/strong><\/p>\n<p>&nbsp;<\/p>\n<p>&nbsp;<\/p>\n","protected":false},"excerpt":{"rendered":"<div class=\"mh-excerpt\"><p>&nbsp; &nbsp; le DGA,nous annonce que la Pr\u00e9sidente sera exceptionnellement pr\u00e9sente au CT du 05 novembre ou elle r\u00e9pondra \u00e0 nos revendications. Madame la pr\u00e9sidente, <a class=\"mh-excerpt-more\" href=\"https:\/\/cgt-bfc.fr\/index.php\/2018\/10\/18\/declaration\/\" title=\"D\u00e9claration\">[&#8230;]<\/a><\/p>\n<\/div>","protected":false},"author":1,"featured_media":3041,"comment_status":"open","ping_status":"open","sticky":false,"template":"","format":"standard","meta":{"_jetpack_memberships_contains_paid_content":false,"footnotes":""},"categories":[1],"tags":[],"class_list":["post-3022","post","type-post","status-publish","format-standard","has-post-thumbnail","hentry","category-actu"],"jetpack_featured_media_url":"https:\/\/cgt-bfc.fr\/wp-content\/uploads\/2018\/10\/Boycott-cds.png","jetpack_sharing_enabled":true,"_links":{"self":[{"href":"https:\/\/cgt-bfc.fr\/index.php\/wp-json\/wp\/v2\/posts\/3022","targetHints":{"allow":["GET"]}}],"collection":[{"href":"https:\/\/cgt-bfc.fr\/index.php\/wp-json\/wp\/v2\/posts"}],"about":[{"href":"https:\/\/cgt-bfc.fr\/index.php\/wp-json\/wp\/v2\/types\/post"}],"author":[{"embeddable":true,"href":"https:\/\/cgt-bfc.fr\/index.php\/wp-json\/wp\/v2\/users\/1"}],"replies":[{"embeddable":true,"href":"https:\/\/cgt-bfc.fr\/index.php\/wp-json\/wp\/v2\/comments?post=3022"}],"version-history":[{"count":8,"href":"https:\/\/cgt-bfc.fr\/index.php\/wp-json\/wp\/v2\/posts\/3022\/revisions"}],"predecessor-version":[{"id":3024,"href":"https:\/\/cgt-bfc.fr\/index.php\/wp-json\/wp\/v2\/posts\/3022\/revisions\/3024"}],"wp:featuredmedia":[{"embeddable":true,"href":"https:\/\/cgt-bfc.fr\/index.php\/wp-json\/wp\/v2\/media\/3041"}],"wp:attachment":[{"href":"https:\/\/cgt-bfc.fr\/index.php\/wp-json\/wp\/v2\/media?parent=3022"}],"wp:term":[{"taxonomy":"category","embeddable":true,"href":"https:\/\/cgt-bfc.fr\/index.php\/wp-json\/wp\/v2\/categories?post=3022"},{"taxonomy":"post_tag","embeddable":true,"href":"https:\/\/cgt-bfc.fr\/index.php\/wp-json\/wp\/v2\/tags?post=3022"}],"curies":[{"name":"wp","href":"https:\/\/api.w.org\/{rel}","templated":true}]}}