{"id":3619,"date":"2019-02-03T16:13:10","date_gmt":"2019-02-03T15:13:10","guid":{"rendered":"https:\/\/cgt-bfc.fr\/?p=3619"},"modified":"2019-06-18T08:56:35","modified_gmt":"2019-06-18T07:56:35","slug":"premiere-cap-de-lannee","status":"publish","type":"post","link":"https:\/\/cgt-bfc.fr\/index.php\/2019\/02\/03\/premiere-cap-de-lannee\/","title":{"rendered":"Premi\u00e8re CAP de l&rsquo;ann\u00e9e"},"content":{"rendered":"\n<p>Une premi\u00e8re CAP a eu lieux le 31 janvier \u00e0 Dijon.<\/p>\n\n\n\n<p>La mise en place du r\u00e8glement int\u00e9rieur, celui-ci bien travaill\u00e9 en amont par les RH fut une simple formalit\u00e9.<\/p>\n\n\n\n<p>Ensuite des dossiers mais toujours tr\u00e8s bien pr\u00e9par\u00e9s,\npens\u00e9s et r\u00e9dig\u00e9s au mieux pour les int\u00e9ress\u00e9s.<\/p>\n\n\n\n<p>Tr\u00e8s bon travail des RH, toute la foule n\u2019\u00e9tait pas en liesse \u2026cela viendra, c\u2019est le souhait \u00e0 formuler.<\/p>\n\n\n\n<ul class=\"wp-block-gallery columns-1 is-cropped wp-block-gallery-1 is-layout-flex wp-block-gallery-is-layout-flex\"><li class=\"blocks-gallery-item\"><figure><img loading=\"lazy\" decoding=\"async\" width=\"900\" height=\"232\" src=\"https:\/\/cgt-bfc.fr\/wp-content\/uploads\/2019\/02\/rh_liesse_rh.png\" alt=\"\" data-id=\"3627\" data-link=\"https:\/\/cgt-bfc.fr\/index.php\/2019\/02\/06\/premiere-cap-de-lannee\/rh_liesse_rh\/\" class=\"wp-image-3627\"\/><\/figure><\/li><\/ul>\n","protected":false},"excerpt":{"rendered":"<div class=\"mh-excerpt\"><p>Une premi\u00e8re CAP a eu lieux le 31 janvier \u00e0 Dijon. La mise en place du r\u00e8glement int\u00e9rieur, celui-ci bien travaill\u00e9 en amont par les <a class=\"mh-excerpt-more\" href=\"https:\/\/cgt-bfc.fr\/index.php\/2019\/02\/03\/premiere-cap-de-lannee\/\" title=\"Premi\u00e8re CAP de l&rsquo;ann\u00e9e\">[&#8230;]<\/a><\/p>\n<\/div>","protected":false},"author":1,"featured_media":3621,"comment_status":"open","ping_status":"open","sticky":false,"template":"","format":"standard","meta":{"_jetpack_memberships_contains_paid_content":false,"footnotes":""},"categories":[1,13,24],"tags":[],"class_list":["post-3619","post","type-post","status-publish","format-standard","has-post-thumbnail","hentry","category-actu","category-agents","category-commission-administrative-paritaire"],"jetpack_featured_media_url":"https:\/\/cgt-bfc.fr\/wp-content\/uploads\/2019\/02\/cap_2019.png","jetpack_sharing_enabled":true,"_links":{"self":[{"href":"https:\/\/cgt-bfc.fr\/index.php\/wp-json\/wp\/v2\/posts\/3619","targetHints":{"allow":["GET"]}}],"collection":[{"href":"https:\/\/cgt-bfc.fr\/index.php\/wp-json\/wp\/v2\/posts"}],"about":[{"href":"https:\/\/cgt-bfc.fr\/index.php\/wp-json\/wp\/v2\/types\/post"}],"author":[{"embeddable":true,"href":"https:\/\/cgt-bfc.fr\/index.php\/wp-json\/wp\/v2\/users\/1"}],"replies":[{"embeddable":true,"href":"https:\/\/cgt-bfc.fr\/index.php\/wp-json\/wp\/v2\/comments?post=3619"}],"version-history":[{"count":4,"href":"https:\/\/cgt-bfc.fr\/index.php\/wp-json\/wp\/v2\/posts\/3619\/revisions"}],"predecessor-version":[{"id":3628,"href":"https:\/\/cgt-bfc.fr\/index.php\/wp-json\/wp\/v2\/posts\/3619\/revisions\/3628"}],"wp:featuredmedia":[{"embeddable":true,"href":"https:\/\/cgt-bfc.fr\/index.php\/wp-json\/wp\/v2\/media\/3621"}],"wp:attachment":[{"href":"https:\/\/cgt-bfc.fr\/index.php\/wp-json\/wp\/v2\/media?parent=3619"}],"wp:term":[{"taxonomy":"category","embeddable":true,"href":"https:\/\/cgt-bfc.fr\/index.php\/wp-json\/wp\/v2\/categories?post=3619"},{"taxonomy":"post_tag","embeddable":true,"href":"https:\/\/cgt-bfc.fr\/index.php\/wp-json\/wp\/v2\/tags?post=3619"}],"curies":[{"name":"wp","href":"https:\/\/api.w.org\/{rel}","templated":true}]}}