{"id":3749,"date":"2019-03-20T18:34:34","date_gmt":"2019-03-20T17:34:34","guid":{"rendered":"https:\/\/cgt-bfc.fr\/?p=3749"},"modified":"2019-06-18T08:55:46","modified_gmt":"2019-06-18T07:55:46","slug":"3749","status":"publish","type":"post","link":"https:\/\/cgt-bfc.fr\/index.php\/2019\/03\/20\/3749\/","title":{"rendered":"Comit\u00e9 technique du 14 mars 2019"},"content":{"rendered":"\n<p>Le Comit\u00e9 technique du 14 mars 2019 s\u2019est \u00e9tir\u00e9 sur l\u2019apr\u00e8s\nmidi, gr\u00e2ce aux remerciements de certaines organisations syndicales \u00e0 l\u2019adresse\nde l\u2019administration et aux nombreuses interventions concernant les dossiers\npr\u00e9sent\u00e9s.<\/p>\n\n\n\n<p>La CGT a vot\u00e9 le protocole relatif aux conditions d\u2019exercice\ndu droit syndical.<\/p>\n\n\n\n<p>Quant au guide de la formation, la principale revendication\nde la CGT concerne la formation \u00e0 distance&nbsp;: peut-elle et doit-elle\ns\u2019effectuer sur le lieu de travail (l\u2019agent est-il pour son environnement direct\nr\u00e9ellement en formation&nbsp;?), mais quid des agents des lyc\u00e9es qui ne\ndisposent pas d\u2019un poste informatique individuel&nbsp; sur leur lieu de travail?<\/p>\n\n\n\n<div class=\"wp-block-image\"><figure class=\"aligncenter is-resized\"><img loading=\"lazy\" decoding=\"async\" src=\"https:\/\/cgt-bfc.fr\/wp-content\/uploads\/2019\/03\/formation_distance.png\" alt=\"\" class=\"wp-image-3753\" width=\"267\" height=\"154\"\/><\/figure><\/div>\n\n\n\n<p>La CGT a vot\u00e9 contre le protocole discriminatoire du\nt\u00e9l\u00e9travail&nbsp;: une \u00e9volution dans le sens des encadrants (possibilit\u00e9 de\ntravailler le mercredi), mais non applicable actuellement \u00e0 tous les agents.<\/p>\n\n\n\n<p>\n\n\n\n\n\n\n\n\n\n\n\n\n\n\n\n\nMise\nen place du ticket mobilit\u00e9&nbsp;: la CGT a rappel\u00e9 qu\u2019elle avait demand\u00e9 \u00e0 de\nnombreuses reprises l\u2019augmentation du pouvoir d\u2019achat. Ce dispositif applicable\n\u00e0 tous les salari\u00e9s et fonctionnaires de BFC ne convient pas en l\u2019\u00e9tat. Les\nconditions d\u2019obtention sont extr\u00eamement restrictives, la CGT a demand\u00e9 qu\u2019un\nbilan \u00e0 six mois soit r\u00e9alis\u00e9. La CGT s\u2019abstient en l\u2019\u00e9tat.\n\n\n\n<\/p>\n\n\n\n<figure class=\"wp-block-image\"><img loading=\"lazy\" decoding=\"async\" width=\"683\" height=\"157\" src=\"https:\/\/cgt-bfc.fr\/wp-content\/uploads\/2019\/03\/mobilite.png\" alt=\"\" class=\"wp-image-3756\" srcset=\"https:\/\/cgt-bfc.fr\/wp-content\/uploads\/2019\/03\/mobilite.png 683w, https:\/\/cgt-bfc.fr\/wp-content\/uploads\/2019\/03\/mobilite-678x157.png 678w\" sizes=\"auto, (max-width: 683px) 100vw, 683px\" \/><\/figure>\n\n\n\n<p>Concernant\nla d\u00e9marche ad\u00e9quation missions-moyens et propositions organisationnelles&nbsp;la\nCGT s\u2019est abstenue sur le volet ajustement d\u2019organisation (l\u2019administration\ncherche \u00e0 travers des pistes d\u2019externalisation \u00e0 contenir l\u2019augmentation de\nl\u2019effectif). <\/p>\n\n\n\n<p>Concernant\nles propositions de red\u00e9ploiement de postes et de cr\u00e9ation de postes, la CGT a\nvot\u00e9 pour.<\/p>\n\n\n\n<p><\/p>\n\n\n\n<p>Les questions de la CGT \u00e0 l\u2019administration lors de ce CT&nbsp;:<\/p>\n\n\n\n<ol class=\"wp-block-list\"><li>La CGT souhaitait conna\u00eetre le nombre d\u2019agents\nrest\u00e9s en d\u00e9tachement&nbsp;:<\/li><\/ol>\n\n\n\n<p>113 agents dont 64 dans l\u2019ex Bourgogne et\n49 pour l\u2019ex Franche-Comt\u00e9.<\/p>\n\n\n\n<ul class=\"wp-block-list\"><li>Suite \u00e0 la transmission pour v\u00e9rification par la\nDRH de certains emplois du temps \u00ab&nbsp;lyc\u00e9e&nbsp;\u00bb&nbsp;:<\/li><\/ul>\n\n\n\n<p>Les probl\u00e8mes semblent r\u00e9gl\u00e9s, si une\nsituation particuli\u00e8re \u00e9merge, la CGT contactera les RH en cas de difficult\u00e9s.<\/p>\n\n\n\n<ul class=\"wp-block-list\"><li>La CGT demande de passer le personnel d\u2019encadrement\ndes lyc\u00e9es en cat\u00e9gorie B&nbsp;:<\/li><\/ul>\n\n\n\n<p>D\u2019apr\u00e8s l\u2019administration le nombre de postes est limit\u00e9 (par le statut). La CGT demande \u00e0 ce que la r\u00e9ponse de Monsieur le Secr\u00e9taire d\u2019Etat aupr\u00e8s du Ministre de l\u2019action et des comptes, en date du 28 janvier 2019 \u00e0 un courrier du Secr\u00e9taire g\u00e9n\u00e9ral CGT Services publics, publics soit rajout\u00e9e au PV.<\/p>\n\n\n\n<ul class=\"wp-block-list\"><li>La CGT a r\u00e9it\u00e9r\u00e9 ses demandes du 17 janvier 2019&nbsp;:<\/li><\/ul>\n\n\n\n<p>Il n\u2019est pas possible de redonner du\npouvoir d\u2019achat aux agents. (La Pr\u00e9sidente a bien entendu les cris de la rue\nmais pas ceux de ses agents).<\/p>\n\n\n\n<p>La part employeur \u00e9tant limit\u00e9 \u00e0 5,52\u20ac, le\nch\u00e8que d\u00e9jeuner ne peut \u00eatre revaloris\u00e9 que par l\u2019augmentation de la part de\nl\u2019agent. <\/p>\n\n\n\n<ul class=\"wp-block-list\"><li>La CGT questionne l\u2019administration concernant un\n\u00e9ventuel plan \u00ab&nbsp;Lyc\u00e9e bis&nbsp;\u00bb&nbsp;:<\/li><\/ul>\n\n\n\n<p>Il nous a \u00e9t\u00e9 r\u00e9pondu qu\u2019il n\u2019y a pas de\nplan \u00ab&nbsp;Lyc\u00e9e bis&nbsp;\u00bb mais que l\u2019administration se doit de pr\u00e9venir la\nbaisse d\u00e9mographique des \u00e9l\u00e8ves. La CGT a interrog\u00e9 l\u2019administration sur le\ndevenir des personnels des \u00e9tablissements regroup\u00e9s, sans obtenir une r\u00e9ponse\nclaire.<\/p>\n\n\n\n<ul class=\"wp-block-list\"><li>Concernant le renforcement p\u00e9renne des\ndirections en souffrance, il nous a \u00e9t\u00e9 confirm\u00e9 la cr\u00e9ation de 30 postes\nbudg\u00e9taires et le red\u00e9ploiement de 8 autres postes, toutefois, la CGT a soulev\u00e9\nle probl\u00e8me de l\u2019externalisation envisag\u00e9e par l\u2019administration dans sa \u00ab&nbsp;d\u00e9marche\nad\u00e9quation missions-moyens et propositions organisationnelles&nbsp;\u00bb. Il y a l\u00e0\nun risque certain pour l\u2019emploi public et sa neutralit\u00e9.<\/li><li>Concernant la campagne d\u2019\u00e9valuation 2019&nbsp;:<\/li><\/ul>\n\n\n\n<p>Elle s\u2019est d\u00e9roul\u00e9e sans probl\u00e8me majeur, 80%\nde notifications pour le si\u00e8ge et 70% pour les lyc\u00e9es.<\/p>\n\n\n\n<ul class=\"wp-block-list\"><li>La CGT a encore une fois constat\u00e9 que <strong>les organisations syndicales sont mises devant le fait accompli concernant la signature d\u2019un protocole entre l\u2019Education nationale et la R\u00e9gion <\/strong>s\u2019agissant de la mise en place du<a href=\"https:\/\/www.gouvernement.fr\/service-national-universel-les-candidatures-sont-ouvertes\" target=\"_blank\" rel=\"noreferrer noopener\" aria-label=\" service national universel (s\u2019ouvre dans un nouvel onglet)\"> service national universel<\/a> dans les \u00e9tablissements scolaires de la collectivit\u00e9&nbsp;: <\/li><\/ul>\n\n\n\n<div class=\"wp-block-image\"><figure class=\"aligncenter is-resized\"><img loading=\"lazy\" decoding=\"async\" src=\"https:\/\/cgt-bfc.fr\/wp-content\/uploads\/2019\/03\/snu.png\" alt=\"\" class=\"wp-image-3764\" width=\"405\" height=\"181\"\/><\/figure><\/div>\n\n\n\n<p>La R\u00e9gion \u00ab&nbsp;a act\u00e9e&nbsp;\u00bb le principe mais ne conna\u00eet pas les modalit\u00e9s de financement, elle est en attente de r\u00e9ponses du Minist\u00e8re de l\u2019Education Nationale.<\/p>\n\n\n\n<p><\/p>\n\n\n\n<p><\/p>\n","protected":false},"excerpt":{"rendered":"<div class=\"mh-excerpt\"><p>Le Comit\u00e9 technique du 14 mars 2019 s\u2019est \u00e9tir\u00e9 sur l\u2019apr\u00e8s midi, gr\u00e2ce aux remerciements de certaines organisations syndicales \u00e0 l\u2019adresse de l\u2019administration et aux <a class=\"mh-excerpt-more\" href=\"https:\/\/cgt-bfc.fr\/index.php\/2019\/03\/20\/3749\/\" title=\"Comit\u00e9 technique du 14 mars 2019\">[&#8230;]<\/a><\/p>\n<\/div>","protected":false},"author":1,"featured_media":3762,"comment_status":"open","ping_status":"open","sticky":false,"template":"","format":"standard","meta":{"_jetpack_memberships_contains_paid_content":false,"footnotes":""},"categories":[1,21,13,22,23],"tags":[],"class_list":["post-3749","post","type-post","status-publish","format-standard","has-post-thumbnail","hentry","category-actu","category-agent-du-siege","category-agents","category-agents-des-lycees","category-comite-technique-paritaire"],"jetpack_featured_media_url":"https:\/\/cgt-bfc.fr\/wp-content\/uploads\/2019\/03\/ct_19_03.png","jetpack_sharing_enabled":true,"_links":{"self":[{"href":"https:\/\/cgt-bfc.fr\/index.php\/wp-json\/wp\/v2\/posts\/3749","targetHints":{"allow":["GET"]}}],"collection":[{"href":"https:\/\/cgt-bfc.fr\/index.php\/wp-json\/wp\/v2\/posts"}],"about":[{"href":"https:\/\/cgt-bfc.fr\/index.php\/wp-json\/wp\/v2\/types\/post"}],"author":[{"embeddable":true,"href":"https:\/\/cgt-bfc.fr\/index.php\/wp-json\/wp\/v2\/users\/1"}],"replies":[{"embeddable":true,"href":"https:\/\/cgt-bfc.fr\/index.php\/wp-json\/wp\/v2\/comments?post=3749"}],"version-history":[{"count":19,"href":"https:\/\/cgt-bfc.fr\/index.php\/wp-json\/wp\/v2\/posts\/3749\/revisions"}],"predecessor-version":[{"id":3777,"href":"https:\/\/cgt-bfc.fr\/index.php\/wp-json\/wp\/v2\/posts\/3749\/revisions\/3777"}],"wp:featuredmedia":[{"embeddable":true,"href":"https:\/\/cgt-bfc.fr\/index.php\/wp-json\/wp\/v2\/media\/3762"}],"wp:attachment":[{"href":"https:\/\/cgt-bfc.fr\/index.php\/wp-json\/wp\/v2\/media?parent=3749"}],"wp:term":[{"taxonomy":"category","embeddable":true,"href":"https:\/\/cgt-bfc.fr\/index.php\/wp-json\/wp\/v2\/categories?post=3749"},{"taxonomy":"post_tag","embeddable":true,"href":"https:\/\/cgt-bfc.fr\/index.php\/wp-json\/wp\/v2\/tags?post=3749"}],"curies":[{"name":"wp","href":"https:\/\/api.w.org\/{rel}","templated":true}]}}